{"id":20050,"date":"2023-11-06T00:47:49","date_gmt":"2023-11-06T06:47:49","guid":{"rendered":"https:\/\/noticiasveracruz.com\/?p=20050"},"modified":"2023-11-06T00:47:49","modified_gmt":"2023-11-06T06:47:49","slug":"yunes-vs-yunes-el-abrazo-de-acatempan-tercera-version","status":"publish","type":"post","link":"https:\/\/noticiasveracruz.com\/index.php\/2023\/11\/06\/yunes-vs-yunes-el-abrazo-de-acatempan-tercera-version\/","title":{"rendered":"Yunes vs Yunes \u2013 El abrazo de Acatempan, tercera versi\u00f3n"},"content":{"rendered":"<p><span style=\"font-size: 14pt;\"><strong>Por: Luis Ram\u00edrez Baqueiro<\/strong><\/span><\/p>\n<p><span style=\"font-size: 12pt;\"><em>\u201cA algunos hombres los disfraces no los disfrazan, sino los revelan. Cada uno se disfraza de aquello que es por dentro.\u201d \u2013 Gilbert Keith Chesterton.<\/em><\/span><\/p>\n<p><span style=\"font-size: 14pt;\">\u00a0La pol\u00edtica en M\u00e9xico y el mundo ha evolucionado con el paso del tiempo. Pasamos de visiones opuestas, hasta los tiempos de las construcciones de las grandes coaliciones, siempre bajo el precepto de encontrar un punto de acuerdo, claro en bien, del bien superior \u2013que, entre comillas, ser\u00eda M\u00e9xico o Veracruz, si lo tropicalizamos-.<\/span><\/p>\n<p><span style=\"font-size: 14pt;\">Lamentablemente la sociedad mexicana \u2013incluyendo a sus pol\u00edticos- han sufrido una involuci\u00f3n, que tan solo nos hace recordar la generaci\u00f3n de pol\u00edticos que llegaron con el Gobierno de Fidel Herrera Beltr\u00e1n, en donde el conformarse con cargar la maleta, y el conseguir un puesto medio para sobrevivir honrosamente qued\u00f3 de lado.<\/span><\/p>\n<p><span style=\"font-size: 14pt;\">Pasamos a enterarnos de los grandes saqueos, los robos, al por mayor, en donde el que no acumular\u00e1 una cifra superior a los siete ceros, era un pobre pol\u00edtico, vamos un \u201cjodido\u201d.<\/span><\/p>\n<p><span style=\"font-size: 14pt;\">Traigo esto a colaci\u00f3n, porque hoy en el Partido Revolucionario Institucional (PRI), que en teor\u00eda contaba con la mayor cantidad de elementos formativos para generar cuadros pol\u00edticos verdaderamente preparados y con grandes posibilidades de realizar brillantes carreras pol\u00edticas, existe un dilema, postular a un Yunes o a otro Yunes, no hay m\u00e1s.<\/span><\/p>\n<p><span style=\"font-size: 14pt;\">Y no digo que los personajes en comento no sean hombres preparados o cuadros destacados con amplias carreras dentro del mismo, sino que el PRI perdi\u00f3 su esencia, su dogma, su conexi\u00f3n con la realidad nacional, dando paso a la postulaci\u00f3n de una casta dorada, olvid\u00e1ndose del fondo real de la pol\u00edtica nacional.<\/span><\/p>\n<p><span style=\"font-size: 14pt;\">El reciente Abrazo de Acatempan entre H\u00e9ctor Yunes Landa y Jos\u00e9 Francisco Yunes Zorrilla \u2013por tercera ocasi\u00f3n- abre el tema para el debate.<\/span><\/p>\n<p><span style=\"font-size: 14pt;\">Desde 2015 a la fecha, en el PRI al menos el veracruzano, no hay m\u00e1s que dos sopas. O postulan a la gubernatura a H\u00e9ctor o Pepe, aun cuando ambos personajes, hayan abierto frentes para sus posibles postulaciones por otros institutos pol\u00edticos, ll\u00e1mese Movimiento Ciudadano (MC).<\/span><\/p>\n<p><span style=\"font-size: 14pt;\">Ese acto por s\u00ed mismo, ser\u00eda raz\u00f3n suficiente para su expulsi\u00f3n inmediata del PRI, pero en esa involuci\u00f3n social de la que no est\u00e1 exenta la pol\u00edtica, pues a los ojos de quienes hoy la ejercen no est\u00e1 mal.<\/span><\/p>\n<p><span style=\"font-size: 14pt;\">Hoy se juran al menos tres cosas, al menos as\u00ed lo expres\u00f3 H\u00e9ctor Yunes Landa en su cuenta de \u201cX\u201d antes Twitter. <a href=\"https:\/\/twitter.com\/HectorYunes\/status\/1721258257136689278\">https:\/\/twitter.com\/HectorYunes\/status\/1721258257136689278<\/a><\/span><\/p>\n<ol>\n<li><span style=\"font-size: 14pt;\">La candidatura a la gubernatura no est\u00e1 definida en favor de ning\u00fan aspirante.<\/span><\/li>\n<li><span style=\"font-size: 14pt;\">Que no hay fecha definida para la nominaci\u00f3n y,<\/span><\/li>\n<li><span style=\"font-size: 14pt;\">Que sea una empresa encuestadora que garantice imparcialidad la que defina la propuesta del PRI al FAM para la candidatura al gobierno del estado.<\/span><\/li>\n<\/ol>\n<p><span style=\"font-size: 14pt;\">Es sinceramente de estudio, reflexionar sobre este pacto.<\/span><\/p>\n<p><span style=\"font-size: 14pt;\">Primero, basado en que puede la sociedad civil desencantada con el actual r\u00e9gimen morenista pensar que estos dos actores pol\u00edticos, habr\u00e1n de mantener la \u201cunidad\u201d, la \u201ccohesi\u00f3n\u201d y un proyecto com\u00fan, cuando en dos intentos anteriores, en el que participaron ambos a las cabezas de esos dos intentos cada uno en su momento, solo existieron deslealtades y simulaciones.<\/span><\/p>\n<p><span style=\"font-size: 14pt;\">Los resultados en ambos casos lo avalan.<\/span><\/p>\n<p><span style=\"font-size: 14pt;\">Ahora, en un tercer intento, ambos personajes, vuelven al mismo punto de partida, lo que nos lleva a cuestionarnos.<\/span><\/p>\n<p><span style=\"font-size: 14pt;\">Segundo, es su aspiraci\u00f3n verdadera por el bien de Veracruz y sus ciudadanos, o es m\u00e1s bien buscar a como d\u00e9 lugar un espacio pol\u00edtico para la manutenci\u00f3n y subsistencia de un par de grupos pol\u00edticos, con lo que se mantengan vigentes, en aras de construir negocios de car\u00e1cter personal o de grupo.<\/span><\/p>\n<p><span style=\"font-size: 14pt;\">Es nos lleva a un tercer punto, suponiendo sin conceder que, por el tema de paridad, los partidos en su conjunto se vean obligados a postular a una mujer por mandato del propio Instituto Nacional Electoral (INE), estar\u00edan en la empat\u00eda de poder apoyar y respaldar ese proyecto, en el af\u00e1n de verdaderamente arrebatarle el poder al actual r\u00e9gimen, o simplemente, se volver\u00e1 a la simulaci\u00f3n que se traduzca en deslealtades y traiciones.<\/span><\/p>\n<p><span style=\"font-size: 14pt;\">Es pregunta se\u00f1ores.<\/span><\/p>\n<p><span style=\"font-size: 14pt;\">Un veracruzano conocedor de la pol\u00edtica nacional, calificado como el \u00faltimo gran ide\u00f3logo del priismo nacional, Jes\u00fas Reyes Heroles, tuvo entre sus grandes aportaciones, algunos aforismos interesantes, que los dej\u00f3 para la reflexi\u00f3n profunda.<\/span><\/p>\n<p><span style=\"font-size: 14pt;\">\u201cEn pol\u00edtica siempre se elige entre inconvenientes\u201d; \u201cEn pol\u00edtica lo importante es convencer, persuadir\u201d; \u201cNo creo en los que dicen no tener ambiciones\u201d; \u201cSeremos inflexibles en la defensa de las ideas, pero respetuosos en las formas, pues en pol\u00edtica, frecuentemente, la forma es fondo\u201d; \u201cLa urbanidad en las relaciones pol\u00edticas es requisito para la convivencia pol\u00edtica\u201d y por \u00faltimo \u201cEs m\u00e1s f\u00e1cil ser dogm\u00e1tico que negociador, ser intolerante que tolerante, es m\u00e1s f\u00e1cil dividir que juntar\u201d.<\/span><\/p>\n<p><span style=\"font-size: 14pt;\">Y ustedes queridos lectores \u00bfqu\u00e9 opinan?<\/span><\/p>\n<p><span style=\"font-size: 14pt;\">\u00a0Al tiempo.<\/span><\/p>\n<p><img loading=\"lazy\" decoding=\"async\" class=\"alignnone wp-image-20051 size-full\" src=\"http:\/\/noticiasveracruz.com\/wp-content\/uploads\/2023\/11\/FIRMA-EDITORIAL-PD.jpg\" alt=\"\" width=\"1024\" height=\"125\" srcset=\"https:\/\/noticiasveracruz.com\/wp-content\/uploads\/2023\/11\/FIRMA-EDITORIAL-PD.jpg 1024w, https:\/\/noticiasveracruz.com\/wp-content\/uploads\/2023\/11\/FIRMA-EDITORIAL-PD-300x37.jpg 300w, https:\/\/noticiasveracruz.com\/wp-content\/uploads\/2023\/11\/FIRMA-EDITORIAL-PD-768x94.jpg 768w\" sizes=\"auto, (max-width: 1024px) 100vw, 1024px\" \/><\/p>\n","protected":false},"excerpt":{"rendered":"<p>Por: Luis Ram\u00edrez Baqueiro \u201cA algunos hombres los disfraces no los disfrazan, sino los revelan. Cada uno se disfraza de<\/p>\n","protected":false},"author":4,"featured_media":3572,"comment_status":"closed","ping_status":"closed","sticky":false,"template":"","format":"standard","meta":{"colormag_page_container_layout":"default_layout","colormag_page_sidebar_layout":"default_layout","_jetpack_memberships_contains_paid_content":false,"footnotes":"","jetpack_publicize_message":"","jetpack_publicize_feature_enabled":true,"jetpack_social_post_already_shared":true,"jetpack_social_options":{"image_generator_settings":{"template":"highway","default_image_id":0,"font":"","enabled":false},"version":2}},"categories":[6],"tags":[],"class_list":["post-20050","post","type-post","status-publish","format-standard","has-post-thumbnail","hentry","category-columnistas"],"jetpack_publicize_connections":[],"jetpack_featured_media_url":"https:\/\/noticiasveracruz.com\/wp-content\/uploads\/2022\/04\/LUIS-RAMI\u0301REZ-BAQUEIRO.png","jetpack_sharing_enabled":true,"publishpress_future_action":{"enabled":false,"date":"2026-05-07 06:51:44","action":"change-status","newStatus":"draft","terms":[],"taxonomy":"category","extraData":[]},"publishpress_future_workflow_manual_trigger":{"enabledWorkflows":[]},"_links":{"self":[{"href":"https:\/\/noticiasveracruz.com\/index.php\/wp-json\/wp\/v2\/posts\/20050","targetHints":{"allow":["GET"]}}],"collection":[{"href":"https:\/\/noticiasveracruz.com\/index.php\/wp-json\/wp\/v2\/posts"}],"about":[{"href":"https:\/\/noticiasveracruz.com\/index.php\/wp-json\/wp\/v2\/types\/post"}],"author":[{"embeddable":true,"href":"https:\/\/noticiasveracruz.com\/index.php\/wp-json\/wp\/v2\/users\/4"}],"replies":[{"embeddable":true,"href":"https:\/\/noticiasveracruz.com\/index.php\/wp-json\/wp\/v2\/comments?post=20050"}],"version-history":[{"count":0,"href":"https:\/\/noticiasveracruz.com\/index.php\/wp-json\/wp\/v2\/posts\/20050\/revisions"}],"wp:featuredmedia":[{"embeddable":true,"href":"https:\/\/noticiasveracruz.com\/index.php\/wp-json\/wp\/v2\/media\/3572"}],"wp:attachment":[{"href":"https:\/\/noticiasveracruz.com\/index.php\/wp-json\/wp\/v2\/media?parent=20050"}],"wp:term":[{"taxonomy":"category","embeddable":true,"href":"https:\/\/noticiasveracruz.com\/index.php\/wp-json\/wp\/v2\/categories?post=20050"},{"taxonomy":"post_tag","embeddable":true,"href":"https:\/\/noticiasveracruz.com\/index.php\/wp-json\/wp\/v2\/tags?post=20050"}],"curies":[{"name":"wp","href":"https:\/\/api.w.org\/{rel}","templated":true}]}}