{"id":20037,"date":"2023-11-04T13:59:09","date_gmt":"2023-11-04T19:59:09","guid":{"rendered":"https:\/\/noticiasveracruz.com\/?p=20037"},"modified":"2023-11-04T13:59:09","modified_gmt":"2023-11-04T19:59:09","slug":"salinas-pliego-esta-enojado-por-impuestos-amlo","status":"publish","type":"post","link":"https:\/\/noticiasveracruz.com\/index.php\/2023\/11\/04\/salinas-pliego-esta-enojado-por-impuestos-amlo\/","title":{"rendered":"Salinas Pliego est\u00e1 enojado por impuestos: AMLO"},"content":{"rendered":"<p><span style=\"font-size: 14pt;\">El presidente Andr\u00e9s Manuel L\u00f3pez Obrador opin\u00f3 ayer que Ricardo Salinas Pliego, due\u00f1o de Tv Azteca, est\u00e1 enojado porque no le condon\u00f3 el pago de 25 mil millones de pesos que adeuda en impuestos y que por ello utiliza a su televisora para difundir una <q>campa\u00f1a hablando de la incapacidad del gobierno<\/q> para atender a la poblaci\u00f3n damnificada por el hurac\u00e1n <em>Otis<\/em> en Guerrero.<\/span><\/p>\n<p><span style=\"font-size: 14pt;\">Al hacer un llamado en su conferencia matutina para que los tribunales resuelvan pronto el diferendo que hay entre las autoridades fiscales y Salinas Pliego, consider\u00f3 que <q>esto ha generado malestar en Ricardo. Lo entiendo. No voy a ponerme a pelear con \u00e9l, que es cosa de comprender cu\u00e1l es mi situaci\u00f3n: no me puedo quedar callado, ser omiso, mucho menos c\u00f3mplice<\/q>, expres\u00f3, y se\u00f1al\u00f3 que si el empresario <q>sabe algo de que he robado, que lo d\u00e9 a conocer y lo pruebe<\/q>.<\/span><\/p>\n<p><span style=\"font-size: 14pt;\">A la televisora <q>no es que les preocupe, lo digo sinceramente, la situaci\u00f3n de la gente damnificada de Acapulco, sino que tienen problemas con nosotros y ni siquiera es (Javier) Alatorre, es Ricardo Salinas el que tiene diferencias con nosotros<\/q>, se\u00f1al\u00f3 el mandatario.<\/span><\/p>\n<p><span style=\"font-size: 14pt;\"><q>Por eso el enojo, a eso lo atribuyo, puedo estar equivocado, pero hay una campa\u00f1a hablando de la incapacidad del gobierno y abriendo el micr\u00f3fono para que me mienten la madre los que son entrevistados. Pues la verdad, ayer me acord\u00e9 bastante de Manuelita, mi amor, mi madre, que era muy buena como todas las mam\u00e1s y est\u00e1 en el cielo, y ella no est\u00e1 padeciendo, sufriendo por eso<\/q>, expuso el jefe del Ejecutivo.<\/span><\/p>\n<p><img loading=\"lazy\" decoding=\"async\" class=\"alignnone size-medium wp-image-20038\" src=\"http:\/\/noticiasveracruz.com\/wp-content\/uploads\/2023\/11\/biografia-fortuna-ricardo-salinas-pliego-300x203.jpg\" alt=\"\" width=\"300\" height=\"203\" srcset=\"https:\/\/noticiasveracruz.com\/wp-content\/uploads\/2023\/11\/biografia-fortuna-ricardo-salinas-pliego-300x203.jpg 300w, https:\/\/noticiasveracruz.com\/wp-content\/uploads\/2023\/11\/biografia-fortuna-ricardo-salinas-pliego-1024x693.jpg 1024w, https:\/\/noticiasveracruz.com\/wp-content\/uploads\/2023\/11\/biografia-fortuna-ricardo-salinas-pliego-768x520.jpg 768w, https:\/\/noticiasveracruz.com\/wp-content\/uploads\/2023\/11\/biografia-fortuna-ricardo-salinas-pliego.jpg 1200w\" sizes=\"auto, (max-width: 300px) 100vw, 300px\" \/><\/p>\n<p><span style=\"font-size: 14pt;\">Dijo que se ha reunido con Salinas Pliego quien le ha planteado el caso, a lo que el mandatario respondi\u00f3 en su momento que se hiciera una revisi\u00f3n y que el empresario pague los impuestos correspondientes, <q>porque no podemos condonarlos a nadie, todo eso es dinero del pueblo, va a la hacienda p\u00fablica, el presupuesto es dinero de la gente<\/q>.<\/span><\/p>\n<p><span style=\"font-size: 14pt;\">Asegur\u00f3 que el expediente de los adeudos tributarios de Salinas Pliego <q>est\u00e1 en los tribunales y no creo que tarden tanto en resolverlo. Y no estoy pidiendo que resuelvan a favor, aunque vamos a defender siempre la legalidad, porque es la autoridad competente<\/q>.<\/span><\/p>\n<p><span style=\"font-size: 14pt;\">Cuestionado sobre si considera a Salinas Pliego como su amigo, el Presidente dijo: <q>S\u00ed, pero esto no es asunto de amistad, ni de familia. Por encima de los intereses personales est\u00e1 el inter\u00e9s general, est\u00e1 el inter\u00e9s del pueblo, est\u00e1 el inter\u00e9s de la naci\u00f3n<\/q>.<\/span><\/p>\n<p><span style=\"font-size: 14pt;\">L\u00f3pez Obrador insisti\u00f3 que su gobierno no impedir\u00e1 que Interjet vuelva a operar siempre y cuando llegue a un acuerdo con sus trabajadores y pague los impuestos que debe.<\/span><\/p>\n<p><span style=\"font-size: 14pt;\">Sobre el litigio por el que se busca revocar la concesi\u00f3n del Viaducto Bicentenario a Ale\u00e1tica (antes OHL), el tabasque\u00f1o expres\u00f3 que su administraci\u00f3n esperar\u00e1 a que haya una sentencia firme y que si hay un mandato definitivo del Poder Judicial, ser\u00eda Caminos y Puentes Federales la instancia que operar\u00eda la v\u00eda.<\/span><\/p>\n","protected":false},"excerpt":{"rendered":"<p>El presidente Andr\u00e9s Manuel L\u00f3pez Obrador opin\u00f3 ayer que Ricardo Salinas Pliego, due\u00f1o de Tv Azteca, est\u00e1 enojado porque no<\/p>\n","protected":false},"author":4,"featured_media":20039,"comment_status":"closed","ping_status":"closed","sticky":false,"template":"","format":"standard","meta":{"colormag_page_container_layout":"default_layout","colormag_page_sidebar_layout":"default_layout","_jetpack_memberships_contains_paid_content":false,"footnotes":"","jetpack_publicize_message":"","jetpack_publicize_feature_enabled":true,"jetpack_social_post_already_shared":true,"jetpack_social_options":{"image_generator_settings":{"template":"highway","default_image_id":0,"font":"","enabled":false},"version":2}},"categories":[1947],"tags":[],"class_list":["post-20037","post","type-post","status-publish","format-standard","has-post-thumbnail","hentry","category-economia"],"jetpack_publicize_connections":[],"jetpack_featured_media_url":"https:\/\/noticiasveracruz.com\/wp-content\/uploads\/2023\/11\/tv-azteca.jpg","jetpack_sharing_enabled":true,"publishpress_future_action":{"enabled":false,"date":"2026-05-07 02:21:46","action":"change-status","newStatus":"draft","terms":[],"taxonomy":"category","extraData":[]},"publishpress_future_workflow_manual_trigger":{"enabledWorkflows":[]},"_links":{"self":[{"href":"https:\/\/noticiasveracruz.com\/index.php\/wp-json\/wp\/v2\/posts\/20037","targetHints":{"allow":["GET"]}}],"collection":[{"href":"https:\/\/noticiasveracruz.com\/index.php\/wp-json\/wp\/v2\/posts"}],"about":[{"href":"https:\/\/noticiasveracruz.com\/index.php\/wp-json\/wp\/v2\/types\/post"}],"author":[{"embeddable":true,"href":"https:\/\/noticiasveracruz.com\/index.php\/wp-json\/wp\/v2\/users\/4"}],"replies":[{"embeddable":true,"href":"https:\/\/noticiasveracruz.com\/index.php\/wp-json\/wp\/v2\/comments?post=20037"}],"version-history":[{"count":0,"href":"https:\/\/noticiasveracruz.com\/index.php\/wp-json\/wp\/v2\/posts\/20037\/revisions"}],"wp:featuredmedia":[{"embeddable":true,"href":"https:\/\/noticiasveracruz.com\/index.php\/wp-json\/wp\/v2\/media\/20039"}],"wp:attachment":[{"href":"https:\/\/noticiasveracruz.com\/index.php\/wp-json\/wp\/v2\/media?parent=20037"}],"wp:term":[{"taxonomy":"category","embeddable":true,"href":"https:\/\/noticiasveracruz.com\/index.php\/wp-json\/wp\/v2\/categories?post=20037"},{"taxonomy":"post_tag","embeddable":true,"href":"https:\/\/noticiasveracruz.com\/index.php\/wp-json\/wp\/v2\/tags?post=20037"}],"curies":[{"name":"wp","href":"https:\/\/api.w.org\/{rel}","templated":true}]}}