{"id":20034,"date":"2023-11-04T13:54:35","date_gmt":"2023-11-04T19:54:35","guid":{"rendered":"https:\/\/noticiasveracruz.com\/?p=20034"},"modified":"2023-11-04T13:54:35","modified_gmt":"2023-11-04T19:54:35","slug":"aicm-y-aifa-reanudan-vuelos-tras-suspension-por-niebla","status":"publish","type":"post","link":"https:\/\/noticiasveracruz.com\/index.php\/2023\/11\/04\/aicm-y-aifa-reanudan-vuelos-tras-suspension-por-niebla\/","title":{"rendered":"AICM y AIFA reanudan vuelos tras suspensi\u00f3n por niebla"},"content":{"rendered":"<p><span style=\"font-size: 14pt;\">Esta ma\u00f1ana tanto el Aeropuerto Internacional de la Ciudad de M\u00e9xico (AICM) como el de Felipe \u00c1ngeles (AIFA) suspendieron operaciones de manera temporal por condiciones clim\u00e1ticas adversas a causa de un banco de niebla.<\/span><\/p>\n<p><span style=\"font-size: 14pt;\">La suspensi\u00f3n se dio a las 06:05 de la ma\u00f1ana, y poco antes de las 9:30 se reanudaron las operaciones, seg\u00fan inform\u00f3 a los viajeros la aerol\u00ednea Viva Aerobus, aunque ambas terminales a\u00e9reas no han emitido alg\u00fan reporte.<\/span><\/p>\n<p><span style=\"font-size: 14pt;\">En redes sociales, Viva Aerobus expuso que a las 06:05 horas de hoy se suspendieron moment\u00e1neamente las operaciones, hasta que se disipara el banco de niebla.<\/span><\/p>\n<p><span style=\"font-size: 14pt;\">\u201cEstaremos compartiendo las actualizaciones de este cierre temporal, as\u00ed como las posibles afectaciones a vuelos que esta situaci\u00f3n pudiera ocasionar\u201d, expuso.<\/span><\/p>\n<p><span style=\"font-size: 14pt;\">Record\u00f3 a sus clientes que este tipo de situaciones tiene efectos en vuelos a otros destinos por las rutas y conexiones que las aeronaves afectadas cubren diariamente. Les pidi\u00f3 estar atentos \u201cpara conocer cualquier cambio en tu itinerario de vuelo\u201d.<\/span><\/p>\n<p><span style=\"font-size: 14pt;\">En tanto, a las 9:27 horas inform\u00f3 que se confirmaron las condiciones clim\u00e1ticas favorables para retornar todas las operaciones.<\/span><\/p>\n","protected":false},"excerpt":{"rendered":"<p>Esta ma\u00f1ana tanto el Aeropuerto Internacional de la Ciudad de M\u00e9xico (AICM) como el de Felipe \u00c1ngeles (AIFA) suspendieron operaciones<\/p>\n","protected":false},"author":4,"featured_media":20035,"comment_status":"closed","ping_status":"closed","sticky":false,"template":"","format":"standard","meta":{"colormag_page_container_layout":"default_layout","colormag_page_sidebar_layout":"default_layout","_jetpack_memberships_contains_paid_content":false,"footnotes":"","jetpack_publicize_message":"","jetpack_publicize_feature_enabled":true,"jetpack_social_post_already_shared":true,"jetpack_social_options":{"image_generator_settings":{"template":"highway","default_image_id":0,"font":"","enabled":false},"version":2}},"categories":[4],"tags":[],"class_list":["post-20034","post","type-post","status-publish","format-standard","has-post-thumbnail","hentry","category-nacional"],"jetpack_publicize_connections":[],"jetpack_featured_media_url":"https:\/\/noticiasveracruz.com\/wp-content\/uploads\/2023\/11\/Profeco-atiende-pasajeros-con-cancelaciones-de-vuelos.jpg","jetpack_sharing_enabled":true,"publishpress_future_action":{"enabled":false,"date":"2026-05-07 01:30:30","action":"change-status","newStatus":"draft","terms":[],"taxonomy":"category","extraData":[]},"publishpress_future_workflow_manual_trigger":{"enabledWorkflows":[]},"_links":{"self":[{"href":"https:\/\/noticiasveracruz.com\/index.php\/wp-json\/wp\/v2\/posts\/20034","targetHints":{"allow":["GET"]}}],"collection":[{"href":"https:\/\/noticiasveracruz.com\/index.php\/wp-json\/wp\/v2\/posts"}],"about":[{"href":"https:\/\/noticiasveracruz.com\/index.php\/wp-json\/wp\/v2\/types\/post"}],"author":[{"embeddable":true,"href":"https:\/\/noticiasveracruz.com\/index.php\/wp-json\/wp\/v2\/users\/4"}],"replies":[{"embeddable":true,"href":"https:\/\/noticiasveracruz.com\/index.php\/wp-json\/wp\/v2\/comments?post=20034"}],"version-history":[{"count":0,"href":"https:\/\/noticiasveracruz.com\/index.php\/wp-json\/wp\/v2\/posts\/20034\/revisions"}],"wp:featuredmedia":[{"embeddable":true,"href":"https:\/\/noticiasveracruz.com\/index.php\/wp-json\/wp\/v2\/media\/20035"}],"wp:attachment":[{"href":"https:\/\/noticiasveracruz.com\/index.php\/wp-json\/wp\/v2\/media?parent=20034"}],"wp:term":[{"taxonomy":"category","embeddable":true,"href":"https:\/\/noticiasveracruz.com\/index.php\/wp-json\/wp\/v2\/categories?post=20034"},{"taxonomy":"post_tag","embeddable":true,"href":"https:\/\/noticiasveracruz.com\/index.php\/wp-json\/wp\/v2\/tags?post=20034"}],"curies":[{"name":"wp","href":"https:\/\/api.w.org\/{rel}","templated":true}]}}