{"id":20023,"date":"2023-11-03T18:01:41","date_gmt":"2023-11-04T00:01:41","guid":{"rendered":"https:\/\/noticiasveracruz.com\/?p=20023"},"modified":"2023-11-03T18:01:41","modified_gmt":"2023-11-04T00:01:41","slug":"unam-descarta-plagio-en-las-tesis-de-sheinbaum-y-galvez","status":"publish","type":"post","link":"https:\/\/noticiasveracruz.com\/index.php\/2023\/11\/03\/unam-descarta-plagio-en-las-tesis-de-sheinbaum-y-galvez\/","title":{"rendered":"UNAM descarta plagio en las tesis de Sheinbaum y G\u00e1lvez"},"content":{"rendered":"<p><span style=\"font-size: 14pt;\">La Universidad Nacional Aut\u00f3noma de M\u00e9xico (UNAM) inform\u00f3 que, tras analizar las tesis o informes profesionales elaborados por Claudia Sheinbaum y X\u00f3chitl G\u00e1lvez \u2013quienes se perfilan como candidatas a la Presidencia de la Rep\u00fablica&#8211;, no fueron encontrados elementos que comprueben la comisi\u00f3n de un posible plagio acad\u00e9mico.<\/span><\/p>\n<p class=\"western\"><span style=\"font-size: 14pt;\">En un comunicado, la casa de estudios se\u00f1al\u00f3 que \u201cen d\u00edas recientes, el presidente del Consejo T\u00e9cnico de la Facultad de Ingenier\u00eda hizo entrega del dictamen en torno al informe profesional presentado en su momento por la ingeniera Bertha X\u00f3chitl G\u00e1lvez Ruiz, el cual concluye que se trata de un trabajo original que cumple con las finalidades de la modalidad de titulaci\u00f3n con la que se gradu\u00f3. A su vez, el dictamen solicita a la autora env\u00ede las precisiones a las citas ausentes en su informe profesional\u201d.<\/span><\/p>\n<p><img loading=\"lazy\" decoding=\"async\" class=\"alignnone size-medium wp-image-20024\" src=\"http:\/\/noticiasveracruz.com\/wp-content\/uploads\/2023\/11\/ca-times.brightspotcdn-300x200.jpg\" alt=\"\" width=\"300\" height=\"200\" srcset=\"https:\/\/noticiasveracruz.com\/wp-content\/uploads\/2023\/11\/ca-times.brightspotcdn-300x200.jpg 300w, https:\/\/noticiasveracruz.com\/wp-content\/uploads\/2023\/11\/ca-times.brightspotcdn-1024x683.jpg 1024w, https:\/\/noticiasveracruz.com\/wp-content\/uploads\/2023\/11\/ca-times.brightspotcdn-768x512.jpg 768w, https:\/\/noticiasveracruz.com\/wp-content\/uploads\/2023\/11\/ca-times.brightspotcdn.jpg 1200w\" sizes=\"auto, (max-width: 300px) 100vw, 300px\" \/><\/p>\n<p class=\"western\"><span style=\"font-size: 14pt;\">Por lo que se refiere a Sheinbaum Pardo, \u201cla Rector\u00eda solicit\u00f3 una opini\u00f3n inicial a la Direcci\u00f3n General de Bibliotecas y Servicios Digitales de Informaci\u00f3n \u2014como instancia que cuenta con los instrumentos t\u00e9cnicos adecuados para el an\u00e1lisis de estos casos\u2014 sobre las posibles coincidencias de su tesis de licenciatura con otros textos. Al respecto, se se\u00f1ala que no fueron halladas similitudes ni omisiones mayores en el reconocimiento de otros autores en la tesis analizada\u201d.<\/span><\/p>\n<p class=\"western\"><span style=\"font-size: 14pt;\">En ese tono, la UNAM enfatiz\u00f3 que \u201cest\u00e1 comprometida con la honestidad acad\u00e9mica de sus estudiantes, acad\u00e9micos y egresados. Tambi\u00e9n entiende que en los casos antes referidos se trata de figuras p\u00fablicas y que las denuncias sobre las supuestas irregularidades est\u00e1n enmarcadas dentro de la contienda pol\u00edtico-electoral del pr\u00f3ximo a\u00f1o\u201d.<\/span><\/p>\n<p class=\"western\"><span style=\"font-size: 14pt;\">De igual forma, recalc\u00f3: \u201cDebe quedar claro: la UNAM no puede, ni debe, verse involucrada en la disputa electoral. Por lo anterior, a partir de esta fecha y para evitar que nuestra casa de estudios sea utilizada con fines partidistas, la UNAM solo emitir\u00e1 dict\u00e1menes sobre posibles plagios en aquellos casos en donde sea imprescindible la presentaci\u00f3n de un grado acad\u00e9mico para desempe\u00f1ar un cargo de responsabilidad\u201d.<\/span><\/p>\n<p class=\"western\"><span style=\"font-size: 14pt;\">En su pronunciamiento, la Universidad dijo que, \u201ccomprometidas con el rigor acad\u00e9mico y la transparencia de nuestras acciones, las distintas autoridades universitarias podr\u00e1n seguir recibiendo denuncias sobre presuntas irregularidades en tesis, tesinas o documentos equivalentes de aspirantes a puestos de elecci\u00f3n popular, para su an\u00e1lisis y estudio, guardando estricta confidencialidad, y no se emitir\u00e1 dictamen alguno sino hasta que el proceso electoral de 2024 haya concluido\u201d.<\/span><\/p>\n<p class=\"western\"><span style=\"font-size: 14pt;\">La UNAM, subray\u00f3, \u201ccumple las misiones sustantivas que nos ha encomendado la naci\u00f3n y no debe ser un instrumento para fines ajenos a nuestras funciones acad\u00e9micas\u201d.<\/span><\/p>\n","protected":false},"excerpt":{"rendered":"<p>La Universidad Nacional Aut\u00f3noma de M\u00e9xico (UNAM) inform\u00f3 que, tras analizar las tesis o informes profesionales elaborados por Claudia Sheinbaum<\/p>\n","protected":false},"author":4,"featured_media":20025,"comment_status":"closed","ping_status":"closed","sticky":false,"template":"","format":"standard","meta":{"colormag_page_container_layout":"default_layout","colormag_page_sidebar_layout":"default_layout","_jetpack_memberships_contains_paid_content":false,"footnotes":"","jetpack_publicize_message":"","jetpack_publicize_feature_enabled":true,"jetpack_social_post_already_shared":true,"jetpack_social_options":{"image_generator_settings":{"template":"highway","default_image_id":0,"font":"","enabled":false},"version":2}},"categories":[4],"tags":[],"class_list":["post-20023","post","type-post","status-publish","format-standard","has-post-thumbnail","hentry","category-nacional"],"jetpack_publicize_connections":[],"jetpack_featured_media_url":"https:\/\/noticiasveracruz.com\/wp-content\/uploads\/2023\/11\/claudia-sheinbaum-candidata-quien-es-7.jpg","jetpack_sharing_enabled":true,"publishpress_future_action":{"enabled":false,"date":"2026-05-06 22:22:22","action":"change-status","newStatus":"draft","terms":[],"taxonomy":"category","extraData":[]},"publishpress_future_workflow_manual_trigger":{"enabledWorkflows":[]},"_links":{"self":[{"href":"https:\/\/noticiasveracruz.com\/index.php\/wp-json\/wp\/v2\/posts\/20023","targetHints":{"allow":["GET"]}}],"collection":[{"href":"https:\/\/noticiasveracruz.com\/index.php\/wp-json\/wp\/v2\/posts"}],"about":[{"href":"https:\/\/noticiasveracruz.com\/index.php\/wp-json\/wp\/v2\/types\/post"}],"author":[{"embeddable":true,"href":"https:\/\/noticiasveracruz.com\/index.php\/wp-json\/wp\/v2\/users\/4"}],"replies":[{"embeddable":true,"href":"https:\/\/noticiasveracruz.com\/index.php\/wp-json\/wp\/v2\/comments?post=20023"}],"version-history":[{"count":0,"href":"https:\/\/noticiasveracruz.com\/index.php\/wp-json\/wp\/v2\/posts\/20023\/revisions"}],"wp:featuredmedia":[{"embeddable":true,"href":"https:\/\/noticiasveracruz.com\/index.php\/wp-json\/wp\/v2\/media\/20025"}],"wp:attachment":[{"href":"https:\/\/noticiasveracruz.com\/index.php\/wp-json\/wp\/v2\/media?parent=20023"}],"wp:term":[{"taxonomy":"category","embeddable":true,"href":"https:\/\/noticiasveracruz.com\/index.php\/wp-json\/wp\/v2\/categories?post=20023"},{"taxonomy":"post_tag","embeddable":true,"href":"https:\/\/noticiasveracruz.com\/index.php\/wp-json\/wp\/v2\/tags?post=20023"}],"curies":[{"name":"wp","href":"https:\/\/api.w.org\/{rel}","templated":true}]}}