{"id":20013,"date":"2023-11-03T17:53:01","date_gmt":"2023-11-03T23:53:01","guid":{"rendered":"https:\/\/noticiasveracruz.com\/?p=20013"},"modified":"2023-11-03T17:53:01","modified_gmt":"2023-11-03T23:53:01","slug":"catrinas-y-catrines-fueron-una-gran-expresion-de-arte-cultura-y-tradicion","status":"publish","type":"post","link":"https:\/\/noticiasveracruz.com\/index.php\/2023\/11\/03\/catrinas-y-catrines-fueron-una-gran-expresion-de-arte-cultura-y-tradicion\/","title":{"rendered":"Catrinas y Catrines fueron una gran expresi\u00f3n de arte, cultura y tradici\u00f3n"},"content":{"rendered":"<p><span style=\"font-size: 14pt;\">Tuxpan, Ver. &#8211; Espectacular cierre tuvo el \u201cFestival D\u00eda de Muertos 2023, Tradici\u00f3n que nos Une\u201d, con el Concurso de Catrinas y Catrines.<\/span><\/p>\n<p><span style=\"font-size: 14pt;\">Sin duda alguna este festival fue un \u00e9xito total, ya que se cont\u00f3 con una gran participaci\u00f3n de la ciudadan\u00eda que disfrut\u00f3 de cada uno de los eventos que el Gobierno de Tuxpan, que encabeza el alcalde Jos\u00e9 Manuel Pozos Castro, prepar\u00f3 para celebrar el D\u00eda de Muertos.<\/span><\/p>\n<p><img loading=\"lazy\" decoding=\"async\" class=\"alignnone size-medium wp-image-20020\" src=\"http:\/\/noticiasveracruz.com\/wp-content\/uploads\/2023\/11\/WhatsApp-Image-2023-11-03-at-14.21.092-300x199.jpeg\" alt=\"\" width=\"300\" height=\"199\" srcset=\"https:\/\/noticiasveracruz.com\/wp-content\/uploads\/2023\/11\/WhatsApp-Image-2023-11-03-at-14.21.092-300x199.jpeg 300w, https:\/\/noticiasveracruz.com\/wp-content\/uploads\/2023\/11\/WhatsApp-Image-2023-11-03-at-14.21.092-1024x681.jpeg 1024w, https:\/\/noticiasveracruz.com\/wp-content\/uploads\/2023\/11\/WhatsApp-Image-2023-11-03-at-14.21.092-768x511.jpeg 768w, https:\/\/noticiasveracruz.com\/wp-content\/uploads\/2023\/11\/WhatsApp-Image-2023-11-03-at-14.21.092.jpeg 1280w\" sizes=\"auto, (max-width: 300px) 100vw, 300px\" \/><\/p>\n<p><span style=\"font-size: 14pt;\">Familias completas se reunieron en la Plaza C\u00edvica para presenciar este certamen de arte y cultura, que busca fortalecer las tradiciones y costumbres de nuestro pa\u00eds.<\/span><\/p>\n<p><img loading=\"lazy\" decoding=\"async\" class=\"alignnone size-medium wp-image-20019\" src=\"http:\/\/noticiasveracruz.com\/wp-content\/uploads\/2023\/11\/WhatsApp-Image-2023-11-03-at-14.21.091-300x199.jpeg\" alt=\"\" width=\"300\" height=\"199\" srcset=\"https:\/\/noticiasveracruz.com\/wp-content\/uploads\/2023\/11\/WhatsApp-Image-2023-11-03-at-14.21.091-300x199.jpeg 300w, https:\/\/noticiasveracruz.com\/wp-content\/uploads\/2023\/11\/WhatsApp-Image-2023-11-03-at-14.21.091-1024x681.jpeg 1024w, https:\/\/noticiasveracruz.com\/wp-content\/uploads\/2023\/11\/WhatsApp-Image-2023-11-03-at-14.21.091-768x511.jpeg 768w, https:\/\/noticiasveracruz.com\/wp-content\/uploads\/2023\/11\/WhatsApp-Image-2023-11-03-at-14.21.091.jpeg 1280w\" sizes=\"auto, (max-width: 300px) 100vw, 300px\" \/><\/p>\n<p><span style=\"font-size: 14pt;\">El concurso se dividi\u00f3 en dos categor\u00edas: infantil y adulto; donde los participantes demostraron su creatividad e imaginaci\u00f3n a trav\u00e9s del dise\u00f1o y caracterizaci\u00f3n de una catrina o catr\u00edn.<\/span><\/p>\n<p><img loading=\"lazy\" decoding=\"async\" class=\"alignnone size-medium wp-image-20018\" src=\"http:\/\/noticiasveracruz.com\/wp-content\/uploads\/2023\/11\/WhatsApp-Image-2023-11-03-at-14.21.08-300x199.jpeg\" alt=\"\" width=\"300\" height=\"199\" srcset=\"https:\/\/noticiasveracruz.com\/wp-content\/uploads\/2023\/11\/WhatsApp-Image-2023-11-03-at-14.21.08-300x199.jpeg 300w, https:\/\/noticiasveracruz.com\/wp-content\/uploads\/2023\/11\/WhatsApp-Image-2023-11-03-at-14.21.08-1024x681.jpeg 1024w, https:\/\/noticiasveracruz.com\/wp-content\/uploads\/2023\/11\/WhatsApp-Image-2023-11-03-at-14.21.08-768x511.jpeg 768w, https:\/\/noticiasveracruz.com\/wp-content\/uploads\/2023\/11\/WhatsApp-Image-2023-11-03-at-14.21.08.jpeg 1280w\" sizes=\"auto, (max-width: 300px) 100vw, 300px\" \/><\/p>\n<p><span style=\"font-size: 14pt;\">Fungieron como jurados el Prof. El\u00edas Buitian God\u00ednez, el Prof. Jorge Mart\u00ednez Cruz, la Mtra. Mayra Juana Cruz Manzanares y la Profa. Abigail Noguera Ortiz, quienes calificaron aspectos como el vestuario, maquillaje, originalidad y presencia esc\u00e9nica.<\/span><\/p>\n<p><img loading=\"lazy\" decoding=\"async\" class=\"alignnone size-medium wp-image-20017\" src=\"http:\/\/noticiasveracruz.com\/wp-content\/uploads\/2023\/11\/WhatsApp-Image-2023-11-03-at-14.21.084-300x199.jpeg\" alt=\"\" width=\"300\" height=\"199\" srcset=\"https:\/\/noticiasveracruz.com\/wp-content\/uploads\/2023\/11\/WhatsApp-Image-2023-11-03-at-14.21.084-300x199.jpeg 300w, https:\/\/noticiasveracruz.com\/wp-content\/uploads\/2023\/11\/WhatsApp-Image-2023-11-03-at-14.21.084-1024x681.jpeg 1024w, https:\/\/noticiasveracruz.com\/wp-content\/uploads\/2023\/11\/WhatsApp-Image-2023-11-03-at-14.21.084-768x511.jpeg 768w, https:\/\/noticiasveracruz.com\/wp-content\/uploads\/2023\/11\/WhatsApp-Image-2023-11-03-at-14.21.084.jpeg 1280w\" sizes=\"auto, (max-width: 300px) 100vw, 300px\" \/><\/p>\n<p><span style=\"font-size: 14pt;\">Los concursantes realizaron una pasarela en el escenario para que el p\u00fablico y el jurado pudieran admirar sus coloridos trajes y maquillaje, cautivando a los asistentes con sus esplendidas caracterizaciones.<\/span><\/p>\n<p><img loading=\"lazy\" decoding=\"async\" class=\"alignnone size-medium wp-image-20016\" src=\"http:\/\/noticiasveracruz.com\/wp-content\/uploads\/2023\/11\/WhatsApp-Image-2023-11-03-at-14.21.083-300x199.jpeg\" alt=\"\" width=\"300\" height=\"199\" srcset=\"https:\/\/noticiasveracruz.com\/wp-content\/uploads\/2023\/11\/WhatsApp-Image-2023-11-03-at-14.21.083-300x199.jpeg 300w, https:\/\/noticiasveracruz.com\/wp-content\/uploads\/2023\/11\/WhatsApp-Image-2023-11-03-at-14.21.083-1024x681.jpeg 1024w, https:\/\/noticiasveracruz.com\/wp-content\/uploads\/2023\/11\/WhatsApp-Image-2023-11-03-at-14.21.083-768x511.jpeg 768w, https:\/\/noticiasveracruz.com\/wp-content\/uploads\/2023\/11\/WhatsApp-Image-2023-11-03-at-14.21.083.jpeg 1280w\" sizes=\"auto, (max-width: 300px) 100vw, 300px\" \/><\/p>\n<p><span style=\"font-size: 14pt;\">Dentro de la categor\u00eda \u201cInfantil\u201d participaron siete catrinas y cinco catrines; resultando triunfadores como catrina la ni\u00f1a Amy Mar Lorenzo, y como catr\u00edn el ni\u00f1o Jonathan Axel Gonz\u00e1lez Flores, cada uno de ellos fue premiado con 2 mil pesos en efectivo.<\/span><\/p>\n<p><img loading=\"lazy\" decoding=\"async\" class=\"alignnone size-medium wp-image-20015\" src=\"http:\/\/noticiasveracruz.com\/wp-content\/uploads\/2023\/11\/WhatsApp-Image-2023-11-03-at-14.21.082-300x199.jpeg\" alt=\"\" width=\"300\" height=\"199\" srcset=\"https:\/\/noticiasveracruz.com\/wp-content\/uploads\/2023\/11\/WhatsApp-Image-2023-11-03-at-14.21.082-300x199.jpeg 300w, https:\/\/noticiasveracruz.com\/wp-content\/uploads\/2023\/11\/WhatsApp-Image-2023-11-03-at-14.21.082-1024x681.jpeg 1024w, https:\/\/noticiasveracruz.com\/wp-content\/uploads\/2023\/11\/WhatsApp-Image-2023-11-03-at-14.21.082-768x511.jpeg 768w, https:\/\/noticiasveracruz.com\/wp-content\/uploads\/2023\/11\/WhatsApp-Image-2023-11-03-at-14.21.082.jpeg 1280w\" sizes=\"auto, (max-width: 300px) 100vw, 300px\" \/><\/p>\n<p><span style=\"font-size: 14pt;\">Mientras que en la categor\u00eda \u201cAdulto\u201d concursaron catorce catrinas y seis catrines. Las catrinas triunfadoras fueron: en 1er. lugar la caracterizada por Rigoberto Gonz\u00e1lez C\u00f3rdoba, quien obtuvo un premio de 6 mil pesos en efectivo; el 2do. lugar fue para Luis Antonio Garc\u00eda Calixto, ganador de 3 mil pesos; y en 3er. lugar Claudia Esmeralda Mar Almora, quien fue premiada con 2 mil pesos.<\/span><\/p>\n<p><img loading=\"lazy\" decoding=\"async\" class=\"alignnone size-medium wp-image-20014\" src=\"http:\/\/noticiasveracruz.com\/wp-content\/uploads\/2023\/11\/WhatsApp-Image-2023-11-03-at-14.21.081-300x199.jpeg\" alt=\"\" width=\"300\" height=\"199\" srcset=\"https:\/\/noticiasveracruz.com\/wp-content\/uploads\/2023\/11\/WhatsApp-Image-2023-11-03-at-14.21.081-300x199.jpeg 300w, https:\/\/noticiasveracruz.com\/wp-content\/uploads\/2023\/11\/WhatsApp-Image-2023-11-03-at-14.21.081-1024x681.jpeg 1024w, https:\/\/noticiasveracruz.com\/wp-content\/uploads\/2023\/11\/WhatsApp-Image-2023-11-03-at-14.21.081-768x511.jpeg 768w, https:\/\/noticiasveracruz.com\/wp-content\/uploads\/2023\/11\/WhatsApp-Image-2023-11-03-at-14.21.081.jpeg 1280w\" sizes=\"auto, (max-width: 300px) 100vw, 300px\" \/><\/p>\n<p><span style=\"font-size: 14pt;\">Mientras que las personificaciones triunfadoras como catrines fueron: en primer lugar, Jos\u00e9 Emmanuel S\u00e1nchez Reyes; segundo lugar, Yerson Jonguitud G\u00f3mez y en tercer lugar Carlos Arturo Damas Cruz, que fueron reconocidos con premios en efectivo por 6 mil, 3 mil y 2 mil pesos, respectivamente.<\/span><\/p>\n<p><span style=\"font-size: 14pt;\">Los premios y reconocimientos fueron entregados por el director de Cultura del Gobierno de Tuxpan, Israel Luna Osorio.<\/span><\/p>\n","protected":false},"excerpt":{"rendered":"<p>Tuxpan, Ver. &#8211; Espectacular cierre tuvo el \u201cFestival D\u00eda de Muertos 2023, Tradici\u00f3n que nos Une\u201d, con el Concurso de<\/p>\n","protected":false},"author":4,"featured_media":20021,"comment_status":"closed","ping_status":"closed","sticky":false,"template":"","format":"standard","meta":{"colormag_page_container_layout":"default_layout","colormag_page_sidebar_layout":"default_layout","_jetpack_memberships_contains_paid_content":false,"footnotes":"","jetpack_publicize_message":"","jetpack_publicize_feature_enabled":true,"jetpack_social_post_already_shared":true,"jetpack_social_options":{"image_generator_settings":{"template":"highway","default_image_id":0,"font":"","enabled":false},"version":2}},"categories":[145],"tags":[],"class_list":["post-20013","post","type-post","status-publish","format-standard","has-post-thumbnail","hentry","category-estados"],"jetpack_publicize_connections":[],"jetpack_featured_media_url":"https:\/\/noticiasveracruz.com\/wp-content\/uploads\/2023\/11\/WhatsApp-Image-2023-11-03-at-14.21.09.jpeg","jetpack_sharing_enabled":true,"publishpress_future_action":{"enabled":false,"date":"2026-05-06 21:37:57","action":"change-status","newStatus":"draft","terms":[],"taxonomy":"category","extraData":[]},"publishpress_future_workflow_manual_trigger":{"enabledWorkflows":[]},"_links":{"self":[{"href":"https:\/\/noticiasveracruz.com\/index.php\/wp-json\/wp\/v2\/posts\/20013","targetHints":{"allow":["GET"]}}],"collection":[{"href":"https:\/\/noticiasveracruz.com\/index.php\/wp-json\/wp\/v2\/posts"}],"about":[{"href":"https:\/\/noticiasveracruz.com\/index.php\/wp-json\/wp\/v2\/types\/post"}],"author":[{"embeddable":true,"href":"https:\/\/noticiasveracruz.com\/index.php\/wp-json\/wp\/v2\/users\/4"}],"replies":[{"embeddable":true,"href":"https:\/\/noticiasveracruz.com\/index.php\/wp-json\/wp\/v2\/comments?post=20013"}],"version-history":[{"count":0,"href":"https:\/\/noticiasveracruz.com\/index.php\/wp-json\/wp\/v2\/posts\/20013\/revisions"}],"wp:featuredmedia":[{"embeddable":true,"href":"https:\/\/noticiasveracruz.com\/index.php\/wp-json\/wp\/v2\/media\/20021"}],"wp:attachment":[{"href":"https:\/\/noticiasveracruz.com\/index.php\/wp-json\/wp\/v2\/media?parent=20013"}],"wp:term":[{"taxonomy":"category","embeddable":true,"href":"https:\/\/noticiasveracruz.com\/index.php\/wp-json\/wp\/v2\/categories?post=20013"},{"taxonomy":"post_tag","embeddable":true,"href":"https:\/\/noticiasveracruz.com\/index.php\/wp-json\/wp\/v2\/tags?post=20013"}],"curies":[{"name":"wp","href":"https:\/\/api.w.org\/{rel}","templated":true}]}}