{"id":20011,"date":"2023-11-03T17:45:03","date_gmt":"2023-11-03T23:45:03","guid":{"rendered":"https:\/\/noticiasveracruz.com\/?p=20011"},"modified":"2023-11-03T17:45:03","modified_gmt":"2023-11-03T23:45:03","slug":"comunicologos-y-la-inteligencia-artificial","status":"publish","type":"post","link":"https:\/\/noticiasveracruz.com\/index.php\/2023\/11\/03\/comunicologos-y-la-inteligencia-artificial\/","title":{"rendered":"Comunic\u00f3logos y la Inteligencia Artificial"},"content":{"rendered":"<ul>\n<li><span style=\"font-size: 14pt;\"><strong>Este a\u00f1o en M\u00e9xico se graduaron otros 10 mil comunic\u00f3logos <\/strong><\/span><\/li>\n<li><span style=\"font-size: 14pt;\"><strong>En esa actividad trabajan 154 mil individuos <\/strong><\/span><\/li>\n<li><span style=\"font-size: 14pt;\"><strong>La Inteligencia Artificial est\u00e1 ofreciendo nuevos liderazgos laborales<\/strong><\/span><\/li>\n<\/ul>\n<p><span style=\"font-size: 14pt;\"><strong>Por Miguel Angel Cristiani G.<\/strong><\/span><\/p>\n<p><span style=\"font-size: 14pt;\">Recordamos que en el a\u00f1o de 1971 -en el siglo pasado- cuando entramos a estudiar en la entonces Facultad de Periodismo de la Universidad Veracruzana en el puerto jarocho, era casi un esc\u00e1ndalo el hecho de que lleg\u00e1ramos 60 alumnos de nuevo ingreso, porque las aulas apenas eran para un m\u00e1ximo de 30 estudiantes, por lo que nos mandaron a tomar clases en el auditorio.<\/span><\/p>\n<p><span style=\"font-size: 14pt;\">Algunos a\u00f1os m\u00e1s tarde, cuando acudimos a una ceremonia de graduaci\u00f3n en el Teatro Francisco Javier Clavijero, los egresados sumaban 400, y ya en ese entonces la pregunta obligada era \u00bfA d\u00f3nde van a ir a trabajar todos esos comunicadores?<\/span><\/p>\n<p><span style=\"font-size: 14pt;\">Hoy en la columna de Jonathan Ruiz en el peri\u00f3dico El Financiero leemos que este a\u00f1o, en M\u00e9xico se graduaron otros 10 mil comunic\u00f3logos m\u00e1s, de acuerdo con las estad\u00edsticas oficiales del Observatorio Laboral. Ser\u00e1 dif\u00edcil acomodarlos.<\/span><\/p>\n<p><span style=\"font-size: 14pt;\">En esa actividad trabajan 154 mil individuos en M\u00e9xico. De todos ellos, solamente 3 mil realmente influyen: encabezan la estrategia de comunicaci\u00f3n de una empresa o instituci\u00f3n, incluso algunos plasman su nombre p\u00fablicamente en un medio masivo.<\/span><\/p>\n<p><span style=\"font-size: 14pt;\">La pregunta sigue siendo la misma \u00bfQu\u00e9 hacemos con tanto licenciado en Comunicaci\u00f3n?<\/span><\/p>\n<p><span style=\"font-size: 14pt;\">Pero hoy la respuesta es diferente a la de fechas recientes, ahora la llamada Inteligencia Artificial est\u00e1 ofreciendo nuevos liderazgos laborales.<\/span><\/p>\n<p><span style=\"font-size: 14pt;\">Aunque esos liderazgos no podr\u00e1n ser alcanzados por todos los egresados de una facultad de Ciencias de la Comunicaci\u00f3n.<\/span><\/p>\n<p><span style=\"font-size: 14pt;\">Tendr\u00e1n que hacer cambios totales en sus planes y programas de estudios para empezar a ense\u00f1ar todo lo que se puede hacer con las llamadas Inteligencias Artificiales.<\/span><\/p>\n<p><span style=\"font-size: 14pt;\">Ya estamos viendo algunos ejemplos de lo que se puede lograr con las IA, como es el video que empez\u00f3 a circular en internet este viernes, con una letra de una canci\u00f3n de Los Beatles, en la que ahora gracias a la tecnolog\u00eda, se pueden volver a apreciar como si estuvieran toc\u00e1ndola en el estudio de grabaci\u00f3n, gracias a la mezcla de im\u00e1genes y voces.<\/span><\/p>\n<p><span style=\"font-size: 14pt;\">Pero volviendo a los egresados de la carrera de comunicaci\u00f3n, ser\u00e1 dif\u00edcil acomodarlos. Las carreras profesionales de Comunicaci\u00f3n y Periodismo tal vez emiten un espejismo de fama autom\u00e1tica que atrae masas de entusiastas. La realidad es dura y no gustar\u00e1 a quienes ostentan uno de sus t\u00edtulos: no hay plazas suficientes para quienes se grad\u00faan con habilidades tradicionales. Pero, ojo: eso no significa que todos los caminos est\u00e1n cerrados. Curiosamente, pocas veces quien sabe comunicarse bien, ha tenido tanta influencia. Dos ejemplos: Uno es ex presidente de Estados Unidos, otro encabeza el Poder Ejecutivo en M\u00e9xico.<\/span><\/p>\n<p><span style=\"font-size: 14pt;\">Ninguno se titul\u00f3 en ciencias de la comunicaci\u00f3n. Hoy la barrera entre cualquier individuo y el p\u00fablico masivo est\u00e1 en un artefacto del tama\u00f1o de un jab\u00f3n, los celulares. Las redes sociales y los smartphones derrumbaron obst\u00e1culos. Las empresas lo recuerdan con frecuencia. Hoy todas las compa\u00f1\u00edas son digitales.<\/span><\/p>\n<p><span style=\"font-size: 14pt;\">Tienen un website o una cuenta de TikTok\u2026 Por ende, hoy todas ellas controlan tambi\u00e9n medios de comunicaci\u00f3n. Aerom\u00e9xico tiene 454 mil seguidores en Instagram y 2.3 millones en Facebook. \u00bfQu\u00e9 comunica por ah\u00ed? \u00bfQui\u00e9n decide? \u00bfcomunic\u00f3logas, comunic\u00f3logos?<\/span><\/p>\n<p><span style=\"font-size: 14pt;\">Las empresas, todas, son medios de comunicaci\u00f3n que deber\u00edan buscar comunic\u00f3logos para recargar en ellos esas tareas. Siempre y cuando, claro, estos redacten claramente y sepan expresarse bien ante una computadora con Inteligencia Artificial.<\/span><\/p>\n<p><span style=\"font-size: 14pt;\">Para m\u00e1s informaci\u00f3n consulta nuestra p\u00e1gina <a href=\"https:\/\/www.xn--bitacoraspolticas-ovb.com\/\" data-saferedirecturl=\"https:\/\/www.google.com\/url?q=https:\/\/www.xn--bitacoraspolticas-ovb.com\/&amp;source=gmail&amp;ust=1699139338532000&amp;usg=AOvVaw3QHIc-aDI93ny5oNUH8qwJ\"> https:\/\/www.xn--bitacoraspolticas-ovb.com\/<\/a><\/span><\/p>\n<p><img loading=\"lazy\" decoding=\"async\" class=\"alignnone wp-image-19765 size-full\" src=\"http:\/\/noticiasveracruz.com\/wp-content\/uploads\/2023\/10\/FIRMA-EDITORIAL-PD-3.jpg\" alt=\"\" width=\"1024\" height=\"125\" srcset=\"https:\/\/noticiasveracruz.com\/wp-content\/uploads\/2023\/10\/FIRMA-EDITORIAL-PD-3.jpg 1024w, https:\/\/noticiasveracruz.com\/wp-content\/uploads\/2023\/10\/FIRMA-EDITORIAL-PD-3-300x37.jpg 300w, https:\/\/noticiasveracruz.com\/wp-content\/uploads\/2023\/10\/FIRMA-EDITORIAL-PD-3-768x94.jpg 768w\" sizes=\"auto, (max-width: 1024px) 100vw, 1024px\" \/><\/p>\n<p>&nbsp;<\/p>\n","protected":false},"excerpt":{"rendered":"<p>Este a\u00f1o en M\u00e9xico se graduaron otros 10 mil comunic\u00f3logos En esa actividad trabajan 154 mil individuos La Inteligencia Artificial<\/p>\n","protected":false},"author":4,"featured_media":3280,"comment_status":"closed","ping_status":"closed","sticky":false,"template":"","format":"standard","meta":{"colormag_page_container_layout":"default_layout","colormag_page_sidebar_layout":"default_layout","_jetpack_memberships_contains_paid_content":false,"footnotes":"","jetpack_publicize_message":"","jetpack_publicize_feature_enabled":true,"jetpack_social_post_already_shared":true,"jetpack_social_options":{"image_generator_settings":{"template":"highway","default_image_id":0,"font":"","enabled":false},"version":2}},"categories":[6],"tags":[],"class_list":["post-20011","post","type-post","status-publish","format-standard","has-post-thumbnail","hentry","category-columnistas"],"jetpack_publicize_connections":[],"jetpack_featured_media_url":"https:\/\/noticiasveracruz.com\/wp-content\/uploads\/2022\/04\/NV-MIGUEL-A\u0301NGEL-CRISTIANI.png","jetpack_sharing_enabled":true,"publishpress_future_action":{"enabled":false,"date":"2026-05-06 20:48:44","action":"change-status","newStatus":"draft","terms":[],"taxonomy":"category","extraData":[]},"publishpress_future_workflow_manual_trigger":{"enabledWorkflows":[]},"_links":{"self":[{"href":"https:\/\/noticiasveracruz.com\/index.php\/wp-json\/wp\/v2\/posts\/20011","targetHints":{"allow":["GET"]}}],"collection":[{"href":"https:\/\/noticiasveracruz.com\/index.php\/wp-json\/wp\/v2\/posts"}],"about":[{"href":"https:\/\/noticiasveracruz.com\/index.php\/wp-json\/wp\/v2\/types\/post"}],"author":[{"embeddable":true,"href":"https:\/\/noticiasveracruz.com\/index.php\/wp-json\/wp\/v2\/users\/4"}],"replies":[{"embeddable":true,"href":"https:\/\/noticiasveracruz.com\/index.php\/wp-json\/wp\/v2\/comments?post=20011"}],"version-history":[{"count":0,"href":"https:\/\/noticiasveracruz.com\/index.php\/wp-json\/wp\/v2\/posts\/20011\/revisions"}],"wp:featuredmedia":[{"embeddable":true,"href":"https:\/\/noticiasveracruz.com\/index.php\/wp-json\/wp\/v2\/media\/3280"}],"wp:attachment":[{"href":"https:\/\/noticiasveracruz.com\/index.php\/wp-json\/wp\/v2\/media?parent=20011"}],"wp:term":[{"taxonomy":"category","embeddable":true,"href":"https:\/\/noticiasveracruz.com\/index.php\/wp-json\/wp\/v2\/categories?post=20011"},{"taxonomy":"post_tag","embeddable":true,"href":"https:\/\/noticiasveracruz.com\/index.php\/wp-json\/wp\/v2\/tags?post=20011"}],"curies":[{"name":"wp","href":"https:\/\/api.w.org\/{rel}","templated":true}]}}