{"id":19996,"date":"2023-11-03T08:33:13","date_gmt":"2023-11-03T14:33:13","guid":{"rendered":"https:\/\/noticiasveracruz.com\/?p=19996"},"modified":"2023-11-03T08:33:13","modified_gmt":"2023-11-03T14:33:13","slug":"fundador-de-ftx-culpable-de-fraude-con-criptomonedas","status":"publish","type":"post","link":"https:\/\/noticiasveracruz.com\/index.php\/2023\/11\/03\/fundador-de-ftx-culpable-de-fraude-con-criptomonedas\/","title":{"rendered":"Fundador de FTX, culpable de fraude con criptomonedas"},"content":{"rendered":"<p><span style=\"font-size: 14pt;\">El fundador de FTX, Sam Bankman-Fried, fue declarado culpable el jueves de defraudar a los clientes de su ahora quebrado intercambio de criptomonedas en uno de los mayores fraudes financieros registrados, un veredicto que consolid\u00f3 la ca\u00edda en desgracia del ex multimillonario de 31 a\u00f1os.<\/span><\/p>\n<p><span style=\"font-size: 14pt;\">Un jurado de 12 miembros en el tribunal federal de Manhattan lo conden\u00f3 por los siete cargos que enfrentaba despu\u00e9s de un juicio de un mes de duraci\u00f3n en el que los fiscales argumentaron que rob\u00f3 8 mil millones de d\u00f3lares a los clientes de la bolsa por pura codicia.<\/span><\/p>\n<p><span style=\"font-size: 14pt;\">El veredicto se produjo apenas un a\u00f1o despu\u00e9s de que FTX se declarara en quiebra en una r\u00e1pida crisis corporativa que conmocion\u00f3 a los mercados financieros y borr\u00f3 su fortuna personal estimada en 26 mil millones de d\u00f3lares.<\/span><\/p>\n<p><span style=\"font-size: 14pt;\">El jurado lleg\u00f3 al veredicto despu\u00e9s de poco m\u00e1s de cuatro horas de deliberaciones.<\/span><\/p>\n<p><img loading=\"lazy\" decoding=\"async\" class=\"alignnone size-medium wp-image-19997\" src=\"http:\/\/noticiasveracruz.com\/wp-content\/uploads\/2023\/11\/42fe6c30-7ef5-48e7-a1db-5119f34c86f7_alta-libre-aspect-ratio_default_0-300x204.jpg\" alt=\"\" width=\"300\" height=\"204\" srcset=\"https:\/\/noticiasveracruz.com\/wp-content\/uploads\/2023\/11\/42fe6c30-7ef5-48e7-a1db-5119f34c86f7_alta-libre-aspect-ratio_default_0-300x204.jpg 300w, https:\/\/noticiasveracruz.com\/wp-content\/uploads\/2023\/11\/42fe6c30-7ef5-48e7-a1db-5119f34c86f7_alta-libre-aspect-ratio_default_0-1024x697.jpg 1024w, https:\/\/noticiasveracruz.com\/wp-content\/uploads\/2023\/11\/42fe6c30-7ef5-48e7-a1db-5119f34c86f7_alta-libre-aspect-ratio_default_0-768x523.jpg 768w, https:\/\/noticiasveracruz.com\/wp-content\/uploads\/2023\/11\/42fe6c30-7ef5-48e7-a1db-5119f34c86f7_alta-libre-aspect-ratio_default_0.jpg 1200w\" sizes=\"auto, (max-width: 300px) 100vw, 300px\" \/><\/p>\n<p><span style=\"font-size: 14pt;\">Bankman-Fried, que se hab\u00eda declarado inocente de dos cargos de fraude y cinco cargos de conspiraci\u00f3n, permaneci\u00f3 de pie frente al jurado con las manos entrelazadas delante de \u00e9l mientras se le\u00eda el veredicto.<\/span><\/p>\n<p><span style=\"font-size: 14pt;\">Sus padres, los profesores de la Facultad de Derecho de Stanford, Joseph Bankman y Barbara Fried, estaban sentados en la segunda fila de la sala, tomados de la mano. Bankman se sent\u00f3 con la cabeza entre las manos despu\u00e9s de leer el veredicto.<\/span><\/p>\n<p><span style=\"font-size: 14pt;\">La condena represent\u00f3 una victoria para el Departamento de Justicia de Estados Unidos y para Damian Williams, el principal fiscal federal de Manhattan, quien hizo de erradicar la corrupci\u00f3n en los mercados financieros una de sus principales prioridades.<\/span><\/p>\n<p><span style=\"font-size: 14pt;\">\u201cLa industria de las criptomonedas puede ser nueva, los actores como Sam Bankman-Fried pueden ser nuevos, pero este tipo de fraude es tan antiguo como el tiempo y no tenemos paciencia para ello\u201d, dijo Williams a los periodistas fuera del tribunal.<\/span><\/p>\n<p><span style=\"font-size: 14pt;\">El juez de distrito estadounidense Lewis Kaplan fij\u00f3 la sentencia de Bankman-Fried para el 28 de marzo de 2024. El graduado del Instituto de Tecnolog\u00eda de Massachusetts podr\u00eda enfrentar d\u00e9cadas de prisi\u00f3n.<\/span><\/p>\n<p><span style=\"font-size: 14pt;\">Su abogado defensor, Mark Cohen, dijo en un comunicado que estaba \u00abdecepcionado\u00bb pero respetaba la decisi\u00f3n del jurado. \u00abEl se\u00f1or Bankman Fried mantiene su inocencia y seguir\u00e1 luchando en\u00e9rgicamente contra los cargos en su contra\u00bb, afirm\u00f3.<\/span><\/p>\n<p><span style=\"font-size: 14pt;\">Despu\u00e9s de que Kaplan abandon\u00f3 la sala del tribunal, Cohen rode\u00f3 a Bankman-Fried con el brazo mientras hablaban en la mesa de la defensa.<\/span><\/p>\n<p><span style=\"font-size: 14pt;\">Cuando Bankman-Fried fue sacado de la sala por miembros del servicio de alguaciles estadounidenses, se dio vuelta, mir\u00f3 a sus padres en la audiencia de la sala y asinti\u00f3. Fried mir\u00f3 hacia \u00e9l y cruz\u00f3 los brazos sobre el pecho.<\/span><\/p>\n<p><span style=\"font-size: 14pt;\">Bankman-Fried tambi\u00e9n ser\u00e1 juzgado por una segunda serie de cargos presentados por los fiscales a principios de este a\u00f1o, incluso por presunto soborno internacional y conspiraciones de fraude bancario.<\/span><\/p>\n","protected":false},"excerpt":{"rendered":"<p>El fundador de FTX, Sam Bankman-Fried, fue declarado culpable el jueves de defraudar a los clientes de su ahora quebrado<\/p>\n","protected":false},"author":4,"featured_media":19998,"comment_status":"closed","ping_status":"closed","sticky":false,"template":"","format":"standard","meta":{"colormag_page_container_layout":"default_layout","colormag_page_sidebar_layout":"default_layout","_jetpack_memberships_contains_paid_content":false,"footnotes":"","jetpack_publicize_message":"","jetpack_publicize_feature_enabled":true,"jetpack_social_post_already_shared":true,"jetpack_social_options":{"image_generator_settings":{"template":"highway","default_image_id":0,"font":"","enabled":false},"version":2}},"categories":[1947],"tags":[],"class_list":["post-19996","post","type-post","status-publish","format-standard","has-post-thumbnail","hentry","category-economia"],"jetpack_publicize_connections":[],"jetpack_featured_media_url":"https:\/\/noticiasveracruz.com\/wp-content\/uploads\/2023\/11\/Sam-Bankman-Fried-121622-2-eb8ad8ea144d42e0947d3ab84c4a99e8.jpg","jetpack_sharing_enabled":true,"publishpress_future_action":{"enabled":false,"date":"2026-05-06 17:46:20","action":"change-status","newStatus":"draft","terms":[],"taxonomy":"category","extraData":[]},"publishpress_future_workflow_manual_trigger":{"enabledWorkflows":[]},"_links":{"self":[{"href":"https:\/\/noticiasveracruz.com\/index.php\/wp-json\/wp\/v2\/posts\/19996","targetHints":{"allow":["GET"]}}],"collection":[{"href":"https:\/\/noticiasveracruz.com\/index.php\/wp-json\/wp\/v2\/posts"}],"about":[{"href":"https:\/\/noticiasveracruz.com\/index.php\/wp-json\/wp\/v2\/types\/post"}],"author":[{"embeddable":true,"href":"https:\/\/noticiasveracruz.com\/index.php\/wp-json\/wp\/v2\/users\/4"}],"replies":[{"embeddable":true,"href":"https:\/\/noticiasveracruz.com\/index.php\/wp-json\/wp\/v2\/comments?post=19996"}],"version-history":[{"count":0,"href":"https:\/\/noticiasveracruz.com\/index.php\/wp-json\/wp\/v2\/posts\/19996\/revisions"}],"wp:featuredmedia":[{"embeddable":true,"href":"https:\/\/noticiasveracruz.com\/index.php\/wp-json\/wp\/v2\/media\/19998"}],"wp:attachment":[{"href":"https:\/\/noticiasveracruz.com\/index.php\/wp-json\/wp\/v2\/media?parent=19996"}],"wp:term":[{"taxonomy":"category","embeddable":true,"href":"https:\/\/noticiasveracruz.com\/index.php\/wp-json\/wp\/v2\/categories?post=19996"},{"taxonomy":"post_tag","embeddable":true,"href":"https:\/\/noticiasveracruz.com\/index.php\/wp-json\/wp\/v2\/tags?post=19996"}],"curies":[{"name":"wp","href":"https:\/\/api.w.org\/{rel}","templated":true}]}}