{"id":19992,"date":"2023-11-03T08:29:38","date_gmt":"2023-11-03T14:29:38","guid":{"rendered":"https:\/\/noticiasveracruz.com\/?p=19992"},"modified":"2023-11-03T08:29:38","modified_gmt":"2023-11-03T14:29:38","slug":"recorte-presupuestal-afectaria-seriamente-funcion-del-tribunal-tepjf","status":"publish","type":"post","link":"https:\/\/noticiasveracruz.com\/index.php\/2023\/11\/03\/recorte-presupuestal-afectaria-seriamente-funcion-del-tribunal-tepjf\/","title":{"rendered":"Recorte presupuestal afectar\u00eda \u201cseriamente\u201d funci\u00f3n del Tribunal: TEPJF"},"content":{"rendered":"<p><span style=\"font-size: 14pt;\">El presidente del Tribunal Electoral del Poder Judicial de la Federaci\u00f3n (TEPJF), Reyes Rodr\u00edguez Mondrag\u00f3n, advirti\u00f3 que un recorte presupuestal afectar\u00eda \u201cseriamente\u201d la funci\u00f3n de este \u00f3rgano, como calificar la elecci\u00f3n presidencial, resolver conflictos y garantizar la transmisi\u00f3n pac\u00edfica del poder p\u00fablico el a\u00f1o entrante.<\/span><\/p>\n<p><span style=\"font-size: 14pt;\">La Comisi\u00f3n de Presupuesto de la C\u00e1mara de Diputados perfila un recorte al Poder Judicial y a \u00f3rganos aut\u00f3nomos por m\u00e1s de 13 mil millones de pesos, de los que 767.1 corresponden al TEPJF, cuya solicitud para 2024 es de 3 mil 890 millones.<\/span><\/p>\n<p><span style=\"font-size: 14pt;\">El magistrado pidi\u00f3 a los diputados reconsiderar su proyecto, en particular porque no es adecuado comparar el presupuesto solicitado para 2024 contra 2023, sino con los n\u00fameros de 2018.<\/span><\/p>\n<p><span style=\"font-size: 14pt;\">\u201cEsta propuesta de la Comisi\u00f3n afectar\u00eda seriamente la capacidad institucional del Tribunal Electoral, porque la reducci\u00f3n que se estar\u00eda discutiendo es m\u00e1s o menos equivalente al monto que se proyect\u00f3 para la contrataci\u00f3n de personal en las Salas Regionales, en la Sala Superior, tanto en las secretar\u00edas generales de acuerdos, como en los equipos jurisdiccionales de cada una de las magistraturas\u201d.<\/span><\/p>\n<p><span style=\"font-size: 14pt;\">Es por eso \u2013a\u00f1adi\u00f3- \u201cque hacemos un llamado a la C\u00e1mara de diputadas y diputados, a los integrantes de la Comisi\u00f3n de Presupuesto para que se pueda revisar, reflexionar y valorar la trascendencia de esta propuesta que sin duda nos generar\u00eda una afectaci\u00f3n, como he dicho, en las capacidades institucionales frente a la relevancia, del n\u00famero de cargos y la complejidad de este proceso electoral\u201d.<\/span><\/p>\n<p><span style=\"font-size: 14pt;\">En una reuni\u00f3n regional con magistrados electorales, Reyes Rodr\u00edguez resalt\u00f3 que la responsabilidad del TEPJF es salvaguardar la estabilidad pol\u00edtica y democr\u00e1tica, pero sobre todo garantizar elecciones \u00edntegras y mantener la paz p\u00fablica. Resalt\u00f3 que \u201cinvertir en democracia es invertir en paz social\u201d.<\/span><\/p>\n<p><span style=\"font-size: 14pt;\">Las autoridades electorales, tanto administrativas como jurisdiccionales, \u201csomos los guardianes de la legalidad, trabajamos para asegurar el acceso a la justicia como un principio fundamental de nuestra democracia\u201d, indic\u00f3.<\/span><\/p>\n<p><span style=\"font-size: 14pt;\">Al final de su mensaje habl\u00f3 del \u201cuso responsable de los recursos p\u00fablicos que se invierten durante los procesos electorales\u201d y asever\u00f3 que las instituciones electorales no dejan de trabajar.<\/span><\/p>\n<p><span style=\"font-size: 14pt;\">Argument\u00f3 que la petici\u00f3n del TEPJF, para 2024, es tres millones menos en t\u00e9rminos reales de lo que autoriz\u00f3 la C\u00e1mara de Diputados en 2018.<\/span><\/p>\n<p><span style=\"font-size: 14pt;\">\u201cEse monto proyectado es el m\u00ednimo indispensable para que el Tribunal Electoral pueda contar con los recursos humanos, con las capacidades institucionales para enfrentar las cargas de trabajo que normalmente se dan durante los procesos electorales\u201d, dijo.<\/span><\/p>\n<p><span style=\"font-size: 14pt;\">Puntualiz\u00f3 que en 2018 el TEPJF resolvi\u00f3, en lo relacionado con la elecci\u00f3n de ese a\u00f1o, m\u00e1s de 18 mil asuntos, y en 2012, m\u00e1s de 26 mil.<\/span><\/p>\n<p><img loading=\"lazy\" decoding=\"async\" class=\"size-medium wp-image-19993\" src=\"http:\/\/noticiasveracruz.com\/wp-content\/uploads\/2023\/11\/14_344-780x470-1-300x181.jpg\" alt=\"\" width=\"300\" height=\"181\" srcset=\"https:\/\/noticiasveracruz.com\/wp-content\/uploads\/2023\/11\/14_344-780x470-1-300x181.jpg 300w, https:\/\/noticiasveracruz.com\/wp-content\/uploads\/2023\/11\/14_344-780x470-1-768x463.jpg 768w, https:\/\/noticiasveracruz.com\/wp-content\/uploads\/2023\/11\/14_344-780x470-1.jpg 780w\" sizes=\"auto, (max-width: 300px) 100vw, 300px\" \/><\/p>\n<p><span style=\"font-size: 14pt;\">\u201cAhora estamos frente a las elecciones m\u00e1s grandes de la joven democracia mexicana, m\u00e1s de 20 mil cargos, 20 mil 263 estar\u00e1n renov\u00e1ndose, adem\u00e1s de las elecciones que se dan en pueblos y comunidades ind\u00edgenas por usos y costumbres o sistemas normativos\u201d, agreg\u00f3.<\/span><\/p>\n<p><span style=\"font-size: 14pt;\">Adujo que el Tribunal de manera c\u00edclica requiere m\u00e1s recursos en los a\u00f1os con proceso electoral federal y concurrente, porque el n\u00famero de asuntos requiere de mayor personal que pueda desahogarlos y garantizar la impartici\u00f3n de justicia electoral de manera oportuna.<\/span><\/p>\n<p><span style=\"font-size: 14pt;\">Dijo que el Tribunal resuelve en un promedio de 16 d\u00edas, 17 d\u00edas durante los procesos electorales, indicador que no se encuentra en ninguna otra parte del mundo, asegur\u00f3.<\/span><\/p>\n<p><span style=\"font-size: 14pt;\">Se\u00f1al\u00f3 que en el a\u00f1o en curso \u201c\u00fanicamente atendimos elecciones en dos entidades a gubernaturas y para 2024 estaremos d\u00e1ndole cauce a elecciones en todo el pa\u00eds, en las 32 entidades, 30 con elecciones en ayuntamientos y alcald\u00edas, 31 a congresos estatales, m\u00e1s las federales\u201d.<\/span><\/p>\n<p><span style=\"font-size: 14pt;\">Actualmente se ha circulado un dictamen en donde se considera simplemente un incremento de 4.8 por ciento, es decir, igual que la inflaci\u00f3n entre 23 y 24.<\/span><\/p>\n<p><span style=\"font-size: 14pt;\">\u201cLa consideraci\u00f3n t\u00e9cnica que se debe hacer es que el presupuesto para 2024 no es y no debe ser comparado con 2023, sino con 2018\u201d, insisti\u00f3.<\/span><\/p>\n<p><span style=\"font-size: 14pt;\">De hecho, el presupuesto ordinario de 2024 que se present\u00f3 no incrementa ni siquiera ese 4.8 por ciento de inflaci\u00f3n. Esto es posible porque el Tribunal Electoral ha aplicado una pol\u00edtica de racionalidad y calidad en el gasto p\u00fablico y hemos podido ir tomando las fortalezas de la pandemia respecto a la implementaci\u00f3n de una Justicia Digital, la inversi\u00f3n en tecnolog\u00eda y a lo largo de seis a\u00f1os se ha podido contener el gasto p\u00fablico del Tribunal, agreg\u00f3.<\/span><\/p>\n<p><span style=\"font-size: 14pt;\">Se\u00f1al\u00f3 que la petici\u00f3n del TEPJF \u201ces un monto suficiente para hacer frente al proceso electoral federal y esperamos que quienes integran la Comisi\u00f3n de Presupuesto, as\u00ed como el Pleno de la C\u00e1mara de Diputados puedan evaluar esa propuesta de reducci\u00f3n de 767.2 millones al presupuesto del Tribunal Electoral del Poder Judicial de la Federaci\u00f3n, prevista en el proyecto de dictamen que est\u00e1 para an\u00e1lisis en la Comisi\u00f3n de Presupuesto el d\u00eda de ma\u00f1ana\u201d.<\/span><\/p>\n","protected":false},"excerpt":{"rendered":"<p>El presidente del Tribunal Electoral del Poder Judicial de la Federaci\u00f3n (TEPJF), Reyes Rodr\u00edguez Mondrag\u00f3n, advirti\u00f3 que un recorte presupuestal<\/p>\n","protected":false},"author":4,"featured_media":19994,"comment_status":"closed","ping_status":"closed","sticky":false,"template":"","format":"standard","meta":{"colormag_page_container_layout":"default_layout","colormag_page_sidebar_layout":"default_layout","_jetpack_memberships_contains_paid_content":false,"footnotes":"","jetpack_publicize_message":"","jetpack_publicize_feature_enabled":true,"jetpack_social_post_already_shared":true,"jetpack_social_options":{"image_generator_settings":{"template":"highway","default_image_id":0,"font":"","enabled":false},"version":2}},"categories":[4],"tags":[],"class_list":["post-19992","post","type-post","status-publish","format-standard","has-post-thumbnail","hentry","category-nacional"],"jetpack_publicize_connections":[],"jetpack_featured_media_url":"https:\/\/noticiasveracruz.com\/wp-content\/uploads\/2023\/11\/roriguezmondragon_0.jpg","jetpack_sharing_enabled":true,"publishpress_future_action":{"enabled":false,"date":"2026-05-06 16:59:58","action":"change-status","newStatus":"draft","terms":[],"taxonomy":"category","extraData":[]},"publishpress_future_workflow_manual_trigger":{"enabledWorkflows":[]},"_links":{"self":[{"href":"https:\/\/noticiasveracruz.com\/index.php\/wp-json\/wp\/v2\/posts\/19992","targetHints":{"allow":["GET"]}}],"collection":[{"href":"https:\/\/noticiasveracruz.com\/index.php\/wp-json\/wp\/v2\/posts"}],"about":[{"href":"https:\/\/noticiasveracruz.com\/index.php\/wp-json\/wp\/v2\/types\/post"}],"author":[{"embeddable":true,"href":"https:\/\/noticiasveracruz.com\/index.php\/wp-json\/wp\/v2\/users\/4"}],"replies":[{"embeddable":true,"href":"https:\/\/noticiasveracruz.com\/index.php\/wp-json\/wp\/v2\/comments?post=19992"}],"version-history":[{"count":0,"href":"https:\/\/noticiasveracruz.com\/index.php\/wp-json\/wp\/v2\/posts\/19992\/revisions"}],"wp:featuredmedia":[{"embeddable":true,"href":"https:\/\/noticiasveracruz.com\/index.php\/wp-json\/wp\/v2\/media\/19994"}],"wp:attachment":[{"href":"https:\/\/noticiasveracruz.com\/index.php\/wp-json\/wp\/v2\/media?parent=19992"}],"wp:term":[{"taxonomy":"category","embeddable":true,"href":"https:\/\/noticiasveracruz.com\/index.php\/wp-json\/wp\/v2\/categories?post=19992"},{"taxonomy":"post_tag","embeddable":true,"href":"https:\/\/noticiasveracruz.com\/index.php\/wp-json\/wp\/v2\/tags?post=19992"}],"curies":[{"name":"wp","href":"https:\/\/api.w.org\/{rel}","templated":true}]}}