{"id":19988,"date":"2023-11-03T08:21:36","date_gmt":"2023-11-03T14:21:36","guid":{"rendered":"https:\/\/noticiasveracruz.com\/?p=19988"},"modified":"2023-11-03T08:21:36","modified_gmt":"2023-11-03T14:21:36","slug":"condena-covaj-medida-de-prision-domiciliaria-para-murillo-karam","status":"publish","type":"post","link":"https:\/\/noticiasveracruz.com\/index.php\/2023\/11\/03\/condena-covaj-medida-de-prision-domiciliaria-para-murillo-karam\/","title":{"rendered":"Condena Covaj medida de prisi\u00f3n domiciliaria para Murillo Karam"},"content":{"rendered":"<p><span style=\"font-size: 14pt;\">El presidente de la Comisi\u00f3n para la Verdad y Acceso a la Justicia en el Caso Ayotzinapa (Covaj), Arturo Medina Padilla, conden\u00f3 el cambio de medida cautelar a prisi\u00f3n domiciliaria para Jes\u00fas Murillo Karam, dentro del proceso penal por delitos de desaparici\u00f3n forzada, tortura y contra la administraci\u00f3n de la justicia, relacionado con la desaparici\u00f3n de los 43 normalistas.<\/span><\/p>\n<p><img loading=\"lazy\" decoding=\"async\" class=\"alignnone size-medium wp-image-19989\" src=\"http:\/\/noticiasveracruz.com\/wp-content\/uploads\/2023\/11\/126388478_4772682c-b245-4965-ba73-7c56229985ee-300x169.jpg\" alt=\"\" width=\"300\" height=\"169\" srcset=\"https:\/\/noticiasveracruz.com\/wp-content\/uploads\/2023\/11\/126388478_4772682c-b245-4965-ba73-7c56229985ee-300x169.jpg 300w, https:\/\/noticiasveracruz.com\/wp-content\/uploads\/2023\/11\/126388478_4772682c-b245-4965-ba73-7c56229985ee.jpg 640w\" sizes=\"auto, (max-width: 300px) 100vw, 300px\" \/><\/p>\n<p class=\"western\"><span style=\"font-size: 14pt;\">Lament\u00f3 que dicha determinaci\u00f3n se emitiera en un d\u00eda inh\u00e1bil, \u201cde manera similar a los \u2018sabadazos\u2019, un procedimiento que no es el m\u00e1s adecuado, pues viola el curso regular de la justicia\u201d, y que el juez de guardia, Jos\u00e9 Rivas Gonz\u00e1lez, \u201cse haya aprovechado del sistema de turnos\u201d para evadir la determinaci\u00f3n del juez Edmundo Manuel Perusia, que es el titular y el que conoce la causa.<\/span><\/p>\n<p class=\"western\"><span style=\"font-size: 14pt;\">\u201cSorprende a\u00fan m\u00e1s que se haya fijado la audiencia en un plazo de tres horas, una rapidez inusitada, ya que en ocasiones la judicializaci\u00f3n de una carpeta se ha logrado despu\u00e9s de 10 meses de ser solicitada, siendo que el plazo legal es de 15 d\u00edas\u201d, manifest\u00f3.<\/span><\/p>\n<p class=\"western\"><span style=\"font-size: 14pt;\">Medina Padilla, subsecretario de Derechos Humanos de la Secretar\u00eda de Gobernaci\u00f3n, sostuvo tambi\u00e9n que la decisi\u00f3n del juez \u201cmanda un mensaje que podr\u00eda avanzar hacia la impunidad\u201d, al tiempo que enfatiz\u00f3 que no obstante con ello no se exonera de cargo alguno a Murillo Karam, quien continuar\u00e1 sujeto a prisi\u00f3n preventiva justificada por tortura y desaparici\u00f3n forzada.<\/span><\/p>\n<p class=\"western\"><span style=\"font-size: 14pt;\">En un comunicado, indic\u00f3 que seg\u00fan lo informado por la Fiscal\u00eda General de la Rep\u00fablica (FGR), durante la audiencia el juez de guardia hizo comentarios \u201cideol\u00f3gico-pol\u00edticos que exceden la argumentaci\u00f3n jur\u00eddica y comprometen la imparcialidad\u201d.<\/span><\/p>\n<p class=\"western\"><span style=\"font-size: 14pt;\">Tampoco, dijo, prest\u00f3 atenci\u00f3n al an\u00e1lisis de riesgo procesal que present\u00f3 el Centro Nacional de Planeaci\u00f3n, An\u00e1lisis e Informaci\u00f3n para el Combate a la Delincuencia en el que se concluye que el riesgo de sustracci\u00f3n es alto, y que no hab\u00edan cambiado las condiciones bajo las cuales le hab\u00edan impuesto la medida cautelar ni los resultados de las siete entrevistas a distintos m\u00e9dicos que han atendido al ex procurador, en las que aseguran que su estado de salud es estable aunque, de requerirse, continuar\u00e1 recibiendo la atenci\u00f3n m\u00e9dica necesaria.<\/span><\/p>\n<p class=\"western\"><span style=\"font-size: 14pt;\">La CoVAJ afirm\u00f3 que dar\u00e1 seguimiento a la impugnaci\u00f3n que presente la Unidad Especial de Investigaci\u00f3n y Litigaci\u00f3n para el Caso Ayotzinapa y solicitar\u00e1 que se interponga una queja ante el Consejo de la Judicatura Federal por el actuar del juez, \u201cal quebrantar el principio de legalidad e imparcialidad\u201d. Adem\u00e1s, que se revise la argumentaci\u00f3n emitida por el juez durante la audiencia.<\/span><\/p>\n","protected":false},"excerpt":{"rendered":"<p>El presidente de la Comisi\u00f3n para la Verdad y Acceso a la Justicia en el Caso Ayotzinapa (Covaj), Arturo Medina<\/p>\n","protected":false},"author":4,"featured_media":19990,"comment_status":"closed","ping_status":"closed","sticky":false,"template":"","format":"standard","meta":{"colormag_page_container_layout":"default_layout","colormag_page_sidebar_layout":"default_layout","_jetpack_memberships_contains_paid_content":false,"footnotes":"","jetpack_publicize_message":"","jetpack_publicize_feature_enabled":true,"jetpack_social_post_already_shared":true,"jetpack_social_options":{"image_generator_settings":{"template":"highway","default_image_id":0,"font":"","enabled":false},"version":2}},"categories":[4],"tags":[],"class_list":["post-19988","post","type-post","status-publish","format-standard","has-post-thumbnail","hentry","category-nacional"],"jetpack_publicize_connections":[],"jetpack_featured_media_url":"https:\/\/noticiasveracruz.com\/wp-content\/uploads\/2023\/11\/1.jpg","jetpack_sharing_enabled":true,"publishpress_future_action":{"enabled":false,"date":"2026-05-06 16:16:09","action":"change-status","newStatus":"draft","terms":[],"taxonomy":"category","extraData":[]},"publishpress_future_workflow_manual_trigger":{"enabledWorkflows":[]},"_links":{"self":[{"href":"https:\/\/noticiasveracruz.com\/index.php\/wp-json\/wp\/v2\/posts\/19988","targetHints":{"allow":["GET"]}}],"collection":[{"href":"https:\/\/noticiasveracruz.com\/index.php\/wp-json\/wp\/v2\/posts"}],"about":[{"href":"https:\/\/noticiasveracruz.com\/index.php\/wp-json\/wp\/v2\/types\/post"}],"author":[{"embeddable":true,"href":"https:\/\/noticiasveracruz.com\/index.php\/wp-json\/wp\/v2\/users\/4"}],"replies":[{"embeddable":true,"href":"https:\/\/noticiasveracruz.com\/index.php\/wp-json\/wp\/v2\/comments?post=19988"}],"version-history":[{"count":0,"href":"https:\/\/noticiasveracruz.com\/index.php\/wp-json\/wp\/v2\/posts\/19988\/revisions"}],"wp:featuredmedia":[{"embeddable":true,"href":"https:\/\/noticiasveracruz.com\/index.php\/wp-json\/wp\/v2\/media\/19990"}],"wp:attachment":[{"href":"https:\/\/noticiasveracruz.com\/index.php\/wp-json\/wp\/v2\/media?parent=19988"}],"wp:term":[{"taxonomy":"category","embeddable":true,"href":"https:\/\/noticiasveracruz.com\/index.php\/wp-json\/wp\/v2\/categories?post=19988"},{"taxonomy":"post_tag","embeddable":true,"href":"https:\/\/noticiasveracruz.com\/index.php\/wp-json\/wp\/v2\/tags?post=19988"}],"curies":[{"name":"wp","href":"https:\/\/api.w.org\/{rel}","templated":true}]}}