{"id":19984,"date":"2023-11-03T08:17:05","date_gmt":"2023-11-03T14:17:05","guid":{"rendered":"https:\/\/noticiasveracruz.com\/?p=19984"},"modified":"2023-11-03T08:17:05","modified_gmt":"2023-11-03T14:17:05","slug":"alimento-lo-que-mas-necesitan-las-familias-damnificadas","status":"publish","type":"post","link":"https:\/\/noticiasveracruz.com\/index.php\/2023\/11\/03\/alimento-lo-que-mas-necesitan-las-familias-damnificadas\/","title":{"rendered":"Alimento, lo que m\u00e1s necesitan las familias damnificadas"},"content":{"rendered":"<p class=\"s-s\"><span style=\"font-size: 14pt;\"><em>Acapulco, Gro.<\/em> \u00c1ngela Torres se limpia las l\u00e1grimas al relatar lo que ha padecido su familia tras el impacto del hurac\u00e1n <em>Otis<\/em> en Acapulco. Pese a vivir en las orillas del municipio, la fuerza del meteoro destruy\u00f3 su vivienda; no obstante, su preocupaci\u00f3n m\u00e1s grande una semana despu\u00e9s no es d\u00f3nde pasar\u00e1 la noche, sino conseguir el alimento para su familia.<\/span><\/p>\n<p><span style=\"font-size: 14pt;\">En los \u00faltimos d\u00edas ha sobrevivido con las reservas de comida que <q>no se llev\u00f3<\/q> el meteoro, pero \u00e9stas se terminaron. Por ello, no duda en afirmar que se siente peor que hace una semana.<\/span><\/p>\n<p><span style=\"font-size: 14pt;\">Ayer tuvo un alivio en su incertidumbre, se\u00f1ala mientras su esposo recibe una de las despensas que la Secretar\u00eda de Marina reparti\u00f3 en la comunidad de San Isidro La Gallinera, donde tambi\u00e9n vive Felipe Morales, quien vio c\u00f3mo el techo de su casa se desprendi\u00f3 y perdi\u00f3 la mitad de sus muebles. \u00c9l mismo se encarg\u00f3 de colocar de nueva cuenta las l\u00e1minas que lograron salvarse.<\/span><\/p>\n<p><img loading=\"lazy\" decoding=\"async\" class=\"size-medium wp-image-19985\" src=\"http:\/\/noticiasveracruz.com\/wp-content\/uploads\/2023\/11\/acapulco-otis_95a4fe67_AP23301057784735_231030142305_2000x1333-300x200.jpg\" alt=\"\" width=\"300\" height=\"200\" srcset=\"https:\/\/noticiasveracruz.com\/wp-content\/uploads\/2023\/11\/acapulco-otis_95a4fe67_AP23301057784735_231030142305_2000x1333-300x200.jpg 300w, https:\/\/noticiasveracruz.com\/wp-content\/uploads\/2023\/11\/acapulco-otis_95a4fe67_AP23301057784735_231030142305_2000x1333-1024x682.jpg 1024w, https:\/\/noticiasveracruz.com\/wp-content\/uploads\/2023\/11\/acapulco-otis_95a4fe67_AP23301057784735_231030142305_2000x1333-768x512.jpg 768w, https:\/\/noticiasveracruz.com\/wp-content\/uploads\/2023\/11\/acapulco-otis_95a4fe67_AP23301057784735_231030142305_2000x1333-1536x1024.jpg 1536w, https:\/\/noticiasveracruz.com\/wp-content\/uploads\/2023\/11\/acapulco-otis_95a4fe67_AP23301057784735_231030142305_2000x1333.jpg 2000w\" sizes=\"auto, (max-width: 300px) 100vw, 300px\" \/><\/p>\n<p><span style=\"font-size: 14pt;\">Tras recibir de igual forma una de las cajas con alimentos, relat\u00f3 que en su hogar viven siete personas, entre su esposa, hijos, su nieta y su nuera. Las despensas, dise\u00f1adas para tres o cuatro personas por cuatro o cinco d\u00edas, en su vivienda alcanza para cubrir sus necesidades por dos d\u00edas nada m\u00e1s.<\/span><\/p>\n<p><span style=\"font-size: 14pt;\">Es electricista de profesi\u00f3n, pero en este momento, <q>nadie da trabajo<\/q> a pesar de las reparaciones necesarias en toda la zona costera, por lo que no tiene ingresos.<\/span><\/p>\n<p><span style=\"font-size: 14pt;\">Se dice agradecido con la ayuda que le permitir\u00e1 tener garantizados los alimentos hasta el domingo. Su rostro cambia y se torna serio y pensativo cuando, anticipa que de no llegar m\u00e1s alimentos para ese d\u00eda, <q>no s\u00e9 qu\u00e9 vamos a hacer. Con esto ah\u00ed la llevamos para pasarla nada m\u00e1s<\/q>.<\/span><\/p>\n","protected":false},"excerpt":{"rendered":"<p>Acapulco, Gro. \u00c1ngela Torres se limpia las l\u00e1grimas al relatar lo que ha padecido su familia tras el impacto del<\/p>\n","protected":false},"author":4,"featured_media":19986,"comment_status":"closed","ping_status":"closed","sticky":false,"template":"","format":"standard","meta":{"colormag_page_container_layout":"default_layout","colormag_page_sidebar_layout":"default_layout","_jetpack_memberships_contains_paid_content":false,"footnotes":"","jetpack_publicize_message":"","jetpack_publicize_feature_enabled":true,"jetpack_social_post_already_shared":true,"jetpack_social_options":{"image_generator_settings":{"template":"highway","default_image_id":0,"font":"","enabled":false},"version":2}},"categories":[4],"tags":[],"class_list":["post-19984","post","type-post","status-publish","format-standard","has-post-thumbnail","hentry","category-nacional"],"jetpack_publicize_connections":[],"jetpack_featured_media_url":"https:\/\/noticiasveracruz.com\/wp-content\/uploads\/2023\/11\/caos-entre-la-poblacion_00000000_231031144533_1200x800.jpg","jetpack_sharing_enabled":true,"publishpress_future_action":{"enabled":false,"date":"2026-05-06 15:31:49","action":"change-status","newStatus":"draft","terms":[],"taxonomy":"category","extraData":[]},"publishpress_future_workflow_manual_trigger":{"enabledWorkflows":[]},"_links":{"self":[{"href":"https:\/\/noticiasveracruz.com\/index.php\/wp-json\/wp\/v2\/posts\/19984","targetHints":{"allow":["GET"]}}],"collection":[{"href":"https:\/\/noticiasveracruz.com\/index.php\/wp-json\/wp\/v2\/posts"}],"about":[{"href":"https:\/\/noticiasveracruz.com\/index.php\/wp-json\/wp\/v2\/types\/post"}],"author":[{"embeddable":true,"href":"https:\/\/noticiasveracruz.com\/index.php\/wp-json\/wp\/v2\/users\/4"}],"replies":[{"embeddable":true,"href":"https:\/\/noticiasveracruz.com\/index.php\/wp-json\/wp\/v2\/comments?post=19984"}],"version-history":[{"count":0,"href":"https:\/\/noticiasveracruz.com\/index.php\/wp-json\/wp\/v2\/posts\/19984\/revisions"}],"wp:featuredmedia":[{"embeddable":true,"href":"https:\/\/noticiasveracruz.com\/index.php\/wp-json\/wp\/v2\/media\/19986"}],"wp:attachment":[{"href":"https:\/\/noticiasveracruz.com\/index.php\/wp-json\/wp\/v2\/media?parent=19984"}],"wp:term":[{"taxonomy":"category","embeddable":true,"href":"https:\/\/noticiasveracruz.com\/index.php\/wp-json\/wp\/v2\/categories?post=19984"},{"taxonomy":"post_tag","embeddable":true,"href":"https:\/\/noticiasveracruz.com\/index.php\/wp-json\/wp\/v2\/tags?post=19984"}],"curies":[{"name":"wp","href":"https:\/\/api.w.org\/{rel}","templated":true}]}}