{"id":19976,"date":"2023-11-03T08:05:43","date_gmt":"2023-11-03T14:05:43","guid":{"rendered":"https:\/\/noticiasveracruz.com\/?p=19976"},"modified":"2023-11-03T08:05:43","modified_gmt":"2023-11-03T14:05:43","slug":"eu-e-israel-impidieron-romper-el-bloqueo-a-cuba","status":"publish","type":"post","link":"https:\/\/noticiasveracruz.com\/index.php\/2023\/11\/03\/eu-e-israel-impidieron-romper-el-bloqueo-a-cuba\/","title":{"rendered":"EU e Israel impidieron romper el bloqueo a Cuba"},"content":{"rendered":"<div class=\"col col1\">\n<p class=\"s-s\"><span style=\"font-size: 14pt;\">La Asamblea General de la Organizaci\u00f3n de Naciones Unidas (ONU) pidi\u00f3 ayer por trig\u00e9sima primera vez que Estados Unidos ponga fin al bloqueo comercial de m\u00e1s de seis d\u00e9cadas contra Cuba, en momentos en que la isla sufre su peor crisis econ\u00f3mica, con escasez de alimentos, medicinas, combustible y otros bienes.<\/span><\/p>\n<p><span style=\"font-size: 14pt;\">En una votaci\u00f3n en la sede de Naciones Unidas en Nueva York, 187 pa\u00edses se manifestaron a favor de levantar el bloqueo, mientras Estados Unidos e Israel se opusieron a una resoluci\u00f3n no vinculante y Ucrania se abstuvo.<\/span><\/p>\n<p><img loading=\"lazy\" decoding=\"async\" class=\"alignnone size-medium wp-image-19978\" src=\"http:\/\/noticiasveracruz.com\/wp-content\/uploads\/2023\/11\/israel-nego-haber-espiado-a-estados-unidos_VG3250423_MG3062941-300x153.jpg\" alt=\"\" width=\"300\" height=\"153\" srcset=\"https:\/\/noticiasveracruz.com\/wp-content\/uploads\/2023\/11\/israel-nego-haber-espiado-a-estados-unidos_VG3250423_MG3062941-300x153.jpg 300w, https:\/\/noticiasveracruz.com\/wp-content\/uploads\/2023\/11\/israel-nego-haber-espiado-a-estados-unidos_VG3250423_MG3062941-1024x523.jpg 1024w, https:\/\/noticiasveracruz.com\/wp-content\/uploads\/2023\/11\/israel-nego-haber-espiado-a-estados-unidos_VG3250423_MG3062941-768x392.jpg 768w, https:\/\/noticiasveracruz.com\/wp-content\/uploads\/2023\/11\/israel-nego-haber-espiado-a-estados-unidos_VG3250423_MG3062941.jpg 1152w\" sizes=\"auto, (max-width: 300px) 100vw, 300px\" \/><\/p>\n<p><span style=\"font-size: 14pt;\">El presidente Miguel D\u00edaz-Canel dijo en la red social X: <q>El mundo se ha pronunciado con palabras enaltecedoras y firmes para reconocer la obra solidaria y de justicia social de Cuba y condenar el bloqueo genocida de Estados Unidos. Hoy votar\u00e1n. Resp\u00e9tense la palabra y la voz de los pueblos. Mejor sin bloqueo<\/q>.<\/span><\/p>\n<p><span style=\"font-size: 14pt;\">El embajador cubano en M\u00e9xico, Marcos Rodr\u00edguez Costa, public\u00f3 en la misma red social: <q>Agradecemos el tradicional respaldo de M\u00e9xico en Naciones Unidas a la resoluci\u00f3n que reclama el fin del bloqueo econ\u00f3mico, comercial y financiero del gobierno de Estados Unidos a Cuba<\/q>.<\/span><\/p>\n<p><span style=\"font-size: 14pt;\">En la sesi\u00f3n de la Asamblea General, el canciller de Cuba, Bruno Rodr\u00edguez, dijo que \u201cel bloqueo impide a Cuba el acceso a alimentos, medicamentos y equipamiento tecnol\u00f3gico y m\u00e9dico\u00bb.<\/span><\/p>\n<p class=\"sumario\"><strong><span style=\"font-size: 14pt;\">Es un acto de <q>guerra<\/q> y <q>genocidio<\/q> de Washington<\/span><\/strong><\/p>\n<p class=\"s-s\"><span style=\"font-size: 14pt;\">Rodr\u00edguez precis\u00f3 que las p\u00e9rdidas debido a las medidas punitivas ascendieron a casi 5 mil millones de d\u00f3lares en 2022 y unos 159 mil millones de d\u00f3lares desde que comenz\u00f3 a aplicarse, a inicios de la d\u00e9cada de 1960.<\/span><\/p>\n<p><span style=\"font-size: 14pt;\">Asever\u00f3 que el bloqueo <q>es un acto de genocidio (&#8230;), un acto deliberado de guerra econ\u00f3mica en tiempos de paz<\/q> para de debilitar la econom\u00eda cubana, provocar hambre y desesperaci\u00f3n en su pueblo y derrocar el gobierno\u201d.<\/span><\/p>\n<p><span style=\"font-size: 14pt;\">Estados Unidos mantiene a Cuba en una lista de naciones que patrocinan el terrorismo.<\/span><\/p>\n<\/div>\n<div class=\"col col2\">\n<p><span style=\"font-size: 14pt;\">Paul Folmsbee, asesor principal para Asuntos del Hemisferio Occidental de Estados Unidos, se\u00f1al\u00f3 que el bloqueo ten\u00eda como finalidad promover <q>los derechos humanos y las libertades fundamentales en Cuba<\/q>.<\/span><\/p>\n<p><span style=\"font-size: 14pt;\">El Congreso estadunidense es el \u00fanico que puede levantar el r\u00e9gimen de sanciones a La Habana. El voto por el <q>s\u00ed<\/q> fue de 185 el a\u00f1o pasado, 184 en 2021 y 187 en 2019.<\/span><\/p>\n<p><span style=\"font-size: 14pt;\">Las resoluciones de la Asamblea General no son vinculantes, pero reflejan la opini\u00f3n mundial y cada a\u00f1o dan a Cuba un escenario donde demostrar los largos esfuerzos de Estados Unidos por aislar a la naci\u00f3n caribe\u00f1a.<\/span><\/p>\n<p><span style=\"font-size: 14pt;\">De visita en Washington, el presidente de Chile, Gabriel Boric, pidi\u00f3 a su hom\u00f3logo estadunidense, Joe Biden, que levante las sanciones contra Cuba y saque a la isla de la lista de pa\u00edses patrocinadores del terrorismo, durante una reuni\u00f3n que tuvieron en la Casa Blanca.<\/span><\/p>\n<p><span style=\"font-size: 14pt;\">El bloqueo fue impuesto en 1960 luego de la revoluci\u00f3n encabezada por Fidel Castro y la nacionalizaci\u00f3n de propiedades de ciudadanos y empresas estadunidenses. Fue reforzado dos a\u00f1os despu\u00e9s.<\/span><\/p>\n<p><span style=\"font-size: 14pt;\">En julio de 2016 el entonces presidente cubano Ra\u00fal Castro y su hom\u00f3logo Barack Obama restauraron oficialmente las relaciones, y ese a\u00f1o por primera vez Estados Unidos se abstuvo en la resoluci\u00f3n que ped\u00eda el fin del bloqueo. Pero el sucesor de Obama, Donald Trump, volvi\u00f3 a votar en contra de la resoluci\u00f3n en 2017.<\/span><\/p>\n<p><span style=\"font-size: 14pt;\">Rodr\u00edguez dijo que se sumaron sanciones en los \u00faltimos d\u00edas de la administraci\u00f3n de Trump y acus\u00f3 a la de Biden de intensificarlas con la finalidad de <q>acosar a Cuba en los sectores econ\u00f3mico y financiero<\/q>.<\/span><\/p>\n<p><span style=\"font-size: 14pt;\">Cuba atraviesa enfrenta una severa crisis econ\u00f3mica y tambi\u00e9n un proceso de transformaci\u00f3n, con la apertura de peque\u00f1as y medianas empresas privadas. Desde que estos negocios se legalizaron, en septiembre de 2021, han surgido m\u00e1s de 8 mil.<\/span><\/p>\n<\/div>\n","protected":false},"excerpt":{"rendered":"<p>La Asamblea General de la Organizaci\u00f3n de Naciones Unidas (ONU) pidi\u00f3 ayer por trig\u00e9sima primera vez que Estados Unidos ponga<\/p>\n","protected":false},"author":4,"featured_media":19977,"comment_status":"closed","ping_status":"closed","sticky":false,"template":"","format":"standard","meta":{"colormag_page_container_layout":"default_layout","colormag_page_sidebar_layout":"default_layout","_jetpack_memberships_contains_paid_content":false,"footnotes":"","jetpack_publicize_message":"","jetpack_publicize_feature_enabled":true,"jetpack_social_post_already_shared":true,"jetpack_social_options":{"image_generator_settings":{"template":"highway","default_image_id":0,"font":"","enabled":false},"version":2}},"categories":[355],"tags":[],"class_list":["post-19976","post","type-post","status-publish","format-standard","has-post-thumbnail","hentry","category-internacional"],"jetpack_publicize_connections":[],"jetpack_featured_media_url":"https:\/\/noticiasveracruz.com\/wp-content\/uploads\/2023\/11\/ga_hall_unat.jpg","jetpack_sharing_enabled":true,"publishpress_future_action":{"enabled":false,"date":"2026-05-06 15:34:26","action":"change-status","newStatus":"draft","terms":[],"taxonomy":"category","extraData":[]},"publishpress_future_workflow_manual_trigger":{"enabledWorkflows":[]},"_links":{"self":[{"href":"https:\/\/noticiasveracruz.com\/index.php\/wp-json\/wp\/v2\/posts\/19976","targetHints":{"allow":["GET"]}}],"collection":[{"href":"https:\/\/noticiasveracruz.com\/index.php\/wp-json\/wp\/v2\/posts"}],"about":[{"href":"https:\/\/noticiasveracruz.com\/index.php\/wp-json\/wp\/v2\/types\/post"}],"author":[{"embeddable":true,"href":"https:\/\/noticiasveracruz.com\/index.php\/wp-json\/wp\/v2\/users\/4"}],"replies":[{"embeddable":true,"href":"https:\/\/noticiasveracruz.com\/index.php\/wp-json\/wp\/v2\/comments?post=19976"}],"version-history":[{"count":0,"href":"https:\/\/noticiasveracruz.com\/index.php\/wp-json\/wp\/v2\/posts\/19976\/revisions"}],"wp:featuredmedia":[{"embeddable":true,"href":"https:\/\/noticiasveracruz.com\/index.php\/wp-json\/wp\/v2\/media\/19977"}],"wp:attachment":[{"href":"https:\/\/noticiasveracruz.com\/index.php\/wp-json\/wp\/v2\/media?parent=19976"}],"wp:term":[{"taxonomy":"category","embeddable":true,"href":"https:\/\/noticiasveracruz.com\/index.php\/wp-json\/wp\/v2\/categories?post=19976"},{"taxonomy":"post_tag","embeddable":true,"href":"https:\/\/noticiasveracruz.com\/index.php\/wp-json\/wp\/v2\/tags?post=19976"}],"curies":[{"name":"wp","href":"https:\/\/api.w.org\/{rel}","templated":true}]}}