{"id":19965,"date":"2023-11-02T11:59:15","date_gmt":"2023-11-02T17:59:15","guid":{"rendered":"https:\/\/noticiasveracruz.com\/?p=19965"},"modified":"2023-11-02T11:59:15","modified_gmt":"2023-11-02T17:59:15","slug":"prision-domiciliaria-a-murillo-karam","status":"publish","type":"post","link":"https:\/\/noticiasveracruz.com\/index.php\/2023\/11\/02\/prision-domiciliaria-a-murillo-karam\/","title":{"rendered":"Prisi\u00f3n domiciliaria a Murillo Karam"},"content":{"rendered":"<p><span style=\"font-size: 14pt;\">El juez de control Jos\u00e9 Rivas Gonz\u00e1lez le concedi\u00f3 el beneficio de la prisi\u00f3n domiciliaria al ex titular de la entonces Procuradur\u00eda General de la Rep\u00fablica (PGR), Jes\u00fas Murillo Karam, dentro del proceso penal que se inici\u00f3 en su contra por los delitos de desaparici\u00f3n forzada, tortura y contra la administraci\u00f3n de la justicia, todo ello relacionado con la investigaci\u00f3n de la desaparici\u00f3n de los 43 normalistas de Ayotzinapa.<\/span><\/p>\n<p><span style=\"font-size: 14pt;\">De acuerdo con fuentes cercanas al caso, durante una audiencia que se llev\u00f3 a cabo en el Centro de Justicia Penal Federal con sede en el Reclusorio Norte, el cambio de medida cautelar se debe por su edad avanzada y su deteriorado estado de salud, por ello el juez de control orden\u00f3 que la prisi\u00f3n preventiva la pueda llevar en su casa de Lomas de Chapultepec, ya que afirm\u00f3 que sus problemas de salud no acreditan el riesgo de fuga.<\/span><\/p>\n<p><span style=\"font-size: 14pt;\">No obstante, el ex funcionario continuar\u00e1 en prisi\u00f3n, debido a que enfrenta un segundo proceso penal por delitos de tortura, desaparici\u00f3n forzada y coalici\u00f3n de servidores p\u00fablicos en agravio de Felipe Rodr\u00edguez Salgado <em>El Cepillo<\/em>, presunto miembro de <em>Guerreros Unidos<\/em>, proceso en el que se le impuso prisi\u00f3n preventiva.<\/span><\/p>\n<p><img loading=\"lazy\" decoding=\"async\" class=\"alignnone size-medium wp-image-19967\" src=\"http:\/\/noticiasveracruz.com\/wp-content\/uploads\/2023\/11\/Jesus-Murillo-Karam_2-300x187.jpg\" alt=\"\" width=\"300\" height=\"187\" srcset=\"https:\/\/noticiasveracruz.com\/wp-content\/uploads\/2023\/11\/Jesus-Murillo-Karam_2-300x187.jpg 300w, https:\/\/noticiasveracruz.com\/wp-content\/uploads\/2023\/11\/Jesus-Murillo-Karam_2.jpg 768w\" sizes=\"auto, (max-width: 300px) 100vw, 300px\" \/><\/p>\n<p><span style=\"font-size: 14pt;\">El togado impuso al ex servidor p\u00fablico medidas adicionales, entre ellas, la colocaci\u00f3n de un brazalete electr\u00f3nico y restricci\u00f3n de acercarse a aeropuertos.<\/span><\/p>\n<p><span style=\"font-size: 14pt;\">Murillo Karam se encuentra en la Torre M\u00e9dica de Tepepan, donde ingres\u00f3 el 30 de junio de este a\u00f1o.<\/span><\/p>\n<p><span style=\"font-size: 14pt;\">Hace dos meses se aplaz\u00f3 para enero de 2024 la audiencia en la que ayer iba a ser imputado por este caso pues la defensa pidi\u00f3 al magistrado diferir la diligencia en espera de que se resuelvan los juicios de amparo promovidos para recabar datos de prueba en favor del quejoso. De ser declarado culpable, alcanzar\u00eda una sentencia de hasta de 82 a\u00f1os de c\u00e1rcel.<\/span><\/p>\n<p><span style=\"font-size: 14pt;\">Murillo Karam, preso en el Reclusorio Norte desde el 20 de agosto de 2022, ha mantenido una intensa batalla judicial por su libertad.<\/span><\/p>\n","protected":false},"excerpt":{"rendered":"<p>El juez de control Jos\u00e9 Rivas Gonz\u00e1lez le concedi\u00f3 el beneficio de la prisi\u00f3n domiciliaria al ex titular de la<\/p>\n","protected":false},"author":4,"featured_media":19966,"comment_status":"closed","ping_status":"closed","sticky":false,"template":"","format":"standard","meta":{"colormag_page_container_layout":"default_layout","colormag_page_sidebar_layout":"default_layout","_jetpack_memberships_contains_paid_content":false,"footnotes":"","jetpack_publicize_message":"","jetpack_publicize_feature_enabled":true,"jetpack_social_post_already_shared":true,"jetpack_social_options":{"image_generator_settings":{"template":"highway","default_image_id":0,"font":"","enabled":false},"version":2}},"categories":[4],"tags":[],"class_list":["post-19965","post","type-post","status-publish","format-standard","has-post-thumbnail","hentry","category-nacional"],"jetpack_publicize_connections":[],"jetpack_featured_media_url":"https:\/\/noticiasveracruz.com\/wp-content\/uploads\/2023\/11\/126371276_gettyimages-479240666.jpg","jetpack_sharing_enabled":true,"publishpress_future_action":{"enabled":false,"date":"2026-05-06 17:43:22","action":"change-status","newStatus":"draft","terms":[],"taxonomy":"category","extraData":[]},"publishpress_future_workflow_manual_trigger":{"enabledWorkflows":[]},"_links":{"self":[{"href":"https:\/\/noticiasveracruz.com\/index.php\/wp-json\/wp\/v2\/posts\/19965","targetHints":{"allow":["GET"]}}],"collection":[{"href":"https:\/\/noticiasveracruz.com\/index.php\/wp-json\/wp\/v2\/posts"}],"about":[{"href":"https:\/\/noticiasveracruz.com\/index.php\/wp-json\/wp\/v2\/types\/post"}],"author":[{"embeddable":true,"href":"https:\/\/noticiasveracruz.com\/index.php\/wp-json\/wp\/v2\/users\/4"}],"replies":[{"embeddable":true,"href":"https:\/\/noticiasveracruz.com\/index.php\/wp-json\/wp\/v2\/comments?post=19965"}],"version-history":[{"count":0,"href":"https:\/\/noticiasveracruz.com\/index.php\/wp-json\/wp\/v2\/posts\/19965\/revisions"}],"wp:featuredmedia":[{"embeddable":true,"href":"https:\/\/noticiasveracruz.com\/index.php\/wp-json\/wp\/v2\/media\/19966"}],"wp:attachment":[{"href":"https:\/\/noticiasveracruz.com\/index.php\/wp-json\/wp\/v2\/media?parent=19965"}],"wp:term":[{"taxonomy":"category","embeddable":true,"href":"https:\/\/noticiasveracruz.com\/index.php\/wp-json\/wp\/v2\/categories?post=19965"},{"taxonomy":"post_tag","embeddable":true,"href":"https:\/\/noticiasveracruz.com\/index.php\/wp-json\/wp\/v2\/tags?post=19965"}],"curies":[{"name":"wp","href":"https:\/\/api.w.org\/{rel}","templated":true}]}}