{"id":19959,"date":"2023-11-02T00:00:15","date_gmt":"2023-11-02T06:00:15","guid":{"rendered":"https:\/\/noticiasveracruz.com\/?p=19959"},"modified":"2023-11-02T00:00:15","modified_gmt":"2023-11-02T06:00:15","slug":"ambicion-mata-tragedia","status":"publish","type":"post","link":"https:\/\/noticiasveracruz.com\/index.php\/2023\/11\/02\/ambicion-mata-tragedia\/","title":{"rendered":"Ambici\u00f3n, mata tragedia"},"content":{"rendered":"<p><span style=\"font-size: 14pt;\"><strong>Por Norma Meraz<\/strong><\/span><\/p>\n<p><span style=\"font-size: 14pt;\">Mientras Acapulco llora, en Palacio r\u00eden.<\/span><\/p>\n<p><span style=\"font-size: 14pt;\">M\u00e1s de un mill\u00f3n de cuerpos llenos de p\u00e1nico, devastados por el hurac\u00e1n OTIS, y el Presidente Andr\u00e9s Manuel L\u00f3pez Obrador, presumiendo que es el segundo Presidente m\u00e1s popular del mundo.<\/span><\/p>\n<p><span style=\"font-size: 14pt;\">\u201cNos fue bien\u201d, afirma desafanado, cuando se refiere al n\u00famero de muertos (46) registrados oficialmente.<\/span><\/p>\n<p><span style=\"font-size: 14pt;\">\u00a1Qu\u00e9 infame\u2026 cuando con un muerto bastar\u00eda para declarar luto nacional!<\/span><\/p>\n<p><span style=\"font-size: 14pt;\">El Presidente viaja -a Acapulco- vistiendo traje, en un jeep atascado en el lodo para la foto.<\/span><\/p>\n<p><span style=\"font-size: 14pt;\">Acapulco ya no est\u00e1 por ahora, en el mapa de los destinos tur\u00edsticos de playa, favoritos de mexicanos y extranjeros.<\/span><\/p>\n<p><span style=\"font-size: 14pt;\">L\u00f3pez Obrador que se cobija con \u201cel pueblo bueno que lo cuida\u201d, hoy le ha fallado a ese pueblo. Hoy no camina entre los que le aplauden cuando se mezcla para que le tomen selfis.<\/span><\/p>\n<p><span style=\"font-size: 14pt;\">No, ahora\u00a0 ve desde arriba, desde un helic\u00f3ptero para no ensuciarse los zapatos<\/span><br \/>\n<span style=\"font-size: 14pt;\">-importados-, para no asolearse, para que no le griten\u201d auxilio\u201d o para que no le chiflen y le reclamen su ausencia.<\/span><\/p>\n<p><span style=\"font-size: 14pt;\">Los muertos no son los que tendr\u00e1n entierro, los muertos son, quienes ven sepultadas sus pertenencias, su trabajo, sus esperanzas y su futuro.<\/span><\/p>\n<p><span style=\"font-size: 14pt;\">\u00a1Agua y comida!, claman los damnificados por el hurac\u00e1n, mientras desde el p\u00falpito de Palacio, brotan reclamos y descalificaciones a los comunicadores que informan con objetividad la dimensi\u00f3n de la tragedia. Pero claro, en la democracia, la prensa es anti pol\u00edtica.<\/span><\/p>\n<p><span style=\"font-size: 14pt;\">En la capital de la Rep\u00fablica el Presidente se resiste a dejar la palestra, pues su obsesi\u00f3n por polarizar a la sociedad, lo lleva a lanzar consejas, patra\u00f1as contra \u201csus fantasmas\u201d que son nada menos que sus oponentes a cuanta ocurrencia lanza cada desma\u00f1anada.<\/span><\/p>\n<p><span style=\"font-size: 14pt;\">S\u00f3lo \u00e9l tiene la raz\u00f3n y el poder de la palabra que dispara como flecha envenenada.<\/span><\/p>\n<p><span style=\"font-size: 14pt;\">Ahora, ya expuso su plan para la reconstrucci\u00f3n de Acapulco; se invertir\u00e1n 61 mil millones de pesos.<\/span><\/p>\n<p><span style=\"font-size: 14pt;\">\u00bfC\u00f3mo definir el monto de la inversi\u00f3n para tal cosa, si a\u00fan no se cuenta con el levantamiento puntual del desastre?<\/span><\/p>\n<p><span style=\"font-size: 14pt;\">De entrada, no le salen las cuentas, pues los que s\u00ed saben de esto, afirman que, se queda muy corto en los n\u00fameros y los tiempos que requiere Acapulco, para ponerse de pie.<\/span><\/p>\n<p><span style=\"font-size: 14pt;\">\u00bfPorqu\u00e9 contratar a 10 mil de los llamados \u201cj\u00f3venes construyendo el futuro\u201d, cuando m\u00e1s de 10 mil desempleados acapulque\u00f1os demandan trabajo?<\/span><\/p>\n<p><span style=\"font-size: 14pt;\">\u00bfPorqu\u00e9 omitir las medidas urgentes a tomar para evitar una crisis sanitaria que se avecina, por la ingesta de agua contaminada y habitar en medio de charcos plagados de mosquitos y animales en descomposici\u00f3n?<\/span><\/p>\n<p><span style=\"font-size: 14pt;\">No dejemos de lado que, \u00a1el Estado de Guerrero es de ya!, un Estado donde se expande el crimen organizado -la Nueva Familia michoacana-, que tender\u00e1 sus redes para engrosar sus filas, a trav\u00e9s de la contrataci\u00f3n de trabajadores para la reconstrucci\u00f3n o para la venta de materiales diversos y montar cadenas de distribuci\u00f3n de cemento, l\u00e1mina, aluminio, vidrio, etc., \u00bfluego cobrar derecho de piso y despu\u00e9s extorsionar?<\/span><\/p>\n<p><span style=\"font-size: 14pt;\">Colonias enteras han puesto ya barricadas para protegerse, pues la inseguridad cunde en Acapulco.<\/span><\/p>\n<p><span style=\"font-size: 14pt;\">Si esta situaci\u00f3n crece, tal vez surjan las autodefensas y si es as\u00ed, no se auguran tiempos de calma.<\/span><\/p>\n<p><span style=\"font-size: 14pt;\">Acapulco merece atenci\u00f3n puntual en muchos flancos al mismo tiempo pero, con una planeaci\u00f3n seria: t\u00e9cnica, financiera, de salud y seguridad, hecha por especialistas experimentados en cada tema, no un programa hecho sobre las rodillas y con prop\u00f3sitos absolutamente pol\u00edtico-electorales como hasta hoy se est\u00e1n elaborando.<\/span><\/p>\n<p><span style=\"font-size: 14pt;\">La ambici\u00f3n pol\u00edtica est\u00e1 por encima de la tragedia de Acapulco, en otras palabras: \u201cambici\u00f3n, mata\u00a0 tragedia\u201d!<\/span><\/p>\n<p><span style=\"font-size: 14pt;\">\u00a0\u00a1Digamos \u00a0la Verdad!<\/span><\/p>\n<p><img loading=\"lazy\" decoding=\"async\" class=\"alignnone wp-image-19765 size-full\" src=\"http:\/\/noticiasveracruz.com\/wp-content\/uploads\/2023\/10\/FIRMA-EDITORIAL-PD-3.jpg\" alt=\"\" width=\"1024\" height=\"125\" srcset=\"https:\/\/noticiasveracruz.com\/wp-content\/uploads\/2023\/10\/FIRMA-EDITORIAL-PD-3.jpg 1024w, https:\/\/noticiasveracruz.com\/wp-content\/uploads\/2023\/10\/FIRMA-EDITORIAL-PD-3-300x37.jpg 300w, https:\/\/noticiasveracruz.com\/wp-content\/uploads\/2023\/10\/FIRMA-EDITORIAL-PD-3-768x94.jpg 768w\" sizes=\"auto, (max-width: 1024px) 100vw, 1024px\" \/><\/p>\n","protected":false},"excerpt":{"rendered":"<p>Por Norma Meraz Mientras Acapulco llora, en Palacio r\u00eden. M\u00e1s de un mill\u00f3n de cuerpos llenos de p\u00e1nico, devastados por<\/p>\n","protected":false},"author":4,"featured_media":10124,"comment_status":"closed","ping_status":"closed","sticky":false,"template":"","format":"standard","meta":{"colormag_page_container_layout":"default_layout","colormag_page_sidebar_layout":"default_layout","_jetpack_memberships_contains_paid_content":false,"footnotes":"","jetpack_publicize_message":"","jetpack_publicize_feature_enabled":true,"jetpack_social_post_already_shared":true,"jetpack_social_options":{"image_generator_settings":{"template":"highway","default_image_id":0,"font":"","enabled":false},"version":2}},"categories":[6],"tags":[],"class_list":["post-19959","post","type-post","status-publish","format-standard","has-post-thumbnail","hentry","category-columnistas"],"jetpack_publicize_connections":[],"jetpack_featured_media_url":"https:\/\/noticiasveracruz.com\/wp-content\/uploads\/2022\/11\/P-NORMA-MERAZ-NV.png","jetpack_sharing_enabled":true,"publishpress_future_action":{"enabled":false,"date":"2026-05-06 19:15:12","action":"change-status","newStatus":"draft","terms":[],"taxonomy":"category","extraData":[]},"publishpress_future_workflow_manual_trigger":{"enabledWorkflows":[]},"_links":{"self":[{"href":"https:\/\/noticiasveracruz.com\/index.php\/wp-json\/wp\/v2\/posts\/19959","targetHints":{"allow":["GET"]}}],"collection":[{"href":"https:\/\/noticiasveracruz.com\/index.php\/wp-json\/wp\/v2\/posts"}],"about":[{"href":"https:\/\/noticiasveracruz.com\/index.php\/wp-json\/wp\/v2\/types\/post"}],"author":[{"embeddable":true,"href":"https:\/\/noticiasveracruz.com\/index.php\/wp-json\/wp\/v2\/users\/4"}],"replies":[{"embeddable":true,"href":"https:\/\/noticiasveracruz.com\/index.php\/wp-json\/wp\/v2\/comments?post=19959"}],"version-history":[{"count":0,"href":"https:\/\/noticiasveracruz.com\/index.php\/wp-json\/wp\/v2\/posts\/19959\/revisions"}],"wp:featuredmedia":[{"embeddable":true,"href":"https:\/\/noticiasveracruz.com\/index.php\/wp-json\/wp\/v2\/media\/10124"}],"wp:attachment":[{"href":"https:\/\/noticiasveracruz.com\/index.php\/wp-json\/wp\/v2\/media?parent=19959"}],"wp:term":[{"taxonomy":"category","embeddable":true,"href":"https:\/\/noticiasveracruz.com\/index.php\/wp-json\/wp\/v2\/categories?post=19959"},{"taxonomy":"post_tag","embeddable":true,"href":"https:\/\/noticiasveracruz.com\/index.php\/wp-json\/wp\/v2\/tags?post=19959"}],"curies":[{"name":"wp","href":"https:\/\/api.w.org\/{rel}","templated":true}]}}