{"id":19936,"date":"2023-11-01T17:31:45","date_gmt":"2023-11-01T23:31:45","guid":{"rendered":"https:\/\/noticiasveracruz.com\/?p=19936"},"modified":"2023-11-01T17:31:45","modified_gmt":"2023-11-01T23:31:45","slug":"gobierno-de-tuxpan-premia-a-ganadores-del-concurso-de-altares-y-malinches","status":"publish","type":"post","link":"https:\/\/noticiasveracruz.com\/index.php\/2023\/11\/01\/gobierno-de-tuxpan-premia-a-ganadores-del-concurso-de-altares-y-malinches\/","title":{"rendered":"Gobierno de Tuxpan premia a ganadores del Concurso de Altares y Malinches"},"content":{"rendered":"<p><span style=\"font-size: 14pt;\">Tuxpan, Ver. &#8211; Como muestra de respeto y amor por nuestras tradiciones, se llev\u00f3 a cabo el Concurso de Altares y el Concurso de Malinches en la Plaza C\u00edvica, en el segundo d\u00eda del Festival \u201cD\u00eda de Muertos, Tradici\u00f3n que nos Une\u201d.<\/span><\/p>\n<p><span style=\"font-size: 14pt;\">El alcalde Jos\u00e9 Manuel Pozos Castro mencion\u00f3 estar contento por la participaci\u00f3n de las escuelas y comunidades de nuestro municipio en estos concursos:<\/span><\/p>\n<p><span style=\"font-size: 14pt;\">\u201cEste es el Tuxpan que queremos, participando en las tradiciones que nos unen y nos llenan de orgullo\u201d.<\/span><\/p>\n<p><img loading=\"lazy\" decoding=\"async\" class=\"alignnone size-medium wp-image-19938\" src=\"http:\/\/noticiasveracruz.com\/wp-content\/uploads\/2023\/11\/WhatsApp-Image-2023-11-01-at-16.43.491-300x199.jpeg\" alt=\"\" width=\"300\" height=\"199\" srcset=\"https:\/\/noticiasveracruz.com\/wp-content\/uploads\/2023\/11\/WhatsApp-Image-2023-11-01-at-16.43.491-300x199.jpeg 300w, https:\/\/noticiasveracruz.com\/wp-content\/uploads\/2023\/11\/WhatsApp-Image-2023-11-01-at-16.43.491-1024x681.jpeg 1024w, https:\/\/noticiasveracruz.com\/wp-content\/uploads\/2023\/11\/WhatsApp-Image-2023-11-01-at-16.43.491-768x511.jpeg 768w, https:\/\/noticiasveracruz.com\/wp-content\/uploads\/2023\/11\/WhatsApp-Image-2023-11-01-at-16.43.491.jpeg 1280w\" sizes=\"auto, (max-width: 300px) 100vw, 300px\" \/><\/p>\n<p><span style=\"font-size: 14pt;\">En el concurso de altares particip\u00f3 la escuela de bachilleres Prof. Manuel C. Tello, la capilla Cristo Rey, el grupo de Pentatl\u00f3n y el portal de noticias Foro Tuxpan.<\/span><\/p>\n<p><span style=\"font-size: 14pt;\">El jurado conformado por el regidor Luis Demetrio L\u00f3pez Mar\u00edn; la directora de Museos y Bibliotecas, Marisol Miquelajauregui Guzm\u00e1n y la Sra. Sandra Nader, calific\u00f3 la originalidad, creatividad y el uso de los elementos tradicionales.<\/span><\/p>\n<p><img loading=\"lazy\" decoding=\"async\" class=\"alignnone size-medium wp-image-19939\" src=\"http:\/\/noticiasveracruz.com\/wp-content\/uploads\/2023\/11\/WhatsApp-Image-2023-11-01-at-16.43.492-300x199.jpeg\" alt=\"\" width=\"300\" height=\"199\" srcset=\"https:\/\/noticiasveracruz.com\/wp-content\/uploads\/2023\/11\/WhatsApp-Image-2023-11-01-at-16.43.492-300x199.jpeg 300w, https:\/\/noticiasveracruz.com\/wp-content\/uploads\/2023\/11\/WhatsApp-Image-2023-11-01-at-16.43.492-1024x681.jpeg 1024w, https:\/\/noticiasveracruz.com\/wp-content\/uploads\/2023\/11\/WhatsApp-Image-2023-11-01-at-16.43.492-768x511.jpeg 768w, https:\/\/noticiasveracruz.com\/wp-content\/uploads\/2023\/11\/WhatsApp-Image-2023-11-01-at-16.43.492.jpeg 1280w\" sizes=\"auto, (max-width: 300px) 100vw, 300px\" \/><\/p>\n<p><span style=\"font-size: 14pt;\">Los ganadores de los premios en efectivo fueron en 1er. lugar la escuela Manuel C. Tello, obteniendo 10 mil pesos; el 2\u00ba lugar fue el Pentatl\u00f3n, 8 mil pesos; y el 3er. lugar fue para la capilla Cristo Rey, 5 mil pesos.<\/span><\/p>\n<p><span style=\"font-size: 14pt;\">Posteriormente, dentro de la categor\u00eda infantil del Concurso de Malinches participaron las primarias Vicente Guerrero, del km 8 Pa\u00edses Bajos; Ford 192, de la colonia Manlio Fabio Altamirano; Ni\u00f1os H\u00e9roes, de la comunidad Chalahuite, y Benito Ju\u00e1rez, de la comunidad Buenos Aires.<\/span><\/p>\n<p><img loading=\"lazy\" decoding=\"async\" class=\"alignnone size-medium wp-image-19937\" src=\"http:\/\/noticiasveracruz.com\/wp-content\/uploads\/2023\/11\/WhatsApp-Image-2023-11-01-at-16.43.48-300x199.jpeg\" alt=\"\" width=\"300\" height=\"199\" srcset=\"https:\/\/noticiasveracruz.com\/wp-content\/uploads\/2023\/11\/WhatsApp-Image-2023-11-01-at-16.43.48-300x199.jpeg 300w, https:\/\/noticiasveracruz.com\/wp-content\/uploads\/2023\/11\/WhatsApp-Image-2023-11-01-at-16.43.48-1024x681.jpeg 1024w, https:\/\/noticiasveracruz.com\/wp-content\/uploads\/2023\/11\/WhatsApp-Image-2023-11-01-at-16.43.48-768x511.jpeg 768w, https:\/\/noticiasveracruz.com\/wp-content\/uploads\/2023\/11\/WhatsApp-Image-2023-11-01-at-16.43.48.jpeg 1280w\" sizes=\"auto, (max-width: 300px) 100vw, 300px\" \/><\/p>\n<p><span style=\"font-size: 14pt;\">As\u00ed mismo, en la categor\u00eda \u201cAdultos\u201d las agrupaciones de la colonia Insurgentes; de las comunidades Pa\u00edses Bajos, Cruz Naranjos, La Esperanza km 12, Laja del Tubo, Pr\u00e1xedis Guerrero, Pe\u00f1a de Afuera; del ejido Alto Lucero; de la Facultad de Ciencias Biol\u00f3gicas y Agropecuarias de la UV y la Malinche \u201cAgentes Unidos\u201d realizaron con gran talento representaciones de La Malinche.<\/span><\/p>\n<p><img loading=\"lazy\" decoding=\"async\" class=\"alignnone size-medium wp-image-19941\" src=\"http:\/\/noticiasveracruz.com\/wp-content\/uploads\/2023\/11\/WhatsApp-Image-2023-11-01-at-16.43.49-300x199.jpeg\" alt=\"\" width=\"300\" height=\"199\" srcset=\"https:\/\/noticiasveracruz.com\/wp-content\/uploads\/2023\/11\/WhatsApp-Image-2023-11-01-at-16.43.49-300x199.jpeg 300w, https:\/\/noticiasveracruz.com\/wp-content\/uploads\/2023\/11\/WhatsApp-Image-2023-11-01-at-16.43.49-1024x681.jpeg 1024w, https:\/\/noticiasveracruz.com\/wp-content\/uploads\/2023\/11\/WhatsApp-Image-2023-11-01-at-16.43.49-768x511.jpeg 768w, https:\/\/noticiasveracruz.com\/wp-content\/uploads\/2023\/11\/WhatsApp-Image-2023-11-01-at-16.43.49.jpeg 1280w\" sizes=\"auto, (max-width: 300px) 100vw, 300px\" \/><\/p>\n<p><span style=\"font-size: 14pt;\">El jurado para este concurso lo integraron el Lic. Guillermo Dom\u00ednguez Aguilar, el Prof. El\u00edas Buitian God\u00ednez, la Mtra. Patricia Abigail Noguera Ortiz y la Mtra. Mayra Juana Cruz Manzanares, quienes tomaron en cuenta el vestuario, la verser\u00eda y la originalidad de cada grupo.<\/span><\/p>\n<p><span style=\"font-size: 14pt;\">El primer lugar de la categor\u00eda infantil fue para la primaria Vicente Guerrero, haci\u00e9ndose acreedora a un premio en efectivo de 3 mil pesos; en segundo lugar, la escuela Ford 192, ganadora de 2 mil pesos y en tercer lugar la primaria Benito Ju\u00e1rez, que obtuvo un premio de mil pesos.<\/span><\/p>\n<p><span style=\"font-size: 14pt;\">En la categor\u00eda de adultos las agrupaciones triunfadoras fueron: en 1er. lugar la comunidad Pa\u00edses Bajos km 8, ganadores de 10 mil pesos, en 2\u00ba lugar Laja del Tubo, 8 mil pesos; y en 3er. lugar la colonia Insurgentes, 5 mil pesos.<\/span><\/p>\n<p><span style=\"font-size: 14pt;\">Israel Luna Osorio, director de Cultura; el Lic. Eduardo Andrade Rocha, director de Asuntos Jur\u00eddicos del Ayuntamiento de Tuxpan; y Jes\u00fas Carballo Serrano, director de Desarrollo Social estuvieron a cargo de la premiaci\u00f3n.<\/span><\/p>\n<p><span style=\"font-size: 14pt;\">Hoy, a partir de las 8:00 de la noche, en la plaza c\u00edvica, se celebrar\u00e1 el tercer d\u00eda de este festival.<\/span><\/p>\n","protected":false},"excerpt":{"rendered":"<p>Tuxpan, Ver. &#8211; Como muestra de respeto y amor por nuestras tradiciones, se llev\u00f3 a cabo el Concurso de Altares<\/p>\n","protected":false},"author":4,"featured_media":19940,"comment_status":"closed","ping_status":"closed","sticky":false,"template":"","format":"standard","meta":{"colormag_page_container_layout":"default_layout","colormag_page_sidebar_layout":"default_layout","_jetpack_memberships_contains_paid_content":false,"footnotes":"","jetpack_publicize_message":"","jetpack_publicize_feature_enabled":true,"jetpack_social_post_already_shared":true,"jetpack_social_options":{"image_generator_settings":{"template":"highway","default_image_id":0,"font":"","enabled":false},"version":2}},"categories":[356],"tags":[],"class_list":["post-19936","post","type-post","status-publish","format-standard","has-post-thumbnail","hentry","category-veracruz"],"jetpack_publicize_connections":[],"jetpack_featured_media_url":"https:\/\/noticiasveracruz.com\/wp-content\/uploads\/2023\/11\/WhatsApp-Image-2023-11-01-at-16.43.493.jpeg","jetpack_sharing_enabled":true,"publishpress_future_action":{"enabled":false,"date":"2026-05-06 22:21:45","action":"change-status","newStatus":"draft","terms":[],"taxonomy":"category","extraData":[]},"publishpress_future_workflow_manual_trigger":{"enabledWorkflows":[]},"_links":{"self":[{"href":"https:\/\/noticiasveracruz.com\/index.php\/wp-json\/wp\/v2\/posts\/19936","targetHints":{"allow":["GET"]}}],"collection":[{"href":"https:\/\/noticiasveracruz.com\/index.php\/wp-json\/wp\/v2\/posts"}],"about":[{"href":"https:\/\/noticiasveracruz.com\/index.php\/wp-json\/wp\/v2\/types\/post"}],"author":[{"embeddable":true,"href":"https:\/\/noticiasveracruz.com\/index.php\/wp-json\/wp\/v2\/users\/4"}],"replies":[{"embeddable":true,"href":"https:\/\/noticiasveracruz.com\/index.php\/wp-json\/wp\/v2\/comments?post=19936"}],"version-history":[{"count":0,"href":"https:\/\/noticiasveracruz.com\/index.php\/wp-json\/wp\/v2\/posts\/19936\/revisions"}],"wp:featuredmedia":[{"embeddable":true,"href":"https:\/\/noticiasveracruz.com\/index.php\/wp-json\/wp\/v2\/media\/19940"}],"wp:attachment":[{"href":"https:\/\/noticiasveracruz.com\/index.php\/wp-json\/wp\/v2\/media?parent=19936"}],"wp:term":[{"taxonomy":"category","embeddable":true,"href":"https:\/\/noticiasveracruz.com\/index.php\/wp-json\/wp\/v2\/categories?post=19936"},{"taxonomy":"post_tag","embeddable":true,"href":"https:\/\/noticiasveracruz.com\/index.php\/wp-json\/wp\/v2\/tags?post=19936"}],"curies":[{"name":"wp","href":"https:\/\/api.w.org\/{rel}","templated":true}]}}