{"id":19910,"date":"2023-11-01T11:33:23","date_gmt":"2023-11-01T17:33:23","guid":{"rendered":"https:\/\/noticiasveracruz.com\/?p=19910"},"modified":"2023-11-01T11:33:23","modified_gmt":"2023-11-01T17:33:23","slug":"celebra-amlo-respuesta-de-pina","status":"publish","type":"post","link":"https:\/\/noticiasveracruz.com\/index.php\/2023\/11\/01\/celebra-amlo-respuesta-de-pina\/","title":{"rendered":"Celebra AMLO respuesta de Pi\u00f1a"},"content":{"rendered":"<p><span style=\"font-size: 14pt;\">El presidente Andr\u00e9s Manuel L\u00f3pez Obrador celebr\u00f3 la respuesta de la presidenta de la Suprema Corte de Justicia de la Naci\u00f3n (SCJN), Norma Pi\u00f1a Hern\u00e1ndez, ante la propuesta que lanz\u00f3 el martes para lograr un acuerdo al Poder Judicial de la Federaci\u00f3n (PJF) en busca de que los 15 mil millones de pesos de sus fideicomisos que aval\u00f3 el Congreso de la Uni\u00f3n desaparecer, se destinen a ayudar a los damnificados de Acapulco por el hurac\u00e1n <em>Otis<\/em>.<\/span><\/p>\n<p><span style=\"font-size: 14pt;\">\u201cMiren la actitud de la presidenta de la Suprema Corte, muy bien su respuesta. Claro que tenemos diferencias, pero por encima de las diferencias debe prevalecer siempre el inter\u00e9s general, el inter\u00e9s del pueblo. Celebro lo que decidieron, que los 15 mil millones de pesos de los fideicomisos del Poder Judicial se destinen para apoyar a los damnificados de Acapulco, lo veo muy bien\u201d, expres\u00f3 el mandatario durante su conferencia de prensa matutina.<\/span><\/p>\n<p><span style=\"font-size: 14pt;\">Consultado sobre el amparo concedido por un juez federal para que dichos fideicomisos no puedan ser reintegrados a la tesorer\u00eda de la federaci\u00f3n por el momento, el titular del Ejecutivo federal apunt\u00f3 que \u201cese es otro asunto\u201d que, confi\u00f3, se resolver\u00e1 en las instancias correspondientes, pero insisti\u00f3 que \u201cla decisi\u00f3n importante es el que por escrito, la presidenta de la Suprema Corte se comprometa a que van a entregar a los damnificados los 15 mil millones de pesos\u201d.<\/span><\/p>\n<p><img loading=\"lazy\" decoding=\"async\" class=\"size-medium wp-image-19912\" src=\"http:\/\/noticiasveracruz.com\/wp-content\/uploads\/2023\/11\/file_20231028230116-300x169.jpg\" alt=\"\" width=\"300\" height=\"169\" srcset=\"https:\/\/noticiasveracruz.com\/wp-content\/uploads\/2023\/11\/file_20231028230116-300x169.jpg 300w, https:\/\/noticiasveracruz.com\/wp-content\/uploads\/2023\/11\/file_20231028230116.jpg 710w\" sizes=\"auto, (max-width: 300px) 100vw, 300px\" \/><\/p>\n<p><span style=\"font-size: 14pt;\">El tabasque\u00f1o adujo que, \u201cdebe de haber varios, muchos enojados con eso\u201d, y consider\u00f3 que habr\u00e1 quienes \u201cdeben de haberse sentido traicionados, porque apuestan al pleito, porque, c\u00f3mo es que la presidenta cede cuando deber\u00eda de seguir atacando, porque sus intereses son otros\u201d.<\/span><\/p>\n<p><span style=\"font-size: 14pt;\">No obstante reiter\u00f3: \u201cLo importante es que ayer hago un planteamiento y ayer mismo, para m\u00ed, de manera responsable, hay una respuesta de la presidenta de la Corte. Hasta ah\u00ed me quedo, y lo celebro por el bien de todos\u201d<\/span><\/p>\n<p><span style=\"font-size: 14pt;\">En tanto, acot\u00f3 que si por alg\u00fan motivo no se aportan los 15 mil millones de pesos, \u201cnosotros tenemos los recursos para apoyar a los damnificados, pero ser\u00eda muy bueno, un buen gesto, el que esos recursos se apliquen para apoyar a la gente, al pueblo que lo necesita\u201d.<\/span><\/p>\n<p><span style=\"font-size: 14pt;\">Para la coordinaci\u00f3n con los Poderes Judicial y Legislativo, el presidente design\u00f3 a la titular de la Secretar\u00eda de Gobernaci\u00f3n para que, apoyada con el Secretario de Hacienda, a partir de hoy busquen la comunicaci\u00f3n con la presidenta de la SCJN y con representantes del Congreso para concretar un acuerdo.<\/span><\/p>\n<p><span style=\"font-size: 14pt;\">Durante la conferencia de prensa matutina se dio a conocer que los grupos parlamentarios en la C\u00e1mara de Diputados enviaron un oficio al presidente de la Rep\u00fablica, firmada por el panista Jorge Romero como presidente de la Junta de Coordinaci\u00f3n Pol\u00edtica y los coordinadores de las bancadas, con el que confirman que se adhieren a la propuesta para destinar dichos recursos a Acapulco.<\/span><\/p>\n","protected":false},"excerpt":{"rendered":"<p>El presidente Andr\u00e9s Manuel L\u00f3pez Obrador celebr\u00f3 la respuesta de la presidenta de la Suprema Corte de Justicia de la<\/p>\n","protected":false},"author":4,"featured_media":19911,"comment_status":"closed","ping_status":"closed","sticky":false,"template":"","format":"standard","meta":{"colormag_page_container_layout":"default_layout","colormag_page_sidebar_layout":"default_layout","_jetpack_memberships_contains_paid_content":false,"footnotes":"","jetpack_publicize_message":"","jetpack_publicize_feature_enabled":true,"jetpack_social_post_already_shared":true,"jetpack_social_options":{"image_generator_settings":{"template":"highway","default_image_id":0,"font":"","enabled":false},"version":2}},"categories":[4],"tags":[],"class_list":["post-19910","post","type-post","status-publish","format-standard","has-post-thumbnail","hentry","category-nacional"],"jetpack_publicize_connections":[],"jetpack_featured_media_url":"https:\/\/noticiasveracruz.com\/wp-content\/uploads\/2023\/11\/16849496538688.jpg","jetpack_sharing_enabled":true,"publishpress_future_action":{"enabled":false,"date":"2026-05-07 04:24:03","action":"change-status","newStatus":"draft","terms":[],"taxonomy":"category","extraData":[]},"publishpress_future_workflow_manual_trigger":{"enabledWorkflows":[]},"_links":{"self":[{"href":"https:\/\/noticiasveracruz.com\/index.php\/wp-json\/wp\/v2\/posts\/19910","targetHints":{"allow":["GET"]}}],"collection":[{"href":"https:\/\/noticiasveracruz.com\/index.php\/wp-json\/wp\/v2\/posts"}],"about":[{"href":"https:\/\/noticiasveracruz.com\/index.php\/wp-json\/wp\/v2\/types\/post"}],"author":[{"embeddable":true,"href":"https:\/\/noticiasveracruz.com\/index.php\/wp-json\/wp\/v2\/users\/4"}],"replies":[{"embeddable":true,"href":"https:\/\/noticiasveracruz.com\/index.php\/wp-json\/wp\/v2\/comments?post=19910"}],"version-history":[{"count":0,"href":"https:\/\/noticiasveracruz.com\/index.php\/wp-json\/wp\/v2\/posts\/19910\/revisions"}],"wp:featuredmedia":[{"embeddable":true,"href":"https:\/\/noticiasveracruz.com\/index.php\/wp-json\/wp\/v2\/media\/19911"}],"wp:attachment":[{"href":"https:\/\/noticiasveracruz.com\/index.php\/wp-json\/wp\/v2\/media?parent=19910"}],"wp:term":[{"taxonomy":"category","embeddable":true,"href":"https:\/\/noticiasveracruz.com\/index.php\/wp-json\/wp\/v2\/categories?post=19910"},{"taxonomy":"post_tag","embeddable":true,"href":"https:\/\/noticiasveracruz.com\/index.php\/wp-json\/wp\/v2\/tags?post=19910"}],"curies":[{"name":"wp","href":"https:\/\/api.w.org\/{rel}","templated":true}]}}