{"id":19907,"date":"2023-11-01T11:26:14","date_gmt":"2023-11-01T17:26:14","guid":{"rendered":"https:\/\/noticiasveracruz.com\/?p=19907"},"modified":"2023-11-01T11:26:14","modified_gmt":"2023-11-01T17:26:14","slug":"la-alianza-partidista-en-veracruz","status":"publish","type":"post","link":"https:\/\/noticiasveracruz.com\/index.php\/2023\/11\/01\/la-alianza-partidista-en-veracruz\/","title":{"rendered":"La Alianza Partidista en Veracruz"},"content":{"rendered":"<ul>\n<li><span style=\"font-size: 14pt;\"><strong>El prop\u00f3sito es llegar a las elecciones en unidad y fortaleza<\/strong><\/span><\/li>\n<li><span style=\"font-size: 14pt;\"><strong>El PRI en etapa de restructuraci\u00f3n interna y de las bases<\/strong><\/span><\/li>\n<li><span style=\"font-size: 14pt;\"><strong>Que el PRI ser\u00e1 el partido que logre sumar el mayor n\u00famero de votos<\/strong><\/span><\/li>\n<\/ul>\n<p><span style=\"font-size: 14pt;\"><strong>Por Miguel Angel Cristiani G.<\/strong><\/span><\/p>\n<p><span style=\"font-size: 14pt;\">El dirigente estatal del PRI Adolfo Ram\u00edrez Arana estuvo platicando con el grupo de periodistas de los 10, sobre las pr\u00f3ximas elecciones del a\u00f1o entrante en que se habr\u00e1n de elegir desde la gubernatura, senadores, diputados federales y locales; el proceso electoral, los posibles candidatos, la participaci\u00f3n de la llamada Alianza Electoral y de las tareas que le corresponden desarrollar como nuevo dirigente del tricolor.<\/span><\/p>\n<p><span style=\"font-size: 14pt;\">El ex presidente municipal de Paso de Ovejas y diputado local, reiter\u00f3 que est\u00e1n abiertos al di\u00e1logo con todos los sectores, con el prop\u00f3sito de llegar a las elecciones en unidad y fortaleza.<\/span><\/p>\n<p><span style=\"font-size: 14pt;\">Est\u00e1n trabajando todos los d\u00edas, con seriedad y para restructurar la base priista, para ello se est\u00e1 reuniendo con los diferentes sectores municipales, con quienes ha encontrado buen \u00e1nimo y apoyo para participar.<\/span><\/p>\n<p><span style=\"font-size: 14pt;\">Esto no quiere decir que se vaya a cambiar todo, se est\u00e1n analizando las distintas carteras del Comit\u00e9 Directivo Estatal y a nivel distrital y municipal, se va a valorar a quienes han realizado una buena labor y quieren seguir apoyando al partido.<\/span><\/p>\n<p><span style=\"font-size: 14pt;\">Ram\u00edrez Arana augur\u00f3 que el PRI ser\u00e1 el partido que logre sumar el mayor n\u00famero de votos el a\u00f1o entrante de todos los que integran la Alianza Electoral.<\/span><\/p>\n<p><span style=\"font-size: 14pt;\">Coment\u00f3 que lo que la gente pide y quiere es que ya se vaya Morena del poder pol\u00edtico, porque no ha dado los resultados que se esperaban.<\/span><\/p>\n<p><img loading=\"lazy\" decoding=\"async\" class=\"alignnone size-medium wp-image-19908\" src=\"http:\/\/noticiasveracruz.com\/wp-content\/uploads\/2023\/11\/398808899_936496941461083_3308490755784478956_n-300x170.jpg\" alt=\"\" width=\"300\" height=\"170\" srcset=\"https:\/\/noticiasveracruz.com\/wp-content\/uploads\/2023\/11\/398808899_936496941461083_3308490755784478956_n-300x170.jpg 300w, https:\/\/noticiasveracruz.com\/wp-content\/uploads\/2023\/11\/398808899_936496941461083_3308490755784478956_n-768x436.jpg 768w, https:\/\/noticiasveracruz.com\/wp-content\/uploads\/2023\/11\/398808899_936496941461083_3308490755784478956_n.jpg 952w\" sizes=\"auto, (max-width: 300px) 100vw, 300px\" \/><\/p>\n<p><span style=\"font-size: 14pt;\">\u201cEl partido trabaja con toda seriedad para poner orden. No trabaja para nadie en particular, trabaja para las mayor\u00edas y sobre todos por la unidad\u201d<\/span><\/p>\n<p><span style=\"font-size: 14pt;\">Cuestionado sobre una lista de supuestos aviadores que cobraban en el partido sin trabajar y que se ha publicado en redes sociales, asegur\u00f3 que es falsa y se trata de un fuego amigo.<\/span><\/p>\n<p><span style=\"font-size: 14pt;\">En cuanto a si al PRI le corresponder\u00e1 el proponer al candidato o candidata a la gubernatura, esto fue lo que nos respondi\u00f3:<\/span><\/p>\n<p><span style=\"font-size: 14pt;\">\u201cPrimero que salgan las reglas del Frente Amplio, que los partidos PRI, PAN y PRD digan si vamos en alianza, yo creo que, no tardando, puede ser el mes de noviembre. En tiempos, vamos bien, me preguntaban ayer si no sent\u00edamos que \u00edbamos tarde con los de enfrente de Morena que de hecho ya andan en campa\u00f1a, la respuesta es que no, porque nuestros aspirantes a gobernador, no est\u00e1n caminando apenas desde hace seis a\u00f1os para ac\u00e1, como los que hoy nos quieren imponer, que son personajes que conocimos hace seis a\u00f1os y que antes no los conoc\u00eda nadie.<\/span><\/p>\n<p><span style=\"font-size: 14pt;\">Los que traemos en el Partido Revolucionario Institucional han estado ah\u00ed siempre, recorriendo el estado, en nivel de conocimiento estamos seguros que est\u00e1n arriba de los que hoy est\u00e1n ah\u00ed caminando, entonces, nosotros no nos apura definir eso.<\/span><\/p>\n<p><span style=\"font-size: 14pt;\">S\u00ed nos ocupa el salir unidos, eso tenemos que hacerlo.<\/span><\/p>\n<p><span style=\"font-size: 14pt;\">Dijo que est\u00e1 seguro que el Frente Amplio Opositor ganar\u00e1 en Veracruz y que tiene claro que el PRI aportar\u00e1 una gran cantidad de votos. Dijo que ve \u00e1nimo positivo en cada priista que se qued\u00f3 en el partido y que todos quieren aportar su granito de arena para el triunfo.<\/span><\/p>\n<p><span style=\"font-size: 14pt;\">Respecto al cuestionado nombramiento de Adolfo Ram\u00edrez Arana como presidente del CDE del PRI y la diputada Lorena Pi\u00f1\u00f3n como secretaria general, reconoci\u00f3 que si ha habido inconformes: evidentemente, s\u00ed ha sido cuestionado, pero lo que tenemos que decir es que al presidente nacional le faculta la designaci\u00f3n, toda vez que ya estaba vencido el per\u00edodo en el estado de Veracruz. Que quienes estaban inclusive, ya quer\u00edan ver el cambio, pero estatutariamente no se pod\u00eda abrir un proceso interno. Entonces lo que procede es la designaci\u00f3n, Lorena y un servidor, venimos con la vista puesta en el 2024, fortalecer al partido, aceitar las estructuras, hacer el trabajo pol\u00edtico que tengamos que hacer para trabajar por los priistas, para dar una buena estructura y dar resultados en cuanto a la votaci\u00f3n de nuestro partido en la siguiente elecci\u00f3n.<\/span><\/p>\n<p><span style=\"font-size: 14pt;\">Para m\u00e1s informaci\u00f3n consulta nuestra p\u00e1gina\u00a0<a href=\"https:\/\/www.xn--bitacoraspolticas-ovb.com\/\" data-saferedirecturl=\"https:\/\/www.google.com\/url?q=https:\/\/www.xn--bitacoraspolticas-ovb.com\/&amp;source=gmail&amp;ust=1698944716525000&amp;usg=AOvVaw3prZ_seyfHxiiJRXEqAley\">https:\/\/www.xn--bitacoraspolticas-ovb.com\/<\/a><\/span><\/p>\n<p><img loading=\"lazy\" decoding=\"async\" class=\"alignnone wp-image-19765 size-full\" src=\"http:\/\/noticiasveracruz.com\/wp-content\/uploads\/2023\/10\/FIRMA-EDITORIAL-PD-3.jpg\" alt=\"\" width=\"1024\" height=\"125\" srcset=\"https:\/\/noticiasveracruz.com\/wp-content\/uploads\/2023\/10\/FIRMA-EDITORIAL-PD-3.jpg 1024w, https:\/\/noticiasveracruz.com\/wp-content\/uploads\/2023\/10\/FIRMA-EDITORIAL-PD-3-300x37.jpg 300w, https:\/\/noticiasveracruz.com\/wp-content\/uploads\/2023\/10\/FIRMA-EDITORIAL-PD-3-768x94.jpg 768w\" sizes=\"auto, (max-width: 1024px) 100vw, 1024px\" \/><\/p>\n","protected":false},"excerpt":{"rendered":"<p>El prop\u00f3sito es llegar a las elecciones en unidad y fortaleza El PRI en etapa de restructuraci\u00f3n interna y de<\/p>\n","protected":false},"author":4,"featured_media":3280,"comment_status":"closed","ping_status":"closed","sticky":false,"template":"","format":"standard","meta":{"colormag_page_container_layout":"default_layout","colormag_page_sidebar_layout":"default_layout","_jetpack_memberships_contains_paid_content":false,"footnotes":"","jetpack_publicize_message":"","jetpack_publicize_feature_enabled":true,"jetpack_social_post_already_shared":true,"jetpack_social_options":{"image_generator_settings":{"template":"highway","default_image_id":0,"font":"","enabled":false},"version":2}},"categories":[6],"tags":[],"class_list":["post-19907","post","type-post","status-publish","format-standard","has-post-thumbnail","hentry","category-columnistas"],"jetpack_publicize_connections":[],"jetpack_featured_media_url":"https:\/\/noticiasveracruz.com\/wp-content\/uploads\/2022\/04\/NV-MIGUEL-A\u0301NGEL-CRISTIANI.png","jetpack_sharing_enabled":true,"publishpress_future_action":{"enabled":false,"date":"2026-05-07 02:50:07","action":"change-status","newStatus":"draft","terms":[],"taxonomy":"category","extraData":[]},"publishpress_future_workflow_manual_trigger":{"enabledWorkflows":[]},"_links":{"self":[{"href":"https:\/\/noticiasveracruz.com\/index.php\/wp-json\/wp\/v2\/posts\/19907","targetHints":{"allow":["GET"]}}],"collection":[{"href":"https:\/\/noticiasveracruz.com\/index.php\/wp-json\/wp\/v2\/posts"}],"about":[{"href":"https:\/\/noticiasveracruz.com\/index.php\/wp-json\/wp\/v2\/types\/post"}],"author":[{"embeddable":true,"href":"https:\/\/noticiasveracruz.com\/index.php\/wp-json\/wp\/v2\/users\/4"}],"replies":[{"embeddable":true,"href":"https:\/\/noticiasveracruz.com\/index.php\/wp-json\/wp\/v2\/comments?post=19907"}],"version-history":[{"count":0,"href":"https:\/\/noticiasveracruz.com\/index.php\/wp-json\/wp\/v2\/posts\/19907\/revisions"}],"wp:featuredmedia":[{"embeddable":true,"href":"https:\/\/noticiasveracruz.com\/index.php\/wp-json\/wp\/v2\/media\/3280"}],"wp:attachment":[{"href":"https:\/\/noticiasveracruz.com\/index.php\/wp-json\/wp\/v2\/media?parent=19907"}],"wp:term":[{"taxonomy":"category","embeddable":true,"href":"https:\/\/noticiasveracruz.com\/index.php\/wp-json\/wp\/v2\/categories?post=19907"},{"taxonomy":"post_tag","embeddable":true,"href":"https:\/\/noticiasveracruz.com\/index.php\/wp-json\/wp\/v2\/tags?post=19907"}],"curies":[{"name":"wp","href":"https:\/\/api.w.org\/{rel}","templated":true}]}}