{"id":19900,"date":"2023-11-01T11:16:22","date_gmt":"2023-11-01T17:16:22","guid":{"rendered":"https:\/\/noticiasveracruz.com\/?p=19900"},"modified":"2023-11-01T11:16:22","modified_gmt":"2023-11-01T17:16:22","slug":"sict-otorga-a-empresa-militar-titulo-de-asignacion-de-aeropuerto-de-tulum","status":"publish","type":"post","link":"https:\/\/noticiasveracruz.com\/index.php\/2023\/11\/01\/sict-otorga-a-empresa-militar-titulo-de-asignacion-de-aeropuerto-de-tulum\/","title":{"rendered":"SICT otorga a empresa militar t\u00edtulo de asignaci\u00f3n de aeropuerto de Tulum"},"content":{"rendered":"<p><span style=\"font-size: 14pt;\">La Secretar\u00eda de Infraestructura, Comunicaciones y Transportes otorg\u00f3 a la empresa militar Grupo Aeroportuario, Ferroviario, de Servicios Auxiliares y Conexos, Olmeca-Maya-Mexica el t\u00edtulo de asignaci\u00f3n para administrar, operar, explotar, y en su caso, construir el Aeropuerto Internacional de Tulum \u201cFelipe Carrillo Puerto\u201d, en Quintana Roo.<\/span><\/p>\n<p><span style=\"font-size: 14pt;\">\u201cLa vigencia del t\u00edtulo de asignaci\u00f3n ser\u00e1 por tiempo indefinido, y solo concluir\u00e1 cuando se acredite fehacientemente que ya no existe causa de utilidad p\u00fablica, inter\u00e9s p\u00fablico, inter\u00e9s general, inter\u00e9s social que salvaguardar, o por razones de seguridad nacional que la justifiquen\u201d, muestra la publicaci\u00f3n en el Diario Oficial de la Federaci\u00f3n.<\/span><\/p>\n<p><span style=\"font-size: 14pt;\">El Aeropuerto Internacional de Tulum se suma al conglomerado militar que el gobierno del presidente Andr\u00e9s Manuel L\u00f3pez Obrador ha construido alrededor de la Secretar\u00eda de la Defensa Nacional, y que incluye tambi\u00e9n el Tren Maya y el Aeropuerto Internacional Felipe \u00c1ngeles, en Santa Luc\u00eda; todos impulsados con recursos presupuestarios.<\/span><\/p>\n<p><span style=\"font-size: 14pt;\">De acuerdo con lo anunciado por el gobierno federal, el Aeropuerto Internacional de Tulum \u201cFelipe Carrillo Puerto\u201d estar\u00e1 listo para su operaci\u00f3n en diciembre de 2023, al igual que el Tren Maya, el principal proyecto de esta administraci\u00f3n en la pen\u00ednsula sur.<\/span><\/p>\n","protected":false},"excerpt":{"rendered":"<p>La Secretar\u00eda de Infraestructura, Comunicaciones y Transportes otorg\u00f3 a la empresa militar Grupo Aeroportuario, Ferroviario, de Servicios Auxiliares y Conexos,<\/p>\n","protected":false},"author":4,"featured_media":19901,"comment_status":"closed","ping_status":"closed","sticky":false,"template":"","format":"standard","meta":{"colormag_page_container_layout":"default_layout","colormag_page_sidebar_layout":"default_layout","_jetpack_memberships_contains_paid_content":false,"footnotes":"","jetpack_publicize_message":"","jetpack_publicize_feature_enabled":true,"jetpack_social_post_already_shared":true,"jetpack_social_options":{"image_generator_settings":{"template":"highway","default_image_id":0,"font":"","enabled":false},"version":2}},"categories":[145],"tags":[],"class_list":["post-19900","post","type-post","status-publish","format-standard","has-post-thumbnail","hentry","category-estados"],"jetpack_publicize_connections":[],"jetpack_featured_media_url":"https:\/\/noticiasveracruz.com\/wp-content\/uploads\/2023\/11\/WIMUZYGHYRCHNNCE62K36SLW6E.jpg","jetpack_sharing_enabled":true,"publishpress_future_action":{"enabled":false,"date":"2026-05-07 16:49:24","action":"change-status","newStatus":"draft","terms":[],"taxonomy":"category","extraData":[]},"publishpress_future_workflow_manual_trigger":{"enabledWorkflows":[]},"_links":{"self":[{"href":"https:\/\/noticiasveracruz.com\/index.php\/wp-json\/wp\/v2\/posts\/19900","targetHints":{"allow":["GET"]}}],"collection":[{"href":"https:\/\/noticiasveracruz.com\/index.php\/wp-json\/wp\/v2\/posts"}],"about":[{"href":"https:\/\/noticiasveracruz.com\/index.php\/wp-json\/wp\/v2\/types\/post"}],"author":[{"embeddable":true,"href":"https:\/\/noticiasveracruz.com\/index.php\/wp-json\/wp\/v2\/users\/4"}],"replies":[{"embeddable":true,"href":"https:\/\/noticiasveracruz.com\/index.php\/wp-json\/wp\/v2\/comments?post=19900"}],"version-history":[{"count":0,"href":"https:\/\/noticiasveracruz.com\/index.php\/wp-json\/wp\/v2\/posts\/19900\/revisions"}],"wp:featuredmedia":[{"embeddable":true,"href":"https:\/\/noticiasveracruz.com\/index.php\/wp-json\/wp\/v2\/media\/19901"}],"wp:attachment":[{"href":"https:\/\/noticiasveracruz.com\/index.php\/wp-json\/wp\/v2\/media?parent=19900"}],"wp:term":[{"taxonomy":"category","embeddable":true,"href":"https:\/\/noticiasveracruz.com\/index.php\/wp-json\/wp\/v2\/categories?post=19900"},{"taxonomy":"post_tag","embeddable":true,"href":"https:\/\/noticiasveracruz.com\/index.php\/wp-json\/wp\/v2\/tags?post=19900"}],"curies":[{"name":"wp","href":"https:\/\/api.w.org\/{rel}","templated":true}]}}