{"id":19874,"date":"2023-10-31T10:12:28","date_gmt":"2023-10-31T16:12:28","guid":{"rendered":"https:\/\/noticiasveracruz.com\/?p=19874"},"modified":"2023-10-31T10:12:28","modified_gmt":"2023-10-31T16:12:28","slug":"y-si-perdio-rocio","status":"publish","type":"post","link":"https:\/\/noticiasveracruz.com\/index.php\/2023\/10\/31\/y-si-perdio-rocio\/","title":{"rendered":"\u00bfY si perdi\u00f3 Roc\u00edo?"},"content":{"rendered":"<p><span style=\"font-size: 14pt;\"><strong>Por Aurelio Contreras Moreno<\/strong><\/span><\/p>\n<p><span style=\"font-size: 14pt;\">M\u00e1s que suspicacias ha generado la decisi\u00f3n de Morena de aplazar el anuncio de los resultados de sus encuestas para definir a sus \u201ccoordinadores estatales de defensa de la transformaci\u00f3n\u201d. O sin eufemismos ni payasadas para burlar la ley, a sus candidatos y candidatas a las nueve gubernaturas que se renovar\u00e1n en 2024, entre \u00e9stas la de Veracruz.<\/span><\/p>\n<p><span style=\"font-size: 14pt;\">Originalmente, estaba previsto que este lunes 30 de octubre se dieran a conocer los resultados y a los ganadores de las dichosas encuestas.\u00a0Pero el pasado viernes, a trav\u00e9s de un escueto comunicado, Morena dio a conocer que pospone hasta el 10 de noviembre el anuncio, sin ofrecer mayor explicaci\u00f3n del porqu\u00e9, lo que de inmediato provoc\u00f3 fundadas sospechas de que el proceso se les sali\u00f3 de las manos.<\/span><\/p>\n<p><span style=\"font-size: 14pt;\">La justificaci\u00f3n que algunos voceros salieron a dar, en el sentido de que la demora era para ayudar a los damnificados por el desastre dejado por el hurac\u00e1n \u201cOtis\u201d en Guerrero es tonta y falaz. Todos los aspirantes morenistas han continuado con sus actividades de proselitismo como si nada, promovi\u00e9ndose en medios y redes incluso hasta con mayor intensidad.<\/span><\/p>\n<p><span style=\"font-size: 14pt;\">Esa especie de \u201climbo\u201d de diez d\u00edas no tiene entonces justificaci\u00f3n alguna. Menos aun cuando es sabido que los resultados de las encuestas ya est\u00e1n en poder de los dirigentes de ese partido. As\u00ed que m\u00e1s bien, lo que parece es que dichos resultados no deben ser los que esperaban y solo decidieron ganar tiempo para ver qu\u00e9 hacer con ello, c\u00f3mo negociar e imponer a quienes ya estaban preseleccionados.<\/span><\/p>\n<p><span style=\"font-size: 14pt;\">En estados como Veracruz y Puebla, y especialmente en la Ciudad de M\u00e9xico, la competencia interna ha sido m\u00e1s dura de lo que los muy poco democr\u00e1ticos l\u00edderes morenistas pensaban, y ahora est\u00e1n metidos en un atolladero del que pueden salir muy mal parados.<\/span><\/p>\n<p><span style=\"font-size: 14pt;\">La contienda en Veracruz ha sido cualquier cosa, menos un d\u00eda de campo para la ex secretaria de Energ\u00eda Roc\u00edo Nahle, quien simplemente no conecta ni con las huestes morenistas. Toda su fuerza depende de la operaci\u00f3n directa de los gobiernos estatal y federal y del acarreo y derroche en su favor. Su aspiraci\u00f3n es tan artificial como su veracruzan\u00eda. Y no ser\u00eda raro que, como se ha especulado desde la noche del pasado viernes, no haya sido favorecida por las tendencias.<\/span><\/p>\n<p><span style=\"font-size: 14pt;\">Solo as\u00ed puede explicarse que de sus dos \u00fanicos antagonistas reales en la contienda interna en Veracruz \u2013los dem\u00e1s siempre fueron comparsa-, uno se proclame ganador a los cuatro vientos y el otro est\u00e9 exigiendo desde el fin de semana que se den a conocer ya cu\u00e1les fueron los resultados.<\/span><\/p>\n<p><span style=\"font-size: 14pt;\">Empero, este plazo de diez d\u00edas podr\u00eda servir para \u201cacomodar\u201d los datos, de tal suerte que puedan salir el 10 de noviembre a anunciar tendencias \u201ccuchareadas\u201d en favor de quienes estaban perfilados desde el principio para ser favorecidos.<\/span><\/p>\n<p><span style=\"font-size: 14pt;\">Las declaraciones este mismo fin de semana de la presidenta del Consejo Estatal de Morena \u2013quien, por qu\u00e9 no, al mismo tiempo cobra como secretaria del Trabajo de la \u201chonest\u00edsima\u201d administraci\u00f3n de Cuitl\u00e1huac Garc\u00eda-, Dorheny Garc\u00eda Cayetano, as\u00ed lo dejan entrever. Subray\u00f3 que \u201chay que analizar el tema cualitativo\u201d y, adem\u00e1s de la encuesta \u201chay que tomar en cuenta estos otros elementos pol\u00edticos, sociales y de g\u00e9nero\u201d. Especialmente este \u00faltimo elemento, el del g\u00e9nero, es el que podr\u00eda darles la salida que buscan en Veracruz si al final en el estado les toca postular mujer.<\/span><\/p>\n<p><span style=\"font-size: 14pt;\">Pero si Nahle no gana a la buena ni en Morena, \u00bfc\u00f3mo cree usted que buscar\u00eda ganar la gubernatura?<\/span><\/p>\n<p><span style=\"font-size: 14pt;\"><strong>Los conflictos pueden esperar<\/strong><\/span><\/p>\n<p><span style=\"font-size: 14pt;\">Nos cuentan que la Direcci\u00f3n de Pol\u00edtica Regional de la Secretar\u00eda de Gobierno de Veracruz est\u00e1 ahogada en la m\u00e1s absoluta inoperancia.<\/span><\/p>\n<p><span style=\"font-size: 14pt;\">Su titular, H\u00e9ctor Eduardo Cipri\u00e1n M\u00e9ndez, conocido por sus excesos y prepotencia dentro y fuera de la dependencia, ha resultado ser un caro adorno, pues no atiende, previene ni desarticula ninguno de los conflictos sociales que hay en la entidad.<\/span><\/p>\n<p><span style=\"font-size: 14pt;\">Pero como es muy cercano al actual encargado de despacho de la Secretar\u00eda de Gobierno, Carlos Ju\u00e1rez \u2013quien tampoco sirve para mucho-, pues ah\u00ed se mantiene, usando la dependencia como si fuera la red social Tinder, \u201cif you know what I mean\u201d.<\/span><\/p>\n<p><span style=\"font-size: 14pt;\">Total, los conflictos en Veracruz pueden esperar.<\/span><\/p>\n<p><img loading=\"lazy\" decoding=\"async\" class=\"alignnone wp-image-19765 size-full\" src=\"http:\/\/noticiasveracruz.com\/wp-content\/uploads\/2023\/10\/FIRMA-EDITORIAL-PD-3.jpg\" alt=\"\" width=\"1024\" height=\"125\" srcset=\"https:\/\/noticiasveracruz.com\/wp-content\/uploads\/2023\/10\/FIRMA-EDITORIAL-PD-3.jpg 1024w, https:\/\/noticiasveracruz.com\/wp-content\/uploads\/2023\/10\/FIRMA-EDITORIAL-PD-3-300x37.jpg 300w, https:\/\/noticiasveracruz.com\/wp-content\/uploads\/2023\/10\/FIRMA-EDITORIAL-PD-3-768x94.jpg 768w\" sizes=\"auto, (max-width: 1024px) 100vw, 1024px\" \/><\/p>\n","protected":false},"excerpt":{"rendered":"<p>Por Aurelio Contreras Moreno M\u00e1s que suspicacias ha generado la decisi\u00f3n de Morena de aplazar el anuncio de los resultados<\/p>\n","protected":false},"author":4,"featured_media":3578,"comment_status":"closed","ping_status":"closed","sticky":false,"template":"","format":"standard","meta":{"colormag_page_container_layout":"default_layout","colormag_page_sidebar_layout":"default_layout","_jetpack_memberships_contains_paid_content":false,"footnotes":"","jetpack_publicize_message":"","jetpack_publicize_feature_enabled":true,"jetpack_social_post_already_shared":true,"jetpack_social_options":{"image_generator_settings":{"template":"highway","default_image_id":0,"font":"","enabled":false},"version":2}},"categories":[6],"tags":[],"class_list":["post-19874","post","type-post","status-publish","format-standard","has-post-thumbnail","hentry","category-columnistas"],"jetpack_publicize_connections":[],"jetpack_featured_media_url":"https:\/\/noticiasveracruz.com\/wp-content\/uploads\/2022\/04\/P-AURELIO-CONTRERAS.png","jetpack_sharing_enabled":true,"publishpress_future_action":{"enabled":false,"date":"2026-05-07 20:54:18","action":"change-status","newStatus":"draft","terms":[],"taxonomy":"category","extraData":[]},"publishpress_future_workflow_manual_trigger":{"enabledWorkflows":[]},"_links":{"self":[{"href":"https:\/\/noticiasveracruz.com\/index.php\/wp-json\/wp\/v2\/posts\/19874","targetHints":{"allow":["GET"]}}],"collection":[{"href":"https:\/\/noticiasveracruz.com\/index.php\/wp-json\/wp\/v2\/posts"}],"about":[{"href":"https:\/\/noticiasveracruz.com\/index.php\/wp-json\/wp\/v2\/types\/post"}],"author":[{"embeddable":true,"href":"https:\/\/noticiasveracruz.com\/index.php\/wp-json\/wp\/v2\/users\/4"}],"replies":[{"embeddable":true,"href":"https:\/\/noticiasveracruz.com\/index.php\/wp-json\/wp\/v2\/comments?post=19874"}],"version-history":[{"count":0,"href":"https:\/\/noticiasveracruz.com\/index.php\/wp-json\/wp\/v2\/posts\/19874\/revisions"}],"wp:featuredmedia":[{"embeddable":true,"href":"https:\/\/noticiasveracruz.com\/index.php\/wp-json\/wp\/v2\/media\/3578"}],"wp:attachment":[{"href":"https:\/\/noticiasveracruz.com\/index.php\/wp-json\/wp\/v2\/media?parent=19874"}],"wp:term":[{"taxonomy":"category","embeddable":true,"href":"https:\/\/noticiasveracruz.com\/index.php\/wp-json\/wp\/v2\/categories?post=19874"},{"taxonomy":"post_tag","embeddable":true,"href":"https:\/\/noticiasveracruz.com\/index.php\/wp-json\/wp\/v2\/tags?post=19874"}],"curies":[{"name":"wp","href":"https:\/\/api.w.org\/{rel}","templated":true}]}}