{"id":19860,"date":"2023-10-31T09:51:22","date_gmt":"2023-10-31T15:51:22","guid":{"rendered":"https:\/\/noticiasveracruz.com\/?p=19860"},"modified":"2023-10-31T09:51:22","modified_gmt":"2023-10-31T15:51:22","slug":"caravana-de-5-mil-migrantes-parte-de-tapachula","status":"publish","type":"post","link":"https:\/\/noticiasveracruz.com\/index.php\/2023\/10\/31\/caravana-de-5-mil-migrantes-parte-de-tapachula\/","title":{"rendered":"Caravana de 5 mil migrantes parte de Tapachula"},"content":{"rendered":"<p class=\"s-s\"><span style=\"font-size: 14pt;\"><em>Tapachula, Chis.<\/em>\u00a0Unos 5 mil migrantes de pa\u00edses de Centro y Sudam\u00e9rica, as\u00ed como del Caribe, partieron ayer por la ma\u00f1ana de esta ciudad lim\u00edtrofe con Guatemala, en una nueva caravana con la que pretenden llegar al norte de M\u00e9xico y cruzar la frontera con Estados Unidos.<\/span><\/p>\n<p><span style=\"font-size: 14pt;\">Irineo Mujica, de la organizaci\u00f3n Pueblo Sin Fronteras, indic\u00f3 que antes de salir los extranjeros enviaron un documento formal al titular del Instituto Nacional de Migraci\u00f3n (INM), Francisco Gardu\u00f1o, a quien solicitaron permisos de tr\u00e1nsito, pero no hubo respuesta.<\/span><\/p>\n<p><span style=\"font-size: 14pt;\">Entonces decidieron emprender el viaje, con el argumento de que en la frontera sur no hay empleo, y los tr\u00e1mites de regularizaci\u00f3n ante la Comisi\u00f3n Mexicana de Ayuda a Refugiados (Comar) y el INM tardan de seis meses a un a\u00f1o.<\/span><\/p>\n<p><span style=\"font-size: 14pt;\"><q>Es una irresponsabilidad del gobierno federal tratar de contener algo que es incontenible: el n\u00famero de migrantes; los pa\u00edses est\u00e1n aventando la migraci\u00f3n como si fuera un r\u00edo incontenible e impuls\u00e1ndola hacia M\u00e9xico y Estados Unidos, simplemente no tiene manera de parar esto<\/q>, expres\u00f3 Mujica.<\/span><\/p>\n<p><span style=\"font-size: 14pt;\">El activista a\u00f1adi\u00f3 que muchos extranjeros\u00a0<q>est\u00e1n en situaci\u00f3n de calle, las rentas est\u00e1n muy caras, se han triplicado, igual la comida. Deben aguardar de seis meses a un a\u00f1o, es imposible definitivamente tener a tantos<\/q>.<\/span><\/p>\n<p><img loading=\"lazy\" decoding=\"async\" class=\"alignnone size-medium wp-image-19861\" src=\"http:\/\/noticiasveracruz.com\/wp-content\/uploads\/2023\/10\/caravan-3-1-300x184.jpg\" alt=\"\" width=\"300\" height=\"184\" srcset=\"https:\/\/noticiasveracruz.com\/wp-content\/uploads\/2023\/10\/caravan-3-1-300x184.jpg 300w, https:\/\/noticiasveracruz.com\/wp-content\/uploads\/2023\/10\/caravan-3-1-768x472.jpg 768w, https:\/\/noticiasveracruz.com\/wp-content\/uploads\/2023\/10\/caravan-3-1.jpg 850w\" sizes=\"auto, (max-width: 300px) 100vw, 300px\" \/><\/p>\n<p><span style=\"font-size: 14pt;\">La caravana, integrada en su mayor\u00eda por personas de Honduras, El Salvador, Guatemala, Nicaragua, Venezuela, Hait\u00ed y Cuba, tom\u00f3 la carretera federal rumbo a Arriaga, dejando atr\u00e1s la cabecera de Tapachula, donde llevaban meses esperando que la Comar y el INM les resuelvan sus tr\u00e1mites migratorios.<\/span><\/p>\n<p><span style=\"font-size: 14pt;\">El contingente es custodiado por patrullas estatales y de la Guardia Nacional para agilizar el tr\u00e1fico vehicular, y en esta ocasi\u00f3n no se vieron intentos de detenerla, como ha ocurrido con otros \u00e9xodos.<\/span><\/p>\n<p><span style=\"font-size: 14pt;\">Familias completas, mujeres embarazadas y hombres empujando carriolas con sus hijos caminaron durante unas cinco horas a lo largo de casi 15 kil\u00f3metros para llegar a su primera escala, la comunidad \u00c1lvaro Obreg\u00f3n, municipio de Tapachula, donde descansaron bajo un \u00e1rea techada; algunos se guarecieron bajo \u00e1rboles y otros montaron casas de campa\u00f1a.<\/span><\/p>\n<p><span style=\"font-size: 14pt;\">Decidieron avanzar poco para no exponerse a las lluvias intensas vespertinas, producto de la tormenta tropical\u00a0<em>Pilar<\/em>, que afecta la costa del Pac\u00edfico, al sur de Chiapas.<\/span><\/p>\n<p><span style=\"font-size: 14pt;\">El hondure\u00f1o Carlos Eduardo Mart\u00ednez cont\u00f3 que decidi\u00f3 sumarse a la caravana porque llevaba una semana buscando empleo en Tapachula y no lo consigui\u00f3. Adem\u00e1s, le dieron cita en la Comar para continuar sus tr\u00e1mites hasta dentro de tres meses.<\/span><\/p>\n<p><span style=\"font-size: 14pt;\"><q>No pod\u00eda yo seguir esperando sin dinero, durmiendo en la calle, no es vida. Mejor aqu\u00ed vamos para arriba y esperemos que el gobierno nos ayude, que no nos detenga<\/q>, dijo cargando una mochila y un gal\u00f3n de agua.<\/span><\/p>\n<p><span style=\"font-size: 14pt;\">Jos\u00e9 Alberto Mar\u00eda, de Guatemala, expuso que migra por haber sido extorsionado por la organizaci\u00f3n delictiva<em>\u00a0Mara Salvatrucha<\/em>\u00a0cuando trabaj\u00f3 como ayudante de chofer en autobuses del transporte p\u00fablico, adem\u00e1s de que sus ingresos ya no eran suficientes para sostener a su familia.<\/span><\/p>\n","protected":false},"excerpt":{"rendered":"<p>Tapachula, Chis.\u00a0Unos 5 mil migrantes de pa\u00edses de Centro y Sudam\u00e9rica, as\u00ed como del Caribe, partieron ayer por la ma\u00f1ana<\/p>\n","protected":false},"author":4,"featured_media":19862,"comment_status":"closed","ping_status":"closed","sticky":false,"template":"","format":"standard","meta":{"colormag_page_container_layout":"default_layout","colormag_page_sidebar_layout":"default_layout","_jetpack_memberships_contains_paid_content":false,"footnotes":"","jetpack_publicize_message":"","jetpack_publicize_feature_enabled":true,"jetpack_social_post_already_shared":true,"jetpack_social_options":{"image_generator_settings":{"template":"highway","default_image_id":0,"font":"","enabled":false},"version":2}},"categories":[145],"tags":[],"class_list":["post-19860","post","type-post","status-publish","format-standard","has-post-thumbnail","hentry","category-estados"],"jetpack_publicize_connections":[],"jetpack_featured_media_url":"https:\/\/noticiasveracruz.com\/wp-content\/uploads\/2023\/10\/f1280x720-523998_655673_5050.jpg","jetpack_sharing_enabled":true,"publishpress_future_action":{"enabled":false,"date":"2026-05-08 08:37:27","action":"change-status","newStatus":"draft","terms":[],"taxonomy":"category","extraData":[]},"publishpress_future_workflow_manual_trigger":{"enabledWorkflows":[]},"_links":{"self":[{"href":"https:\/\/noticiasveracruz.com\/index.php\/wp-json\/wp\/v2\/posts\/19860","targetHints":{"allow":["GET"]}}],"collection":[{"href":"https:\/\/noticiasveracruz.com\/index.php\/wp-json\/wp\/v2\/posts"}],"about":[{"href":"https:\/\/noticiasveracruz.com\/index.php\/wp-json\/wp\/v2\/types\/post"}],"author":[{"embeddable":true,"href":"https:\/\/noticiasveracruz.com\/index.php\/wp-json\/wp\/v2\/users\/4"}],"replies":[{"embeddable":true,"href":"https:\/\/noticiasveracruz.com\/index.php\/wp-json\/wp\/v2\/comments?post=19860"}],"version-history":[{"count":0,"href":"https:\/\/noticiasveracruz.com\/index.php\/wp-json\/wp\/v2\/posts\/19860\/revisions"}],"wp:featuredmedia":[{"embeddable":true,"href":"https:\/\/noticiasveracruz.com\/index.php\/wp-json\/wp\/v2\/media\/19862"}],"wp:attachment":[{"href":"https:\/\/noticiasveracruz.com\/index.php\/wp-json\/wp\/v2\/media?parent=19860"}],"wp:term":[{"taxonomy":"category","embeddable":true,"href":"https:\/\/noticiasveracruz.com\/index.php\/wp-json\/wp\/v2\/categories?post=19860"},{"taxonomy":"post_tag","embeddable":true,"href":"https:\/\/noticiasveracruz.com\/index.php\/wp-json\/wp\/v2\/tags?post=19860"}],"curies":[{"name":"wp","href":"https:\/\/api.w.org\/{rel}","templated":true}]}}