{"id":19838,"date":"2023-10-30T21:47:35","date_gmt":"2023-10-31T03:47:35","guid":{"rendered":"https:\/\/noticiasveracruz.com\/?p=19838"},"modified":"2023-10-30T21:47:35","modified_gmt":"2023-10-31T03:47:35","slug":"gobierno-de-tuxpan-permanece-en-alerta-permanente-por-los-efectos-del-frente-frio-n-8","status":"publish","type":"post","link":"https:\/\/noticiasveracruz.com\/index.php\/2023\/10\/30\/gobierno-de-tuxpan-permanece-en-alerta-permanente-por-los-efectos-del-frente-frio-n-8\/","title":{"rendered":"Gobierno de Tuxpan permanece en alerta permanente por los efectos del Frente Fr\u00edo N\u00b0 8"},"content":{"rendered":"<p><span style=\"font-size: 14pt;\">Tuxpan, Ver. &#8211; El alcalde Jos\u00e9 Manuel Pozos Castro orden\u00f3 a directores y coordinadores del Gobierno Municipal estar en alerta permanente y atender de inmediato cualquier contingencia que llegase a provocar el Frente Fr\u00edo N\u00b0 8.<\/span><\/p>\n<p><span style=\"font-size: 14pt;\">De igual manera, instruy\u00f3 al director de Protecci\u00f3n Civil, Jos\u00e9 Ren\u00e9 T\u00e9llez Medina, a tener listos los refugios temporales y mantener recorridos constantes en toda la ciudad.<\/span><\/p>\n<p><span style=\"font-size: 14pt;\">El Lic. Jos\u00e9 Manuel Pozos Castro, tambi\u00e9n como Presidente del Consejo Municipal de Protecci\u00f3n Civil, est\u00e1 dando un seguimiento puntual a este sistema frontal por las lluvias que habr\u00e1 de provocar, por los efectos del \u201cNorte\u201d y bajas temperaturas.<\/span><\/p>\n<p><span style=\"font-size: 14pt;\">Se mantiene una comunicaci\u00f3n y coordinaci\u00f3n permanente con la Secretar\u00eda de Marina y Secretar\u00eda de la Defensa Nacional.<\/span><\/p>\n<p><span style=\"font-size: 14pt;\">El Servicio Meteorol\u00f3gico Nacional inform\u00f3 que se mantendr\u00e1 el potencial de lluvias, y la masa de aire \u00e1rtica asociada al Frente Fr\u00edo propiciar\u00e1 marcado descenso de temperatura.<\/span><\/p>\n<p><span style=\"font-size: 14pt;\">Tambi\u00e9n advirti\u00f3 que durante esta noche y madrugada del martes se presentar\u00e1 evento de \u201cNorte\u201d muy fuerte a intenso en el Golfo de M\u00e9xico.<\/span><\/p>\n<p><span style=\"font-size: 14pt;\">Se ponen a disposici\u00f3n de la ciudadan\u00eda los siguientes n\u00fameros de emergencia:<\/span><\/p>\n<p><span style=\"font-size: 14pt;\">783 83 50127-Protecci\u00f3n Civil<\/span><br \/>\n<span style=\"font-size: 14pt;\">783 83 40646-Bomberos<\/span><br \/>\n<span style=\"font-size: 14pt;\">911-Emergencias<\/span><\/p>\n","protected":false},"excerpt":{"rendered":"<p>Tuxpan, Ver. &#8211; El alcalde Jos\u00e9 Manuel Pozos Castro orden\u00f3 a directores y coordinadores del Gobierno Municipal estar en alerta<\/p>\n","protected":false},"author":4,"featured_media":19839,"comment_status":"closed","ping_status":"closed","sticky":false,"template":"","format":"standard","meta":{"colormag_page_container_layout":"default_layout","colormag_page_sidebar_layout":"default_layout","_jetpack_memberships_contains_paid_content":false,"footnotes":"","jetpack_publicize_message":"","jetpack_publicize_feature_enabled":true,"jetpack_social_post_already_shared":true,"jetpack_social_options":{"image_generator_settings":{"template":"highway","default_image_id":0,"font":"","enabled":false},"version":2}},"categories":[356],"tags":[],"class_list":["post-19838","post","type-post","status-publish","format-standard","has-post-thumbnail","hentry","category-veracruz"],"jetpack_publicize_connections":[],"jetpack_featured_media_url":"https:\/\/noticiasveracruz.com\/wp-content\/uploads\/2023\/10\/WhatsApp-Image-2023-10-30-at-20.23.36.jpeg","jetpack_sharing_enabled":true,"publishpress_future_action":{"enabled":false,"date":"2026-05-07 06:12:19","action":"change-status","newStatus":"draft","terms":[],"taxonomy":"category","extraData":[]},"publishpress_future_workflow_manual_trigger":{"enabledWorkflows":[]},"_links":{"self":[{"href":"https:\/\/noticiasveracruz.com\/index.php\/wp-json\/wp\/v2\/posts\/19838","targetHints":{"allow":["GET"]}}],"collection":[{"href":"https:\/\/noticiasveracruz.com\/index.php\/wp-json\/wp\/v2\/posts"}],"about":[{"href":"https:\/\/noticiasveracruz.com\/index.php\/wp-json\/wp\/v2\/types\/post"}],"author":[{"embeddable":true,"href":"https:\/\/noticiasveracruz.com\/index.php\/wp-json\/wp\/v2\/users\/4"}],"replies":[{"embeddable":true,"href":"https:\/\/noticiasveracruz.com\/index.php\/wp-json\/wp\/v2\/comments?post=19838"}],"version-history":[{"count":0,"href":"https:\/\/noticiasveracruz.com\/index.php\/wp-json\/wp\/v2\/posts\/19838\/revisions"}],"wp:featuredmedia":[{"embeddable":true,"href":"https:\/\/noticiasveracruz.com\/index.php\/wp-json\/wp\/v2\/media\/19839"}],"wp:attachment":[{"href":"https:\/\/noticiasveracruz.com\/index.php\/wp-json\/wp\/v2\/media?parent=19838"}],"wp:term":[{"taxonomy":"category","embeddable":true,"href":"https:\/\/noticiasveracruz.com\/index.php\/wp-json\/wp\/v2\/categories?post=19838"},{"taxonomy":"post_tag","embeddable":true,"href":"https:\/\/noticiasveracruz.com\/index.php\/wp-json\/wp\/v2\/tags?post=19838"}],"curies":[{"name":"wp","href":"https:\/\/api.w.org\/{rel}","templated":true}]}}