{"id":19834,"date":"2023-10-30T13:39:08","date_gmt":"2023-10-30T19:39:08","guid":{"rendered":"https:\/\/noticiasveracruz.com\/?p=19834"},"modified":"2023-10-30T13:39:08","modified_gmt":"2023-10-30T19:39:08","slug":"preocupa-a-bm-impacto-de-las-guerras","status":"publish","type":"post","link":"https:\/\/noticiasveracruz.com\/index.php\/2023\/10\/30\/preocupa-a-bm-impacto-de-las-guerras\/","title":{"rendered":"Preocupa a BM impacto de las guerras"},"content":{"rendered":"<p><span style=\"font-size: 14pt;\">Aunque la econom\u00eda mundial est\u00e1 m\u00e1s preparada que en la d\u00e9cada de los 70 para hacer frente a una gran crisis de los precios del petr\u00f3leo, el reciente conflicto en Oriente Medio, sumado a la guerra entre Rusia y Ucrania puede empujar a los mercados de materias primas a \u201caguas desconocidas\u201d, advirti\u00f3 el Banco Mundial (BM).<\/span><\/p>\n<p><span style=\"font-size: 14pt;\">El \u00faltimo informe del BM, llamado \u201cPerspectivas de los mercados de materias primas\u201d, considera que los efectos en los precios de las materias primas ser\u00e1n limitados si los conflictos antes referidos no se agravan.<\/span><\/p>\n<p><span style=\"font-size: 14pt;\">Seg\u00fan la previsi\u00f3n de referencia del banco, se espera que los precios del petr\u00f3leo alcancen una media de 90 d\u00f3lares el barril en el trimestre actual, antes de descender a una media de 81 d\u00f3lares el barril el pr\u00f3ximo a\u00f1o, a medida que se ralentiza el crecimiento econ\u00f3mico mundial.<\/span><\/p>\n<p><img loading=\"lazy\" decoding=\"async\" class=\"alignnone size-medium wp-image-19835\" src=\"http:\/\/noticiasveracruz.com\/wp-content\/uploads\/2023\/10\/im-753535-300x169.jpg\" alt=\"\" width=\"300\" height=\"169\" srcset=\"https:\/\/noticiasveracruz.com\/wp-content\/uploads\/2023\/10\/im-753535-300x169.jpg 300w, https:\/\/noticiasveracruz.com\/wp-content\/uploads\/2023\/10\/im-753535-1024x576.jpg 1024w, https:\/\/noticiasveracruz.com\/wp-content\/uploads\/2023\/10\/im-753535-768x432.jpg 768w, https:\/\/noticiasveracruz.com\/wp-content\/uploads\/2023\/10\/im-753535.jpg 1280w\" sizes=\"auto, (max-width: 300px) 100vw, 300px\" \/><\/p>\n<p><span style=\"font-size: 14pt;\">Asimismo se prev\u00e9 que los precios globales de los productos b\u00e1sicos caigan un 4.1 por ciento el pr\u00f3ximo a\u00f1o.<\/span><\/p>\n<p><span style=\"font-size: 14pt;\">Tambi\u00e9n, se anticipa que los precios de las materias primas agr\u00edcolas disminuyan el a\u00f1o pr\u00f3ximo a medida que aumente la oferta; mientras se prev\u00e9 que los precios de los metales b\u00e1sicos caigan 5 por ciento en 2024. En tanto, se espera que los precios de las materias primas se estabilicen en 2025.<\/span><\/p>\n<p><span style=\"font-size: 14pt;\">Indic\u00f3 que hasta ahora los efectos del conflicto en los mercados mundiales de materias primas han sido limitados, dado que los precios globales del petr\u00f3leo han subido alrededor de 6 por ciento desde el inicio del conflicto; mientras que los precios de los productos agr\u00edcolas, la mayor\u00eda de los metales y otras materias primas apenas han variado.<\/span><\/p>\n<p><span style=\"font-size: 14pt;\">\u201cNo obstante, las perspectivas de los precios de las materias primas se oscurecer\u00edan r\u00e1pidamente si el conflicto se recrudeciera\u201d, advirti\u00f3.<\/span><\/p>\n","protected":false},"excerpt":{"rendered":"<p>Aunque la econom\u00eda mundial est\u00e1 m\u00e1s preparada que en la d\u00e9cada de los 70 para hacer frente a una gran<\/p>\n","protected":false},"author":4,"featured_media":19836,"comment_status":"closed","ping_status":"closed","sticky":false,"template":"","format":"standard","meta":{"colormag_page_container_layout":"default_layout","colormag_page_sidebar_layout":"default_layout","_jetpack_memberships_contains_paid_content":false,"footnotes":"","jetpack_publicize_message":"","jetpack_publicize_feature_enabled":true,"jetpack_social_post_already_shared":true,"jetpack_social_options":{"image_generator_settings":{"template":"highway","default_image_id":0,"font":"","enabled":false},"version":2}},"categories":[1947],"tags":[],"class_list":["post-19834","post","type-post","status-publish","format-standard","has-post-thumbnail","hentry","category-economia"],"jetpack_publicize_connections":[],"jetpack_featured_media_url":"https:\/\/noticiasveracruz.com\/wp-content\/uploads\/2023\/10\/World-Bank_0.jpeg","jetpack_sharing_enabled":true,"publishpress_future_action":{"enabled":false,"date":"2026-05-07 05:15:20","action":"change-status","newStatus":"draft","terms":[],"taxonomy":"category","extraData":[]},"publishpress_future_workflow_manual_trigger":{"enabledWorkflows":[]},"_links":{"self":[{"href":"https:\/\/noticiasveracruz.com\/index.php\/wp-json\/wp\/v2\/posts\/19834","targetHints":{"allow":["GET"]}}],"collection":[{"href":"https:\/\/noticiasveracruz.com\/index.php\/wp-json\/wp\/v2\/posts"}],"about":[{"href":"https:\/\/noticiasveracruz.com\/index.php\/wp-json\/wp\/v2\/types\/post"}],"author":[{"embeddable":true,"href":"https:\/\/noticiasveracruz.com\/index.php\/wp-json\/wp\/v2\/users\/4"}],"replies":[{"embeddable":true,"href":"https:\/\/noticiasveracruz.com\/index.php\/wp-json\/wp\/v2\/comments?post=19834"}],"version-history":[{"count":0,"href":"https:\/\/noticiasveracruz.com\/index.php\/wp-json\/wp\/v2\/posts\/19834\/revisions"}],"wp:featuredmedia":[{"embeddable":true,"href":"https:\/\/noticiasveracruz.com\/index.php\/wp-json\/wp\/v2\/media\/19836"}],"wp:attachment":[{"href":"https:\/\/noticiasveracruz.com\/index.php\/wp-json\/wp\/v2\/media?parent=19834"}],"wp:term":[{"taxonomy":"category","embeddable":true,"href":"https:\/\/noticiasveracruz.com\/index.php\/wp-json\/wp\/v2\/categories?post=19834"},{"taxonomy":"post_tag","embeddable":true,"href":"https:\/\/noticiasveracruz.com\/index.php\/wp-json\/wp\/v2\/tags?post=19834"}],"curies":[{"name":"wp","href":"https:\/\/api.w.org\/{rel}","templated":true}]}}