{"id":19822,"date":"2023-10-30T11:12:58","date_gmt":"2023-10-30T17:12:58","guid":{"rendered":"https:\/\/noticiasveracruz.com\/?p=19822"},"modified":"2023-10-30T11:12:58","modified_gmt":"2023-10-30T17:12:58","slug":"bancos-y-banjercito-activan-plan-billetes","status":"publish","type":"post","link":"https:\/\/noticiasveracruz.com\/index.php\/2023\/10\/30\/bancos-y-banjercito-activan-plan-billetes\/","title":{"rendered":"Bancos y Banjercito activan \u201cPlan Billetes\u201d"},"content":{"rendered":"<p><span style=\"font-size: 14pt;\">Autoridades del sistema financiero y la Asociaci\u00f3n de Bancos de M\u00e9xico (ABM) pusieron en marcha el \u201cPlan Billetes\u201d, que consiste en llevar dinero a la poblaci\u00f3n que es afectada por desastres naturales, en este caso, a los damnificados por el paso del hurac\u00e1n <em>Otis<\/em> en Acapulco, Guerrero.\u00a0<\/span><\/p>\n<p><span style=\"font-size: 14pt;\">Dicho plan consiste en establecer m\u00f3dulos de atenci\u00f3n de servicios bancarios para que las personas puedan retirar dinero en efectivo con tarjetas bancarias de d\u00e9bito o cr\u00e9dito en poblaciones que as\u00ed lo requieran en casos de desastres naturales.<\/span><\/p>\n<p><span style=\"font-size: 14pt;\">Por el momento, se dio a conocer que habr\u00e1 dos m\u00f3dulos operados por Banjercito, en dos de sus sucursales en Acapulco de Ju\u00e1rez y que ser\u00e1n custodiados por personal de la Secretar\u00eda de la Defensa Nacional.<\/span><\/p>\n<p><span style=\"font-size: 14pt;\">Los m\u00f3dulos estar\u00e1n en las siguientes direcciones:<\/span><\/p>\n<p><span style=\"font-size: 14pt;\">Sucursal Acapulco en Avenida Esc\u00e9nica sin n\u00famero, colonia Icacos Acapulco de Ju\u00e1rez, Guerrero, C.P. 39860 Predio de la 8\/a R.N; Sucursal Pie de la Cuesta en Avenida Fuerza A\u00e9rea sin n\u00famero, colonia 27\/a Acapulco de Ju\u00e1rez, Guerrero, C.P. 39900 Zona Militar.<\/span><\/p>\n<p><span style=\"font-size: 14pt;\">Los dos m\u00f3dulos de Banjercito operar\u00e1n a partir del d\u00eda de hoy en un horario de atenci\u00f3n de 8:30 a 15:00 horas de lunes a viernes, incluyendo el d\u00eda jueves 2 de noviembre.<\/span><\/p>\n<p><img loading=\"lazy\" decoding=\"async\" class=\"alignnone size-medium wp-image-19823\" src=\"http:\/\/noticiasveracruz.com\/wp-content\/uploads\/2023\/10\/acapulco-otis-familia-sepultada-roca-300x169.jpeg\" alt=\"\" width=\"300\" height=\"169\" srcset=\"https:\/\/noticiasveracruz.com\/wp-content\/uploads\/2023\/10\/acapulco-otis-familia-sepultada-roca-300x169.jpeg 300w, https:\/\/noticiasveracruz.com\/wp-content\/uploads\/2023\/10\/acapulco-otis-familia-sepultada-roca-1024x576.jpeg 1024w, https:\/\/noticiasveracruz.com\/wp-content\/uploads\/2023\/10\/acapulco-otis-familia-sepultada-roca-768x432.jpeg 768w, https:\/\/noticiasveracruz.com\/wp-content\/uploads\/2023\/10\/acapulco-otis-familia-sepultada-roca.jpeg 1280w\" sizes=\"auto, (max-width: 300px) 100vw, 300px\" \/><\/p>\n<p><span style=\"font-size: 14pt;\">Para retirar efectivo en estos m\u00f3dulos se requiere presentar la tarjeta de d\u00e9bito o cr\u00e9dito y una identificaci\u00f3n, as\u00ed como firmar el recibo de la operaci\u00f3n.<\/span><\/p>\n<p><span style=\"font-size: 14pt;\">\u201cEs importante destacar que, como un apoyo a la poblaci\u00f3n, los bancos no cobrar\u00e1n comisi\u00f3n por retiros que realicen sus clientes en los m\u00f3dulos referidos. En caso de cobro de comisi\u00f3n, el banco la reintegrar\u00e1 posteriormente\u201d, afirmaron.<\/span><\/p>\n<p><span style=\"font-size: 14pt;\">El Plan Billetes es implementado por el Banco de M\u00e9xico (BdeM), la Secretar\u00eda de Hacienda y Cr\u00e9dito P\u00fablico (SHCP), el Banjercito y la ABM.<\/span><\/p>\n","protected":false},"excerpt":{"rendered":"<p>Autoridades del sistema financiero y la Asociaci\u00f3n de Bancos de M\u00e9xico (ABM) pusieron en marcha el \u201cPlan Billetes\u201d, que consiste<\/p>\n","protected":false},"author":4,"featured_media":19824,"comment_status":"closed","ping_status":"closed","sticky":false,"template":"","format":"standard","meta":{"colormag_page_container_layout":"default_layout","colormag_page_sidebar_layout":"default_layout","_jetpack_memberships_contains_paid_content":false,"footnotes":"","jetpack_publicize_message":"","jetpack_publicize_feature_enabled":true,"jetpack_social_post_already_shared":true,"jetpack_social_options":{"image_generator_settings":{"template":"highway","default_image_id":0,"font":"","enabled":false},"version":2}},"categories":[4],"tags":[],"class_list":["post-19822","post","type-post","status-publish","format-standard","has-post-thumbnail","hentry","category-nacional"],"jetpack_publicize_connections":[],"jetpack_featured_media_url":"https:\/\/noticiasveracruz.com\/wp-content\/uploads\/2023\/10\/f768x1-508615_508742_15.jpg","jetpack_sharing_enabled":true,"publishpress_future_action":{"enabled":false,"date":"2026-05-07 02:38:26","action":"change-status","newStatus":"draft","terms":[],"taxonomy":"category","extraData":[]},"publishpress_future_workflow_manual_trigger":{"enabledWorkflows":[]},"_links":{"self":[{"href":"https:\/\/noticiasveracruz.com\/index.php\/wp-json\/wp\/v2\/posts\/19822","targetHints":{"allow":["GET"]}}],"collection":[{"href":"https:\/\/noticiasveracruz.com\/index.php\/wp-json\/wp\/v2\/posts"}],"about":[{"href":"https:\/\/noticiasveracruz.com\/index.php\/wp-json\/wp\/v2\/types\/post"}],"author":[{"embeddable":true,"href":"https:\/\/noticiasveracruz.com\/index.php\/wp-json\/wp\/v2\/users\/4"}],"replies":[{"embeddable":true,"href":"https:\/\/noticiasveracruz.com\/index.php\/wp-json\/wp\/v2\/comments?post=19822"}],"version-history":[{"count":0,"href":"https:\/\/noticiasveracruz.com\/index.php\/wp-json\/wp\/v2\/posts\/19822\/revisions"}],"wp:featuredmedia":[{"embeddable":true,"href":"https:\/\/noticiasveracruz.com\/index.php\/wp-json\/wp\/v2\/media\/19824"}],"wp:attachment":[{"href":"https:\/\/noticiasveracruz.com\/index.php\/wp-json\/wp\/v2\/media?parent=19822"}],"wp:term":[{"taxonomy":"category","embeddable":true,"href":"https:\/\/noticiasveracruz.com\/index.php\/wp-json\/wp\/v2\/categories?post=19822"},{"taxonomy":"post_tag","embeddable":true,"href":"https:\/\/noticiasveracruz.com\/index.php\/wp-json\/wp\/v2\/tags?post=19822"}],"curies":[{"name":"wp","href":"https:\/\/api.w.org\/{rel}","templated":true}]}}