{"id":19818,"date":"2023-10-30T11:05:50","date_gmt":"2023-10-30T17:05:50","guid":{"rendered":"https:\/\/noticiasveracruz.com\/?p=19818"},"modified":"2023-10-30T11:05:50","modified_gmt":"2023-10-30T17:05:50","slug":"insiste-amlo-a-empresarios-que-vendan-al-estado-hospitales-publico-privados","status":"publish","type":"post","link":"https:\/\/noticiasveracruz.com\/index.php\/2023\/10\/30\/insiste-amlo-a-empresarios-que-vendan-al-estado-hospitales-publico-privados\/","title":{"rendered":"Insiste AMLO a empresarios que vendan al Estado hospitales p\u00fablico-privados"},"content":{"rendered":"<p><span style=\"font-size: 14pt;\">El presidente Andr\u00e9s Manuel L\u00f3pez Obrador llam\u00f3 a los empresarios que mantienen contratos de seis hospitales bajo un esquema de asociaci\u00f3n p\u00fablico-privada y cuestan una cifra millonaria al erario, a aceptar la propuesta de su gobierno para venderlos al Estado.<\/span><\/p>\n<p><span style=\"font-size: 14pt;\">En particular hizo este exhorto a Hip\u00f3lito Gerard Rivero, cu\u00f1ado del ex presidente Carlos Salinas de Gortari, que mantiene dos contratos de hospitales bajo este tipo de esquema.<\/span><\/p>\n<p><span style=\"font-size: 14pt;\">Durante la ma\u00f1anera de este lunes, el presidente se refiri\u00f3 a este tema, luego de informar que el grupo Prodemex, dirigido por Olegario V\u00e1zquez Aldir, propietario de los Hospitales \u00c1ngeles, acept\u00f3 hace unas semanas la propuesta de su administraci\u00f3n para vender las tres instituciones que ten\u00eda.<\/span><\/p>\n<p><span style=\"font-size: 14pt;\">\u201cMe mand\u00f3 a decir que ellos aceptan lo de los hospitales que construyeron, tres o cuatro. Y por qu\u00e9 no lo pones porque es un ejemplo que me ayuda para que los otros secunden esta acci\u00f3n, las otras empresas\u201d, pidi\u00f3 a sus colaboradores para que se proyectara la informaci\u00f3n.<\/span><\/p>\n<p><span style=\"font-size: 14pt;\">\u201cYa acept\u00f3 Olegario, y se lo quiero reconocer aqu\u00ed, venderlos\u201d. Y esto, agreg\u00f3 el mandatario, representar\u00e1 un importante ahorro para el erario p\u00fablico. \u201cTodo esto para reconocerle (a este empresario) y que los otros que faltan, los se\u00f1ores Gerard\u201d lo hagan.<\/span><\/p>\n<p><img loading=\"lazy\" decoding=\"async\" class=\"alignnone size-medium wp-image-19820\" src=\"http:\/\/noticiasveracruz.com\/wp-content\/uploads\/2023\/10\/PULSO_DE_LA_SALUD_imagen_01-300x157.jpg\" alt=\"\" width=\"300\" height=\"157\" srcset=\"https:\/\/noticiasveracruz.com\/wp-content\/uploads\/2023\/10\/PULSO_DE_LA_SALUD_imagen_01-300x157.jpg 300w, https:\/\/noticiasveracruz.com\/wp-content\/uploads\/2023\/10\/PULSO_DE_LA_SALUD_imagen_01-390x205.jpg 390w, https:\/\/noticiasveracruz.com\/wp-content\/uploads\/2023\/10\/PULSO_DE_LA_SALUD_imagen_01.jpg 750w\" sizes=\"auto, (max-width: 300px) 100vw, 300px\" \/><\/p>\n<p><span style=\"font-size: 14pt;\">Informaci\u00f3n que se present\u00f3 en la ma\u00f1anera del 4 de octubre pasado, indica que de los nueve nosocomios contratados con empresas bajo ese esquema de asociaci\u00f3n p\u00fablico-privada, fueron concesionados en administraciones pasadas y los contratos se extienden entre 20 y 30 a\u00f1os, con un costo para el Estado superior de 93 mil millones de pesos. De ah\u00ed que el gobierno de L\u00f3pez Obrador hizo los aval\u00faos correspondientes para adquirir esas instalaciones y los equipos, cuyo costo por los nueve se calcul\u00f3 en un m\u00e1ximo de 5 mil 242 millones de pesos.<\/span><\/p>\n<p><span style=\"font-size: 14pt;\">Ese d\u00eda, se inform\u00f3 en la ma\u00f1anera \u2014aparentemente por un error\u2014 que dos de esos hospitales est\u00e1n concesionados a la empresa GIA-Grupo de Ingenieros y Arquitectos Asociados, que dirige Hip\u00f3lito Gerard Rivero, cu\u00f1ado del ex presidente Carlos Salinas de Gortari; tres a Prodemex, dirigida por Olegario V\u00e1zquez Aldir.<\/span><\/p>\n<p><span style=\"font-size: 14pt;\">Adem\u00e1s, uno para Invex Controladora, presidida por Juan Bautista Guichard; otro a Sacyr-Valoriza, de la que Manuel Manrique es director general; uno m\u00e1s para \u00d3scar Julio Quiroz Moreno, y otro a Concesionaria Acciona.<\/span><\/p>\n","protected":false},"excerpt":{"rendered":"<p>El presidente Andr\u00e9s Manuel L\u00f3pez Obrador llam\u00f3 a los empresarios que mantienen contratos de seis hospitales bajo un esquema de<\/p>\n","protected":false},"author":4,"featured_media":19819,"comment_status":"closed","ping_status":"closed","sticky":false,"template":"","format":"standard","meta":{"colormag_page_container_layout":"default_layout","colormag_page_sidebar_layout":"default_layout","_jetpack_memberships_contains_paid_content":false,"footnotes":"","jetpack_publicize_message":"","jetpack_publicize_feature_enabled":true,"jetpack_social_post_already_shared":true,"jetpack_social_options":{"image_generator_settings":{"template":"highway","default_image_id":0,"font":"","enabled":false},"version":2}},"categories":[4],"tags":[],"class_list":["post-19818","post","type-post","status-publish","format-standard","has-post-thumbnail","hentry","category-nacional"],"jetpack_publicize_connections":[],"jetpack_featured_media_url":"https:\/\/noticiasveracruz.com\/wp-content\/uploads\/2023\/10\/amlo-4.jpg","jetpack_sharing_enabled":true,"publishpress_future_action":{"enabled":false,"date":"2026-05-07 01:44:33","action":"change-status","newStatus":"draft","terms":[],"taxonomy":"category","extraData":[]},"publishpress_future_workflow_manual_trigger":{"enabledWorkflows":[]},"_links":{"self":[{"href":"https:\/\/noticiasveracruz.com\/index.php\/wp-json\/wp\/v2\/posts\/19818","targetHints":{"allow":["GET"]}}],"collection":[{"href":"https:\/\/noticiasveracruz.com\/index.php\/wp-json\/wp\/v2\/posts"}],"about":[{"href":"https:\/\/noticiasveracruz.com\/index.php\/wp-json\/wp\/v2\/types\/post"}],"author":[{"embeddable":true,"href":"https:\/\/noticiasveracruz.com\/index.php\/wp-json\/wp\/v2\/users\/4"}],"replies":[{"embeddable":true,"href":"https:\/\/noticiasveracruz.com\/index.php\/wp-json\/wp\/v2\/comments?post=19818"}],"version-history":[{"count":0,"href":"https:\/\/noticiasveracruz.com\/index.php\/wp-json\/wp\/v2\/posts\/19818\/revisions"}],"wp:featuredmedia":[{"embeddable":true,"href":"https:\/\/noticiasveracruz.com\/index.php\/wp-json\/wp\/v2\/media\/19819"}],"wp:attachment":[{"href":"https:\/\/noticiasveracruz.com\/index.php\/wp-json\/wp\/v2\/media?parent=19818"}],"wp:term":[{"taxonomy":"category","embeddable":true,"href":"https:\/\/noticiasveracruz.com\/index.php\/wp-json\/wp\/v2\/categories?post=19818"},{"taxonomy":"post_tag","embeddable":true,"href":"https:\/\/noticiasveracruz.com\/index.php\/wp-json\/wp\/v2\/tags?post=19818"}],"curies":[{"name":"wp","href":"https:\/\/api.w.org\/{rel}","templated":true}]}}