{"id":19816,"date":"2023-10-30T09:15:03","date_gmt":"2023-10-30T15:15:03","guid":{"rendered":"https:\/\/noticiasveracruz.com\/?p=19816"},"modified":"2023-10-30T09:15:03","modified_gmt":"2023-10-30T15:15:03","slug":"acapulco-ocultar-el-desastre","status":"publish","type":"post","link":"https:\/\/noticiasveracruz.com\/index.php\/2023\/10\/30\/acapulco-ocultar-el-desastre\/","title":{"rendered":"Acapulco ocultar el desastre"},"content":{"rendered":"<ul>\n<li><span style=\"font-size: 14pt;\"><strong>La verdadera dimensi\u00f3n de la cat\u00e1strofe<\/strong><\/span><\/li>\n<li><span style=\"font-size: 14pt;\"><strong>AMLO culpa a los medios por difundir informaci\u00f3n<\/strong><\/span><\/li>\n<li><span style=\"font-size: 14pt;\"><strong>Se trata de minimizar los hechos para no atenderlos<\/strong><\/span><\/li>\n<\/ul>\n<p><span style=\"font-size: 14pt;\"><strong>Por Miguel \u00c1ngel Cristiani G.<\/strong><\/span><\/p>\n<p><span style=\"font-size: 14pt;\">A medida que van transcurriendo los d\u00edas y las horas, se va pudiendo dimensionar la magnitud de los da\u00f1os ocasionados por el paso del hurac\u00e1n Otis en el puerto de Acapulco.<\/span><\/p>\n<p><span style=\"font-size: 14pt;\">Aunque el gobierno federal y estatal han tratado de minimizar la situaci\u00f3n, hasta con un ya acostumbrado berrinche del presidente Andr\u00e9s Manuel L\u00f3pez Obrador en contra de los medios de comunicaci\u00f3n, ahora por haber enviado a sus reporteros a recabar y transmitir la informaci\u00f3n ver\u00eddica, gracias a esos medios y a las benditas redes sociales, es que podemos tener una idea de lo que sucedi\u00f3.<\/span><\/p>\n<p><span style=\"font-size: 14pt;\">Luego de que por fin apareciera la gobernadora -ausente de Guerrero-, Evelyn Salgado Pineda, inform\u00f3 que se actualiz\u00f3 la cifra de muertos a 43 hasta este domingo 29, de los cuales 33 son hombres y 10 mujeres, adem\u00e1s de que hay 36 personas desaparecidas y se reforz\u00f3 el programa de b\u00fasqueda de personas no localizadas.<\/span><\/p>\n<p><span style=\"font-size: 14pt;\">Aunque los pescadores de acapulco aseguran que son cincuenta los muertos y desaparecidos que estaban en la playa y en el mar.<\/span><\/p>\n<p><span style=\"font-size: 14pt;\">Es verdad que se han enviado al ej\u00e9rcito y la marina para realizar labores de limpieza de \u00e1rboles y materiales de las edificaciones, pero eso es solamente una parte m\u00ednima del problema.<\/span><\/p>\n<p><span style=\"font-size: 14pt;\">El abasto de alimentos, agua, medicamentos, combustibles y materiales para la reconstrucci\u00f3n de viviendas es lo que hasta el momento no se ha visto la respuesta del gobierno.<\/span><\/p>\n<p><span style=\"font-size: 14pt;\">No se ha dicho -ni se dir\u00e1- cuantos son los miles de millones de pesos del desaparecido FONDEN, que era con lo que se contaba para dar respuesta a las situaciones de desastres naturales como huracanes o terremotos.<\/span><\/p>\n<p><span style=\"font-size: 14pt;\">Dice el presidente que el dinero del Fonden no desapareci\u00f3, pero nadie sabe a donde fueron a parar esos dineros.<\/span><\/p>\n<p><span style=\"font-size: 14pt;\">Asegura que no son necesarios esos fondos, \u201cporque cuando el pueblo necesita apoyo, no hay l\u00edmites de presupuesto.\u201d Pero el asunto es que no se ve por ning\u00fan lado la respuesta del gobierno para la poblaci\u00f3n damnificada, ya ni se diga para las empresas y negocios.<\/span><\/p>\n<p><span style=\"font-size: 14pt;\">En la conferencia ma\u00f1anera el presidente asegur\u00f3 que ya salieron los primeros 1000 servidores de la naci\u00f3n para hacer un censo de negocios y viviendas afectadas y cultivos de peque\u00f1os productores en Guerrero, y apoyar con un programa de construcci\u00f3n y mejoramiento de viviendas. Pero cuanto tiempo va a llevar tan solo levantar el censo, en una poblaci\u00f3n afectada que se estima en un mill\u00f3n de habitantes.<\/span><\/p>\n<p><span style=\"font-size: 14pt;\">Para m\u00e1s, la Comisi\u00f3n Nacional Bancaria y de Valores (CNBV) de M\u00e9xico autoriz\u00f3 este fin de semana criterios especiales para que usuarios que se vieron afectados ante el impacto el pasado mi\u00e9rcoles del hurac\u00e1n Otis, que hasta ahora ha dejado como saldo 48 muertos y 36 desaparecidos, en el estado de Guerrero, tengan facilidades en el pago de cr\u00e9ditos.<\/span><\/p>\n<p><span style=\"font-size: 14pt;\">La CNBV explic\u00f3 que otorgar\u00e1 un diferimiento de tres a seis meses para cr\u00e9ditos a la vivienda con garant\u00eda hipotecaria, cr\u00e9ditos revolventes y no revolventes dirigidos a personas f\u00edsicas, entre ellos, cr\u00e9dito automotriz, cr\u00e9ditos personales, cr\u00e9dito de n\u00f3mina, tarjeta de cr\u00e9dito y microcr\u00e9dito.<\/span><\/p>\n<p><span style=\"font-size: 14pt;\">Las medidas, dijo el organismo, aplican a personas morales o personas f\u00edsicas con actividad empresarial, con \u00e9nfasis en el cr\u00e9dito a peque\u00f1as y medianas empresas (Pymes).<\/span><\/p>\n<p><span style=\"font-size: 14pt;\">Mientras tanto, habremos de seguir viendo en los medios de comunicaci\u00f3n y las redes sociales, las historias del desastre, que para no variar, pretende ser minimizado por las autoridades responsables de atenderlo.<\/span><\/p>\n<p><span style=\"font-size: 14pt;\">Para m\u00e1s informaci\u00f3n consulta nuestra p\u00e1gina\u00a0<a href=\"https:\/\/draft.blogger.com\/blog\/post\/edit\/639775545049960009\/9116431339629764230\" data-saferedirecturl=\"https:\/\/www.google.com\/url?q=https:\/\/draft.blogger.com\/blog\/post\/edit\/639775545049960009\/9116431339629764230&amp;source=gmail&amp;ust=1698764278195000&amp;usg=AOvVaw3cGjY79hPsJD3vnIaCfPrE\">https:\/\/www.xn--bitacoraspolticas-ovb.com\/<\/a><\/span><\/p>\n<p><img loading=\"lazy\" decoding=\"async\" class=\"alignnone wp-image-19765 size-full\" src=\"http:\/\/noticiasveracruz.com\/wp-content\/uploads\/2023\/10\/FIRMA-EDITORIAL-PD-3.jpg\" alt=\"\" width=\"1024\" height=\"125\" srcset=\"https:\/\/noticiasveracruz.com\/wp-content\/uploads\/2023\/10\/FIRMA-EDITORIAL-PD-3.jpg 1024w, https:\/\/noticiasveracruz.com\/wp-content\/uploads\/2023\/10\/FIRMA-EDITORIAL-PD-3-300x37.jpg 300w, https:\/\/noticiasveracruz.com\/wp-content\/uploads\/2023\/10\/FIRMA-EDITORIAL-PD-3-768x94.jpg 768w\" sizes=\"auto, (max-width: 1024px) 100vw, 1024px\" \/><\/p>\n","protected":false},"excerpt":{"rendered":"<p>La verdadera dimensi\u00f3n de la cat\u00e1strofe AMLO culpa a los medios por difundir informaci\u00f3n Se trata de minimizar los hechos<\/p>\n","protected":false},"author":4,"featured_media":3280,"comment_status":"closed","ping_status":"closed","sticky":false,"template":"","format":"standard","meta":{"colormag_page_container_layout":"default_layout","colormag_page_sidebar_layout":"default_layout","_jetpack_memberships_contains_paid_content":false,"footnotes":"","jetpack_publicize_message":"","jetpack_publicize_feature_enabled":true,"jetpack_social_post_already_shared":true,"jetpack_social_options":{"image_generator_settings":{"template":"highway","default_image_id":0,"font":"","enabled":false},"version":2}},"categories":[6],"tags":[],"class_list":["post-19816","post","type-post","status-publish","format-standard","has-post-thumbnail","hentry","category-columnistas"],"jetpack_publicize_connections":[],"jetpack_featured_media_url":"https:\/\/noticiasveracruz.com\/wp-content\/uploads\/2022\/04\/NV-MIGUEL-A\u0301NGEL-CRISTIANI.png","jetpack_sharing_enabled":true,"publishpress_future_action":{"enabled":false,"date":"2026-05-07 00:59:57","action":"change-status","newStatus":"draft","terms":[],"taxonomy":"category","extraData":[]},"publishpress_future_workflow_manual_trigger":{"enabledWorkflows":[]},"_links":{"self":[{"href":"https:\/\/noticiasveracruz.com\/index.php\/wp-json\/wp\/v2\/posts\/19816","targetHints":{"allow":["GET"]}}],"collection":[{"href":"https:\/\/noticiasveracruz.com\/index.php\/wp-json\/wp\/v2\/posts"}],"about":[{"href":"https:\/\/noticiasveracruz.com\/index.php\/wp-json\/wp\/v2\/types\/post"}],"author":[{"embeddable":true,"href":"https:\/\/noticiasveracruz.com\/index.php\/wp-json\/wp\/v2\/users\/4"}],"replies":[{"embeddable":true,"href":"https:\/\/noticiasveracruz.com\/index.php\/wp-json\/wp\/v2\/comments?post=19816"}],"version-history":[{"count":0,"href":"https:\/\/noticiasveracruz.com\/index.php\/wp-json\/wp\/v2\/posts\/19816\/revisions"}],"wp:featuredmedia":[{"embeddable":true,"href":"https:\/\/noticiasveracruz.com\/index.php\/wp-json\/wp\/v2\/media\/3280"}],"wp:attachment":[{"href":"https:\/\/noticiasveracruz.com\/index.php\/wp-json\/wp\/v2\/media?parent=19816"}],"wp:term":[{"taxonomy":"category","embeddable":true,"href":"https:\/\/noticiasveracruz.com\/index.php\/wp-json\/wp\/v2\/categories?post=19816"},{"taxonomy":"post_tag","embeddable":true,"href":"https:\/\/noticiasveracruz.com\/index.php\/wp-json\/wp\/v2\/tags?post=19816"}],"curies":[{"name":"wp","href":"https:\/\/api.w.org\/{rel}","templated":true}]}}