{"id":19812,"date":"2023-10-30T09:11:54","date_gmt":"2023-10-30T15:11:54","guid":{"rendered":"https:\/\/noticiasveracruz.com\/?p=19812"},"modified":"2023-10-30T09:11:54","modified_gmt":"2023-10-30T15:11:54","slug":"patricia-soriano-expone-en-el-munae-su-vision-de-la-naturaleza-humana","status":"publish","type":"post","link":"https:\/\/noticiasveracruz.com\/index.php\/2023\/10\/30\/patricia-soriano-expone-en-el-munae-su-vision-de-la-naturaleza-humana\/","title":{"rendered":"Patricia Soriano expone en el Munae su visi\u00f3n de la naturaleza humana"},"content":{"rendered":"<p class=\"s-s\"><span style=\"font-size: 14pt;\">La relaci\u00f3n de cercan\u00eda, convivencia y semejanza que el ser humano ha mantenido con los animales y su h\u00e1bitat, as\u00ed como el deterioro ecol\u00f3gico del planeta y las actuales problem\u00e1ticas sociales, son tema de reflexi\u00f3n del trabajo de gr\u00e1fica, pintura y dibujo que por casi cuatro d\u00e9cadas ha realizado la artista Patricia Soriano.<\/span><\/p>\n<p><span style=\"font-size: 14pt;\">Una retrospectiva acerca de su obra se inaugur\u00f3 este s\u00e1bado en el Museo Nacional de la Estampa (Munae). En la muestra, Soriano presenta su personal visi\u00f3n sobre la naturaleza humana:\u00a0<q>una serie de recreaciones fant\u00e1sticas, at\u00edpicas, metam\u00f3rficas y absurdas<\/q>, bajo el t\u00edtulo\u00a0<em>Cuerpo diverso animal.<\/em><\/span><\/p>\n<p><span style=\"font-size: 14pt;\">Se trata de una colecci\u00f3n de piezas\u00a0<q>que alude a la diversidad de los cuerpos de todo ser vivo y sus analog\u00edas al cuerpo que se distorsiona, fragmenta y mutila, a la diversidad como condici\u00f3n para recrear ambientes de ficci\u00f3n y fantas\u00eda animal<\/q>, explic\u00f3 Soriano.<\/span><\/p>\n<p><img loading=\"lazy\" decoding=\"async\" class=\"alignnone size-medium wp-image-19813\" src=\"http:\/\/noticiasveracruz.com\/wp-content\/uploads\/2023\/10\/18913-IMG_BG_POST-whatsapp_image_2023-10-26_at_12.29.03-300x135.jpeg\" alt=\"\" width=\"300\" height=\"135\" srcset=\"https:\/\/noticiasveracruz.com\/wp-content\/uploads\/2023\/10\/18913-IMG_BG_POST-whatsapp_image_2023-10-26_at_12.29.03-300x135.jpeg 300w, https:\/\/noticiasveracruz.com\/wp-content\/uploads\/2023\/10\/18913-IMG_BG_POST-whatsapp_image_2023-10-26_at_12.29.03-1024x461.jpeg 1024w, https:\/\/noticiasveracruz.com\/wp-content\/uploads\/2023\/10\/18913-IMG_BG_POST-whatsapp_image_2023-10-26_at_12.29.03-768x346.jpeg 768w, https:\/\/noticiasveracruz.com\/wp-content\/uploads\/2023\/10\/18913-IMG_BG_POST-whatsapp_image_2023-10-26_at_12.29.03.jpeg 1280w\" sizes=\"auto, (max-width: 300px) 100vw, 300px\" \/><\/p>\n<p><span style=\"font-size: 14pt;\">Esta muestra re\u00fane m\u00e1s de 100 obras en diferentes t\u00e9cnicas como aguafuerte, aguatinta, punta seca, xilograf\u00eda y litograf\u00eda, as\u00ed como dibujos sobre soportes alternativos y gran formato en los que se utiliz\u00f3 la t\u00e9cnica de carb\u00f3n, tinta y tiza sobre tela y madera.<\/span><\/p>\n<p><span style=\"font-size: 14pt;\">Durante el acto de inauguraci\u00f3n, Emilio Pay\u00e1n, director del Munae, destac\u00f3 que\u00a0<q>la obra gr\u00e1fica de Soriano tiene enorme potencia expresionista y gestual. Es el resultado, por excelencia, de la est\u00e9tica, de la imagen pl\u00e1stica, es la mezcla entre la fantas\u00eda y la vida real. El trabajo de Patricia Soriano sin duda enriquece la historia del arte gr\u00e1fico nacional. Ella y su obra se encuentran \u00edntimamente conectadas, porque Soriano es lo que graba, y lo que graba en las placas es un estilo genuino, propio de una artista dedicada a esa disciplina durante las \u00faltimas casi cuatro d\u00e9cadas<\/q>.<\/span><\/p>\n<p><span style=\"font-size: 14pt;\">Con la curadur\u00eda de Jorge Reynoso Pohlenz, la organizaci\u00f3n de la muestra no es cronol\u00f3gica, sino tem\u00e1tica. La selecci\u00f3n de obra incluye carpetas, series y pol\u00edpticos en diversas dimensiones.<\/span><\/p>\n<p><span style=\"font-size: 14pt;\">La intenci\u00f3n, apunt\u00f3 Reynoso Pohlenz, \u201ces exponer el inter\u00e9s de la artista por integrar versiones de su persona e historia en sus narrativas visuales, su predilecci\u00f3n por los escenarios fabulados, la presencia de lo org\u00e1nico \u2013particularmente lo animal\u2013 integrado aleg\u00f3ricamente con lo humano y la situaci\u00f3n reciente de la violencia de g\u00e9nero, entre otras tem\u00e1ticas.<\/span><\/p>\n<p><span style=\"font-size: 14pt;\">Tambi\u00e9n se exhibe\u00a0<q>gr\u00e1fica extendida<\/q>, piezas en formatos y t\u00e9cnicas que rebasan los l\u00edmites tradicionales y que se acompa\u00f1an con algunos videos sobre su proceso creativo.<\/span><\/p>\n<p><span style=\"font-size: 14pt;\">La curadur\u00eda incluye piezas de autores como Leopoldo M\u00e9ndez, Gilberto Aceves Navarro, Jos\u00e9 Luis Cuevas y Gustavo Monroy, entre otros, las cuales se intercalan entre las obras de Soriano con el fin de establecer un di\u00e1logo y la influencia que esos artistas han tenido en el trabajo de Soriano, explic\u00f3 el curador.<\/span><\/p>\n<p><span style=\"font-size: 14pt;\"><em>Cuerpo diverso animal,<\/em>\u00a0coment\u00f3 la artista, es la primera retrospectiva de algunos grabados y dibujos. Esta exposici\u00f3n se conforma por distintas etapas tem\u00e1ticas. Desde aquella cuando un ejercicio escolar no era suficiente y hab\u00eda que llevarlo m\u00e1s all\u00e1, que ten\u00eda que ver con mi cotidianidad, con un M\u00e9xico profundo, donde hay muertas, violencia, mutilaci\u00f3n, fantas\u00eda y sue\u00f1os. Los trabajos obedecen a etapas diversas a lo largo de casi 40 a\u00f1os\u201d.<\/span><\/p>\n<p><span style=\"font-size: 14pt;\"><em>Cuerpo diverso animal: Patricia Soriano<\/em>\u00a0se puede apreciar en el Museo Nacional de la Estampa (avenida Hidalgo 39, Centro Hist\u00f3rico). Concluye a mediados de marzo de 2024.<\/span><\/p>\n","protected":false},"excerpt":{"rendered":"<p>La relaci\u00f3n de cercan\u00eda, convivencia y semejanza que el ser humano ha mantenido con los animales y su h\u00e1bitat, as\u00ed<\/p>\n","protected":false},"author":4,"featured_media":19814,"comment_status":"closed","ping_status":"closed","sticky":false,"template":"","format":"standard","meta":{"colormag_page_container_layout":"default_layout","colormag_page_sidebar_layout":"default_layout","_jetpack_memberships_contains_paid_content":false,"footnotes":"","jetpack_publicize_message":"","jetpack_publicize_feature_enabled":true,"jetpack_social_post_already_shared":true,"jetpack_social_options":{"image_generator_settings":{"template":"highway","default_image_id":0,"font":"","enabled":false},"version":2}},"categories":[358],"tags":[],"class_list":["post-19812","post","type-post","status-publish","format-standard","has-post-thumbnail","hentry","category-cultura"],"jetpack_publicize_connections":[],"jetpack_featured_media_url":"https:\/\/noticiasveracruz.com\/wp-content\/uploads\/2023\/10\/post_Patricia_Soriano.jpeg","jetpack_sharing_enabled":true,"publishpress_future_action":{"enabled":false,"date":"2026-05-07 00:16:52","action":"change-status","newStatus":"draft","terms":[],"taxonomy":"category","extraData":[]},"publishpress_future_workflow_manual_trigger":{"enabledWorkflows":[]},"_links":{"self":[{"href":"https:\/\/noticiasveracruz.com\/index.php\/wp-json\/wp\/v2\/posts\/19812","targetHints":{"allow":["GET"]}}],"collection":[{"href":"https:\/\/noticiasveracruz.com\/index.php\/wp-json\/wp\/v2\/posts"}],"about":[{"href":"https:\/\/noticiasveracruz.com\/index.php\/wp-json\/wp\/v2\/types\/post"}],"author":[{"embeddable":true,"href":"https:\/\/noticiasveracruz.com\/index.php\/wp-json\/wp\/v2\/users\/4"}],"replies":[{"embeddable":true,"href":"https:\/\/noticiasveracruz.com\/index.php\/wp-json\/wp\/v2\/comments?post=19812"}],"version-history":[{"count":0,"href":"https:\/\/noticiasveracruz.com\/index.php\/wp-json\/wp\/v2\/posts\/19812\/revisions"}],"wp:featuredmedia":[{"embeddable":true,"href":"https:\/\/noticiasveracruz.com\/index.php\/wp-json\/wp\/v2\/media\/19814"}],"wp:attachment":[{"href":"https:\/\/noticiasveracruz.com\/index.php\/wp-json\/wp\/v2\/media?parent=19812"}],"wp:term":[{"taxonomy":"category","embeddable":true,"href":"https:\/\/noticiasveracruz.com\/index.php\/wp-json\/wp\/v2\/categories?post=19812"},{"taxonomy":"post_tag","embeddable":true,"href":"https:\/\/noticiasveracruz.com\/index.php\/wp-json\/wp\/v2\/tags?post=19812"}],"curies":[{"name":"wp","href":"https:\/\/api.w.org\/{rel}","templated":true}]}}