{"id":19804,"date":"2023-10-30T08:43:59","date_gmt":"2023-10-30T14:43:59","guid":{"rendered":"https:\/\/noticiasveracruz.com\/?p=19804"},"modified":"2023-10-30T08:43:59","modified_gmt":"2023-10-30T14:43:59","slug":"convoco-netanyahu-a-una-guerra-santa-de-aniquilacion-en-gaza","status":"publish","type":"post","link":"https:\/\/noticiasveracruz.com\/index.php\/2023\/10\/30\/convoco-netanyahu-a-una-guerra-santa-de-aniquilacion-en-gaza\/","title":{"rendered":"Convoc\u00f3 Netanyahu a \u00abuna guerra santa de aniquilaci\u00f3n en Gaza\u00bb"},"content":{"rendered":"<div class=\"text\">\n<div class=\"col\">\n<p class=\"s-s\"><span style=\"font-size: 14pt;\">El primer ministro israel\u00ed, Benjamin Netanyahu, pidi\u00f3\u00a0<q>una guerra santa de aniquilaci\u00f3n<\/q>\u00a0contra el pueblo palestino en la bombardeada franja de Gaza, despu\u00e9s de apelar a Amalek, naci\u00f3n de la Biblia hebrea que a los israelitas se les orden\u00f3 eliminar en acto de venganza.<\/span><\/p>\n<p><img loading=\"lazy\" decoding=\"async\" class=\"alignnone size-medium wp-image-19805\" src=\"http:\/\/noticiasveracruz.com\/wp-content\/uploads\/2023\/10\/231029114106-01-netanyahu-presser-102823-300x169.jpg\" alt=\"\" width=\"300\" height=\"169\" srcset=\"https:\/\/noticiasveracruz.com\/wp-content\/uploads\/2023\/10\/231029114106-01-netanyahu-presser-102823-300x169.jpg 300w, https:\/\/noticiasveracruz.com\/wp-content\/uploads\/2023\/10\/231029114106-01-netanyahu-presser-102823-1024x576.jpg 1024w, https:\/\/noticiasveracruz.com\/wp-content\/uploads\/2023\/10\/231029114106-01-netanyahu-presser-102823-768x432.jpg 768w, https:\/\/noticiasveracruz.com\/wp-content\/uploads\/2023\/10\/231029114106-01-netanyahu-presser-102823.jpg 1280w\" sizes=\"auto, (max-width: 300px) 100vw, 300px\" \/><\/p>\n<p class=\"s-s\"><span style=\"font-size: 14pt;\">\u201cUstedes deben recordar lo que los amalecitas les hicieron, seg\u00fan nuestra sagrada Biblia.\u00a0<q>Ahora vayan y hi\u00e9ranlos y destruyan absolutamente todo lo que tengan y no los perdonen, pero m\u00e1tenlos, tanto a hombres como a mujeres, infantes y lactantes, bueyes y ovejas, camellos y burros<\/q>, afirm\u00f3 Netanyahu, citando a Samuel 15:3, en un discurso antier, al anunciar una nueva fase en la ofensiva en la franja de Gaza y a\u00f1adir que los soldados israel\u00edes son parte de un legado que se remonta a 3 mil a\u00f1os de historia, inform\u00f3 Memo Middle East Monitor. La Biblia hebrea describe a los amalecitas como los enemigos de Israel.<\/span><\/p>\n<p class=\"s-s\"><span style=\"font-size: 14pt;\">Cr\u00edticos destacaron que la narrativa del texto hebreo de la Biblia utilizado por Netanyahu es de\u00a0<q>genocidio<\/q>. Las condenas se viralizaron en redes sociales.<\/span><\/p>\n<\/div>\n<\/div>\n","protected":false},"excerpt":{"rendered":"<p>El primer ministro israel\u00ed, Benjamin Netanyahu, pidi\u00f3\u00a0una guerra santa de aniquilaci\u00f3n\u00a0contra el pueblo palestino en la bombardeada franja de Gaza,<\/p>\n","protected":false},"author":4,"featured_media":19806,"comment_status":"closed","ping_status":"closed","sticky":false,"template":"","format":"standard","meta":{"colormag_page_container_layout":"default_layout","colormag_page_sidebar_layout":"default_layout","_jetpack_memberships_contains_paid_content":false,"footnotes":"","jetpack_publicize_message":"","jetpack_publicize_feature_enabled":true,"jetpack_social_post_already_shared":true,"jetpack_social_options":{"image_generator_settings":{"template":"highway","default_image_id":0,"font":"","enabled":false},"version":2}},"categories":[355],"tags":[],"class_list":["post-19804","post","type-post","status-publish","format-standard","has-post-thumbnail","hentry","category-internacional"],"jetpack_publicize_connections":[],"jetpack_featured_media_url":"https:\/\/noticiasveracruz.com\/wp-content\/uploads\/2023\/10\/b36a3491-ea3f-4c42-afc1-2836f62b665b_16-9-discover-aspect-ratio_default_0.jpg","jetpack_sharing_enabled":true,"publishpress_future_action":{"enabled":false,"date":"2026-05-06 22:40:35","action":"change-status","newStatus":"draft","terms":[],"taxonomy":"category","extraData":[]},"publishpress_future_workflow_manual_trigger":{"enabledWorkflows":[]},"_links":{"self":[{"href":"https:\/\/noticiasveracruz.com\/index.php\/wp-json\/wp\/v2\/posts\/19804","targetHints":{"allow":["GET"]}}],"collection":[{"href":"https:\/\/noticiasveracruz.com\/index.php\/wp-json\/wp\/v2\/posts"}],"about":[{"href":"https:\/\/noticiasveracruz.com\/index.php\/wp-json\/wp\/v2\/types\/post"}],"author":[{"embeddable":true,"href":"https:\/\/noticiasveracruz.com\/index.php\/wp-json\/wp\/v2\/users\/4"}],"replies":[{"embeddable":true,"href":"https:\/\/noticiasveracruz.com\/index.php\/wp-json\/wp\/v2\/comments?post=19804"}],"version-history":[{"count":0,"href":"https:\/\/noticiasveracruz.com\/index.php\/wp-json\/wp\/v2\/posts\/19804\/revisions"}],"wp:featuredmedia":[{"embeddable":true,"href":"https:\/\/noticiasveracruz.com\/index.php\/wp-json\/wp\/v2\/media\/19806"}],"wp:attachment":[{"href":"https:\/\/noticiasveracruz.com\/index.php\/wp-json\/wp\/v2\/media?parent=19804"}],"wp:term":[{"taxonomy":"category","embeddable":true,"href":"https:\/\/noticiasveracruz.com\/index.php\/wp-json\/wp\/v2\/categories?post=19804"},{"taxonomy":"post_tag","embeddable":true,"href":"https:\/\/noticiasveracruz.com\/index.php\/wp-json\/wp\/v2\/tags?post=19804"}],"curies":[{"name":"wp","href":"https:\/\/api.w.org\/{rel}","templated":true}]}}