{"id":19783,"date":"2023-10-30T03:12:06","date_gmt":"2023-10-30T09:12:06","guid":{"rendered":"https:\/\/noticiasveracruz.com\/?p=19783"},"modified":"2023-10-30T03:12:06","modified_gmt":"2023-10-30T09:12:06","slug":"encuentro-de-periodistas","status":"publish","type":"post","link":"https:\/\/noticiasveracruz.com\/index.php\/2023\/10\/30\/encuentro-de-periodistas\/","title":{"rendered":"Encuentro de periodistas"},"content":{"rendered":"<p><span style=\"font-size: 14pt;\"><strong>El Club de Periodistas recibe la adhesi\u00f3n de la APEC, del sur del estado, como muestra de fortaleza de un gremio que busca seguridad y exige libertad<\/strong><\/span><\/p>\n<p><span style=\"font-size: 14pt;\"><strong>Por \u00c1ngel \u00c1lvaro Pe\u00f1a<\/strong><\/span><\/p>\n<p><span style=\"font-size: 14pt;\">El Club de Periodistas se hace cada d\u00eda m\u00e1s grande y en Veracruz se fortalece. Este fin de semana el Delegado de este gremio en Veracruz, Uriel Rosas Mart\u00ednez, acompa\u00f1ado del decano del periodismo veracruzano, \u00c1ngel \u00c1lvaro Pe\u00f1a, firmaron convenio de unidad con APEC, Asociaci\u00f3n de Periodistas de Coatzacoalcos, que se unifica con 170 comunicadores de la regi\u00f3n, organismo gremial con un cuarto de siglo de agrupar lo mejor de la comunicaci\u00f3n regional, presidido por Mayth\u00e9 Morales Ramos, que se adhiere al Club de Periodistas m\u00e1s grande del pa\u00eds.<\/span><\/p>\n<p><span style=\"font-size: 14pt;\">El evento se llev\u00f3 a cabo en las instalaciones de la C\u00e1mara Mexicana de la Industria y la Construcci\u00f3n, en la ciudad de Coatzacoalcos, donde Rosas Mart\u00ednez nombr\u00f3 a la Lic. Victoria Eugenia Morales Aguirre, representante jur\u00eddico.<\/span><\/p>\n<p><span style=\"font-size: 14pt;\">La necesidad de hermanar organizaciones de periodistas se concreta no s\u00f3lo para hacer m\u00e1s fuerte al gremio sino por darle solidez, una vez que exige seguridad en las labores profesionales de los comunicadores. En esto coincidieron quienes intervinieron en este primer acto en un fin de semana de intensas actividades para la delegaci\u00f3n del Club de Periodistas que viaj\u00f3 al sur de Veracruz para hacer cada d\u00eda m\u00e1s unido al gremio.<\/span><\/p>\n<p><span style=\"font-size: 14pt;\">En otro evento, ya como un solo grupo fortalecido, la presidenta de la APEC, anunci\u00f3 un convenio con la Universidad Siglo XXI, instituci\u00f3n educativa de gran prestigio, que encabeza el rector Carlos Ambrosio Aguilar, que dar\u00e1 facilidades para que, tanto los integrantes de este gremio ya unido, como sus familiares, puedan concluir sus estudios desde preparatoria hasta doctorado en caso de estar truncos, igualmente para iniciar cualquiera de estos niveles acad\u00e9micos, se dio a conocer que habr\u00e1 para ellos descuentos en las colegiaturas hasta de un 50 por ciento.<\/span><\/p>\n<p><span style=\"font-size: 14pt;\">Se trata de una instituci\u00f3n con grandes perspectivas de estudio donde pueden cursarse licenciaturas como Criminolog\u00eda y Criminal\u00edstica, Trabajo Social, Contabilidad y Finanzas, Administraci\u00f3n de Empresas, Derecho, Pedagog\u00eda, entre otras.<\/span><\/p>\n<p><span style=\"font-size: 14pt;\">La unidad de los periodistas puede transformar, desde su entorno, la vida de mucha gente, la tarea de informar es una alta responsabilidad cuando la verdad se pondera y la responsabilidad se muestra y demuestra, pero el lado personal, humano, en la actividad m\u00e1s propia, la comunicaci\u00f3n, une tambi\u00e9n a periodistas con periodistas no s\u00f3lo en su beneficio sino en el de la comunidad.<\/span><\/p>\n<p><span style=\"font-size: 14pt;\">La libertad es parte de la tarea de comunicar, desde la direcci\u00f3n nacional del Club de Periodistas, que encabeza a nivel nacional, Mourice Salloum Georges, y a la secretaria general de esta instituci\u00f3n, Celeste S\u00e1inz, este tipo de adhesiones, de hermanar propuestas comunes y transformar la vida de m\u00e1s mexicanos sin importar banderas ni alg\u00fan otro tipo de rasgos. Porque la comunicaci\u00f3n es parte de la comunidad, nace de ella, es su origen y su destino.<\/span><\/p>\n<p><span style=\"font-size: 14pt;\">Los embates contra los periodistas, desde diferentes frentes, exigen hoy d\u00eda unidad de la mano de la sociedad, que es la otra parte de la comunicaci\u00f3n. Se trabaja para la poblaci\u00f3n que sabe cuando es manipulada y cu\u00e1ndo es informada, por ello la unidad entre quienes reflejan el mundo con pasi\u00f3n y responsabilidad es necesaria.<\/span><\/p>\n<p><span style=\"font-size: 14pt;\">El viaje de la c\u00fapula veracruzana al sur de estado tuvo como punto central estrechar manos, coincidir en lo esencial dejando de lado la pol\u00edtica y cualquier diferencia que pudiera romper los puentes de amistad que entrelazan a quienes vivimos de la palabra y la comprometemos con la verdad, porque el periodista vive de su palabra.<\/span><\/p>\n<p><span style=\"font-size: 14pt;\">As\u00ed, el viaje tuvo un destino que no por estar preparado con esmero dej\u00f3 de ser una grata sorpresa para todos, en Sayula de Alem\u00e1n, llamado as\u00ed por ser el lugar de nacimiento de quien fuera presidente de la Rep\u00fablica, Miguel Alem\u00e1n Vald\u00e9s, la comitiva del Club de Periodistas fue recibido con una gran calidez por personajes de la pluma y la imagen de la regi\u00f3n, como el profesor Ren\u00e9 Mart\u00ednez Torres, secretario general del Comit\u00e9 Ejecutivo Estatal del Club de Periodistas, de El Diario del Istmo, quien comparti\u00f3 no s\u00f3lo un momento de hermandad sino de coincidencias y de blindaje de nuestra profesi\u00f3n que, como dijera Victoria Eugenia Mart\u00ednez, se trata de un trabajo muy peligroso no s\u00f3lo en M\u00e9xico sino en todo el mundo.<\/span><\/p>\n<p><span style=\"font-size: 14pt;\">Ah\u00ed se reuni\u00f3 con la calidez tradicional de Sayula, la comitiva de visitantes y anfitriones fundidos en abrazos y congratulaciones. Multimedios, Radio y TV de Sayula de Alem\u00e1n, mostr\u00f3 lo poderoso que puede ser un medio con pocos recursos, si los comparamos con los de las grandes empresas de comunicaci\u00f3n, haciendo trabajos realmente extraordinarios.<\/span><\/p>\n<p><span style=\"font-size: 14pt;\">Ah\u00ed estuvieron tambi\u00e9n miembros de la Barra de Abogados de Tamaulipas, atestiguaron esta unidad y compartieron momentos de suma trascendencia para los periodistas de Veracruz. En el acto que era transmitido por los canales de Multimedios Radio y TV, el decano de los periodistas de Veracruz, record\u00f3 que era d\u00eda de San Judas Tadeo, y dese\u00f3 a todos lo mejor.<\/span><\/p>\n<p><span style=\"font-size: 14pt;\">Sayula de Alem\u00e1n es una ciudad abierta al tiempo, con historia y con futuro, porque es un lugar muy cercano al Istmo. Se trata de un importante punto de comunicaciones, carretera de ferrocarril del estado de Veracruz y del sureste mexicano, en donde confluyen dos de las principales carreteras del estado: las carreteras federales 145 y 185. Est\u00e1 en el paso del Tren Interoce\u00e1nico. Actualmente tiene una presidenta municipal mujer.<\/span><\/p>\n<p><span style=\"font-size: 14pt;\">El viaje al sur de Veracruz fue enriquecedor para todos. Las satisfacciones se sucedieron, unas tras otras, emociones, proyectos, solidaridad, pero, sobre todo compromiso, porque comunicador que no tiene compromiso con su trabajo deber\u00eda dedicarse a otra tarea.<\/span><\/p>\n<p><span style=\"font-size: 14pt;\">El ejercicio de intercambiar puntos de vista con colegas debe practicarse muy continuamente, porque nadie tiene la verdad en la mano y en ese camino de buscar la realidad y la profundidad de las causas de lo sucedido, aprendemos todos de todos.<\/span><\/p>\n","protected":false},"excerpt":{"rendered":"<p>El Club de Periodistas recibe la adhesi\u00f3n de la APEC, del sur del estado, como muestra de fortaleza de un<\/p>\n","protected":false},"author":4,"featured_media":19784,"comment_status":"closed","ping_status":"closed","sticky":false,"template":"","format":"standard","meta":{"colormag_page_container_layout":"default_layout","colormag_page_sidebar_layout":"default_layout","_jetpack_memberships_contains_paid_content":false,"footnotes":"","jetpack_publicize_message":"","jetpack_publicize_feature_enabled":true,"jetpack_social_post_already_shared":true,"jetpack_social_options":{"image_generator_settings":{"template":"highway","default_image_id":0,"font":"","enabled":false},"version":2}},"categories":[6],"tags":[],"class_list":["post-19783","post","type-post","status-publish","format-standard","has-post-thumbnail","hentry","category-columnistas"],"jetpack_publicize_connections":[],"jetpack_featured_media_url":"https:\/\/noticiasveracruz.com\/wp-content\/uploads\/2023\/10\/codi1028-apec13-fg.jpg","jetpack_sharing_enabled":true,"publishpress_future_action":{"enabled":false,"date":"2026-05-06 18:46:32","action":"change-status","newStatus":"draft","terms":[],"taxonomy":"category","extraData":[]},"publishpress_future_workflow_manual_trigger":{"enabledWorkflows":[]},"_links":{"self":[{"href":"https:\/\/noticiasveracruz.com\/index.php\/wp-json\/wp\/v2\/posts\/19783","targetHints":{"allow":["GET"]}}],"collection":[{"href":"https:\/\/noticiasveracruz.com\/index.php\/wp-json\/wp\/v2\/posts"}],"about":[{"href":"https:\/\/noticiasveracruz.com\/index.php\/wp-json\/wp\/v2\/types\/post"}],"author":[{"embeddable":true,"href":"https:\/\/noticiasveracruz.com\/index.php\/wp-json\/wp\/v2\/users\/4"}],"replies":[{"embeddable":true,"href":"https:\/\/noticiasveracruz.com\/index.php\/wp-json\/wp\/v2\/comments?post=19783"}],"version-history":[{"count":0,"href":"https:\/\/noticiasveracruz.com\/index.php\/wp-json\/wp\/v2\/posts\/19783\/revisions"}],"wp:featuredmedia":[{"embeddable":true,"href":"https:\/\/noticiasveracruz.com\/index.php\/wp-json\/wp\/v2\/media\/19784"}],"wp:attachment":[{"href":"https:\/\/noticiasveracruz.com\/index.php\/wp-json\/wp\/v2\/media?parent=19783"}],"wp:term":[{"taxonomy":"category","embeddable":true,"href":"https:\/\/noticiasveracruz.com\/index.php\/wp-json\/wp\/v2\/categories?post=19783"},{"taxonomy":"post_tag","embeddable":true,"href":"https:\/\/noticiasveracruz.com\/index.php\/wp-json\/wp\/v2\/tags?post=19783"}],"curies":[{"name":"wp","href":"https:\/\/api.w.org\/{rel}","templated":true}]}}