{"id":19777,"date":"2023-10-30T01:43:56","date_gmt":"2023-10-30T07:43:56","guid":{"rendered":"https:\/\/noticiasveracruz.com\/?p=19777"},"modified":"2023-10-30T01:43:56","modified_gmt":"2023-10-30T07:43:56","slug":"crisis-de-gobernabilidad","status":"publish","type":"post","link":"https:\/\/noticiasveracruz.com\/index.php\/2023\/10\/30\/crisis-de-gobernabilidad\/","title":{"rendered":"Crisis de gobernabilidad"},"content":{"rendered":"<p><span style=\"font-size: 14pt;\"><strong>Por: Luis Ram\u00edrez Baqueiro<\/strong><\/span><\/p>\n<p><span style=\"font-size: 12pt;\"><em>\u201cLa ambici\u00f3n es el \u00faltimo refugio del fracaso.\u201d \u2013 Oscar Wilde.<\/em><\/span><\/p>\n<p><span style=\"font-size: 14pt;\">Grave la situaci\u00f3n que enfrentan nuestros hermanos guerrerenses tras el paso del Hurac\u00e1n \u201cOtis\u201d, el m\u00e1s destructor de los eventos hidrometeorol\u00f3gicos de los \u00faltimos 50 a\u00f1os en M\u00e9xico.<\/span><\/p>\n<p><span style=\"font-size: 14pt;\">La falta de previsi\u00f3n por parte de las autoridades federales, estatales y municipales en Acapulco, Guerrero evidenciaron la falta total de gobernabilidad.<\/span><\/p>\n<p><span style=\"font-size: 14pt;\">Preocupados por el desarrollo de las campa\u00f1as pol\u00edticas, el Gobierno mayoritario de Morena, descuid\u00f3 la parte m\u00e1s importante de su funci\u00f3n que es la de garantizar la seguridad, la paz social y el orden constitucional en la regi\u00f3n.<\/span><\/p>\n<p><span style=\"font-size: 14pt;\">Sin menoscabo alguno, las autoridades fueron incapaces de predecir, los estragos de tan descomunal meteoro, el cual seg\u00fan informaciones de las agencias de monitoreo del Estado del Tiempo en los Estados Unidos, se\u00f1alaban que las condiciones estaban dadas para una tragedia de las proporciones hoy vistas.<\/span><\/p>\n<p><span style=\"font-size: 14pt;\">Ese desprecio de la autoridad a la informaci\u00f3n y al conocimiento han sido el sello del Gobierno de Morena, hoy no pueden culpar ni al pasado, ni al neoliberalismo, ni a nadie de la desgracia, pues los responsables de operar y manejar el Sistema Nacional de Protecci\u00f3n Civil son ellos.<\/span><\/p>\n<p><span style=\"font-size: 14pt;\">Lo ocurrido en Guerrero confirm\u00f3, la incapacidad para ser gobierno, para sensibilizarse con la sociedad, pero s\u00ed demuestran un alt\u00edsimo nivel de oportunismo, al grado de operar para que toda la ayuda de la sociedad sea confiscada y entregada como si fuera apoyo del Gobierno Federal.<\/span><\/p>\n<p><span style=\"font-size: 14pt;\">Una vez m\u00e1s, la ingobernabilidad se hace presente, las muestras de rapi\u00f1a y saqueo, ejecutadas por una poblaci\u00f3n sin conciencia, evidencian lo que todos sabemos ya, la autoridad est\u00e1 rebasada y es incompetente para la realizaci\u00f3n de su trabajo, bajo el argumento de respetar al pueblo bueno y sabio, que lo que hace es tratar de garantizarse auxilio, aunque violen flagrantemente todas las leyes, ante la presencia de la polic\u00eda, del Ejercito o la Guardia Nacional \u2013que por cierto, sali\u00f3 buena para hacer fechor\u00edas, como cuando en la Revoluci\u00f3n era imposible contener a la leva, que se encargaba de cometer atrocidades y saqueos-.<\/span><\/p>\n<p><span style=\"font-size: 14pt;\">La ingobernabilidad imperante en el estado de Guerrero, es la acumulaci\u00f3n de a\u00f1os de impunidad, en donde las autoridades permisibles permitieron la infiltraci\u00f3n del crimen organizado, quienes hoy mantienen la regi\u00f3n convertida en escenario de barbaries.<\/span><\/p>\n<p><span style=\"font-size: 14pt;\">Mientras tanto la ayuda enviada por la sociedad mexicana, busca los causes de instituciones internacionales como la Cruz Roja Internacional y la misma Cruz Roja Mexicana, los Rotarios, o los Clubs de Leones, que al menos conformados por gente de bien esperan puedan ser la diferencia en cuanto el apoyo a la poblaci\u00f3n que hoy lo necesita todo.<\/span><\/p>\n<p><span style=\"font-size: 14pt;\">\u00a0<em>Sextante.<\/em><\/span><\/p>\n<p><span style=\"font-size: 14pt;\">El presidente nacional de Morena, Mario Delgado Carrillo anunci\u00f3 el pasado 27 de octubre que se aplazar\u00e1n los resultados de las encuestas para definir a los coordinadores de los comit\u00e9s de defensa de la llamada Cuarta Transformaci\u00f3n para las 9 entidades donde se disputar\u00e1n gubernaturas, como resultado de la crisis humanitaria en Guerrero.<\/span><\/p>\n<p><span style=\"font-size: 14pt;\">La fecha para dar a conocer a los vencedores de la encuesta ser\u00e1 el pr\u00f3ximo viernes 10 de noviembre, pero al parecer eso no lo terminaron de comprender los aspirantes, que al menos en Veracruz est\u00e1n desatados gritando a los 4 vientos que ellos son los vencedores.<\/span><\/p>\n<p><span style=\"font-size: 14pt;\">El caso del defensor de la negritud veracruzana, es ya caso para el an\u00e1lisis cl\u00ednico, pues evidenciando una vez m\u00e1s toda la soberbia del mundo, se jacta de afirmar que el resultado le favorece, sin tener ning\u00fan elemento probatorio de su dicho, simplemente pretender venderle a la sociedad una supuesta verdad, sin pruebas.<\/span><\/p>\n<p><span style=\"font-size: 14pt;\">Bien dice el refr\u00e1n popular \u201cquien nunca ha tenido y llega a tener, loco se quiere volver\u201d. \u00bfSer\u00e1?<\/span><\/p>\n<p><span style=\"font-size: 14pt;\">\u00a0Al tiempo.<\/span><\/p>\n<p><img loading=\"lazy\" decoding=\"async\" class=\"alignnone wp-image-19765 size-full\" src=\"http:\/\/noticiasveracruz.com\/wp-content\/uploads\/2023\/10\/FIRMA-EDITORIAL-PD-3.jpg\" alt=\"\" width=\"1024\" height=\"125\" srcset=\"https:\/\/noticiasveracruz.com\/wp-content\/uploads\/2023\/10\/FIRMA-EDITORIAL-PD-3.jpg 1024w, https:\/\/noticiasveracruz.com\/wp-content\/uploads\/2023\/10\/FIRMA-EDITORIAL-PD-3-300x37.jpg 300w, https:\/\/noticiasveracruz.com\/wp-content\/uploads\/2023\/10\/FIRMA-EDITORIAL-PD-3-768x94.jpg 768w\" sizes=\"auto, (max-width: 1024px) 100vw, 1024px\" \/><\/p>\n","protected":false},"excerpt":{"rendered":"<p>Por: Luis Ram\u00edrez Baqueiro \u201cLa ambici\u00f3n es el \u00faltimo refugio del fracaso.\u201d \u2013 Oscar Wilde. Grave la situaci\u00f3n que enfrentan<\/p>\n","protected":false},"author":4,"featured_media":3572,"comment_status":"closed","ping_status":"closed","sticky":false,"template":"","format":"standard","meta":{"colormag_page_container_layout":"default_layout","colormag_page_sidebar_layout":"default_layout","_jetpack_memberships_contains_paid_content":false,"footnotes":"","jetpack_publicize_message":"","jetpack_publicize_feature_enabled":true,"jetpack_social_post_already_shared":true,"jetpack_social_options":{"image_generator_settings":{"template":"highway","default_image_id":0,"font":"","enabled":false},"version":2}},"categories":[6],"tags":[],"class_list":["post-19777","post","type-post","status-publish","format-standard","has-post-thumbnail","hentry","category-columnistas"],"jetpack_publicize_connections":[],"jetpack_featured_media_url":"https:\/\/noticiasveracruz.com\/wp-content\/uploads\/2022\/04\/LUIS-RAMI\u0301REZ-BAQUEIRO.png","jetpack_sharing_enabled":true,"publishpress_future_action":{"enabled":false,"date":"2026-05-06 17:17:08","action":"change-status","newStatus":"draft","terms":[],"taxonomy":"category","extraData":[]},"publishpress_future_workflow_manual_trigger":{"enabledWorkflows":[]},"_links":{"self":[{"href":"https:\/\/noticiasveracruz.com\/index.php\/wp-json\/wp\/v2\/posts\/19777","targetHints":{"allow":["GET"]}}],"collection":[{"href":"https:\/\/noticiasveracruz.com\/index.php\/wp-json\/wp\/v2\/posts"}],"about":[{"href":"https:\/\/noticiasveracruz.com\/index.php\/wp-json\/wp\/v2\/types\/post"}],"author":[{"embeddable":true,"href":"https:\/\/noticiasveracruz.com\/index.php\/wp-json\/wp\/v2\/users\/4"}],"replies":[{"embeddable":true,"href":"https:\/\/noticiasveracruz.com\/index.php\/wp-json\/wp\/v2\/comments?post=19777"}],"version-history":[{"count":0,"href":"https:\/\/noticiasveracruz.com\/index.php\/wp-json\/wp\/v2\/posts\/19777\/revisions"}],"wp:featuredmedia":[{"embeddable":true,"href":"https:\/\/noticiasveracruz.com\/index.php\/wp-json\/wp\/v2\/media\/3572"}],"wp:attachment":[{"href":"https:\/\/noticiasveracruz.com\/index.php\/wp-json\/wp\/v2\/media?parent=19777"}],"wp:term":[{"taxonomy":"category","embeddable":true,"href":"https:\/\/noticiasveracruz.com\/index.php\/wp-json\/wp\/v2\/categories?post=19777"},{"taxonomy":"post_tag","embeddable":true,"href":"https:\/\/noticiasveracruz.com\/index.php\/wp-json\/wp\/v2\/tags?post=19777"}],"curies":[{"name":"wp","href":"https:\/\/api.w.org\/{rel}","templated":true}]}}