{"id":19775,"date":"2023-10-30T01:39:31","date_gmt":"2023-10-30T07:39:31","guid":{"rendered":"https:\/\/noticiasveracruz.com\/?p=19775"},"modified":"2023-10-30T01:39:31","modified_gmt":"2023-10-30T07:39:31","slug":"el-pais-de-las-mentiras","status":"publish","type":"post","link":"https:\/\/noticiasveracruz.com\/index.php\/2023\/10\/30\/el-pais-de-las-mentiras\/","title":{"rendered":"El pa\u00eds de las mentiras"},"content":{"rendered":"<p><span style=\"font-size: 14pt;\"><strong>Por Ricardo Homs<\/strong><\/span><\/p>\n<p><span style=\"font-size: 14pt;\">Mentir sin consecuencias es una forma de vida en M\u00e9xico.<\/span><\/p>\n<p><span style=\"font-size: 14pt;\">Abelina L\u00f3pez Rodr\u00edguez, alcaldesa morenista de Acapulco ya declar\u00f3 su versi\u00f3n trascendental sobre los saqueos derivados de las grandes necesidades que viven los acapulque\u00f1os despu\u00e9s del paso del hurac\u00e1n Otis. \u201cNO SON ROBOS, SINO COHESI\u00d3N SOCIAL\u201d.<\/span><\/p>\n<p><span style=\"font-size: 14pt;\">Entre la ignorancia, y la estupidez rayan estas declaraciones. Parece ser que quienes hoy tienen poder nos quieren compartir una luz de verdad que surge en nuestro pa\u00eds como un gesto de clarividencia universal. No importa que desde la perspectiva tanto moral como jur\u00eddica tomar lo ajeno sea calificado como un delito. Sin embargo, desde el poder hoy se pretenden justificar estas conductas.<\/span><\/p>\n<p><span style=\"font-size: 14pt;\">No importa que quienes entran a una tienda de autoservicio no solo saquen alimentos, sino tambi\u00e9n pantallas de televisi\u00f3n, laptops o motos. El robo se justifica s\u00f3lo porque quien ejerce el poder local utiliza su criterio personal, -pobre e insignificante-, para justificar que teniendo la responsabilidad de mantener el orden y teniendo a su cargo la polic\u00eda municipal, \u00e9sta ha quedado rebasada.<\/span><\/p>\n<p><span style=\"font-size: 14pt;\">Antes quien robaba sab\u00eda que estaba cometiendo un delito. Hoy desde el poder se justifica el acto con una bananera dosis de ideolog\u00eda marxista sustentada en la lucha de clases, que define que se puede despojar a quien tiene algo, simplemente porque otro lo quiere o lo necesita.<\/span><\/p>\n<p><span style=\"font-size: 14pt;\">\u00bfY d\u00f3nde queda el estado de derecho, que es el eje de la paz social?<\/span><\/p>\n<p><span style=\"font-size: 14pt;\">De este modo vemos que las autoridades judiciales, -e incluso militares-, hacen caso omiso de los robos a los trailers, as\u00ed como asaltos masivos en carreteras a autos particulares, saqueos a camiones siniestrados, asaltos a pasajeros en combis, cobro de derecho de piso a micro comerciantes, y en general, la tolerancia al delito con brutal indiferencia.<\/span><\/p>\n<p><span style=\"font-size: 14pt;\">Sin embargo, ya lo dijo la secretaria de gobernaci\u00f3n Luisa Mar\u00eda Alcalde, -hace unos d\u00edas-, en su comparecencia en el Senado: \u201c\u00bfPara qu\u00e9 cambiar la estrategia de seguridad?\u2026 si est\u00e1 dando resultado\u201d.<\/span><\/p>\n<p><span style=\"font-size: 14pt;\">Para qu\u00e9 preocuparse si en \u201clas ma\u00f1aneras\u201d desfilan los secretarios mostrando logros inexistentes y cifras maquilladas, o medias mentiras y a veces hasta mentiras completas.<\/span><\/p>\n<p><span style=\"font-size: 14pt;\">La distorsi\u00f3n de la realidad \u201ces cotidiana en las ma\u00f1aneras\u201d. Incluso, si un periodista muestra datos extra\u00eddos de los mismos reportes publicados por instituciones que forman parte del Poder Ejecutivo, estos son desmentidos por el mismo presidente, quien dice tener otros datos, como le ha sucedido a Jorge Ramos, el periodista mexiconorteamericano que trabaja para Univisi\u00f3n.<\/span><\/p>\n<p><span style=\"font-size: 14pt;\">Sin embargo, es importante reconocer que por idiosincrasia los mexicanos mentimos a veces hasta por placer y nuestros pol\u00edticos mienten continuamente. Esta es una condici\u00f3n sociocultural que se desarrolla desde que el ni\u00f1o es peque\u00f1o y miente sin tener consecuencias. Lo vergonzoso no es mentir, sino que te descubran.<\/span><\/p>\n<p><span style=\"font-size: 14pt;\">En la impartici\u00f3n de justicia la mentira es tolerada hasta el l\u00edmite de castigar a inocentes y liberar a delincuentes despu\u00e9s de testimonios inventados y declaraciones falsas.<\/span><\/p>\n<p><span style=\"font-size: 14pt;\">Sin embargo, las crisis representan una oportunidad de evidenciar las mentiras. La destrucci\u00f3n de Acapulco pone una dura prueba a este gobierno de la 4T.<\/span><\/p>\n<p><span style=\"font-size: 14pt;\">La desaparici\u00f3n del FONDEN y todo lo que hab\u00eda alrededor de este fideicomiso pone en riesgo a los damnificados, pues este fideicomiso no s\u00f3lo representaba dinero, sino tambi\u00e9n un equipo humano especializado en la atenci\u00f3n de desastres naturales y con la experiencia para hacerlo.<\/span><\/p>\n<p><span style=\"font-size: 14pt;\">La Secretar\u00eda de Hacienda podr\u00e1 aportar el dinero, pero no podr\u00e1 improvisar la experiencia del equipo directivo del FONDEN, previo a su desaparici\u00f3n.<\/span><\/p>\n<p><span style=\"font-size: 14pt;\">Es cierto que, al \u00faltimo director general del FONDEN, -Jos\u00e9 Mar\u00eda Tapia-, se le ha acusado de pr\u00e1cticas constitutivas de corrupci\u00f3n mientras estuvo a cargo de este importante proyecto. Quiz\u00e1 esto sea cierto, pero si as\u00ed hubiese sido, simplemente con cambiar al titular, -pero mantener en sus funciones a la instituci\u00f3n y a la gente operativa-, en este momento esa decisi\u00f3n significar\u00eda tener capacidad de respuesta eficiente para Acapulco y la parte mayormente afectada del Estado de Guerrero.<\/span><\/p>\n<p><span style=\"font-size: 14pt;\">Ahora, -en plena crisis del hurac\u00e1n Otis-, para justificar la desaparici\u00f3n del FONDEN este gobierno rescata las acusaciones contra Tapia, lo que deb\u00eda haber hecho cuando desapareci\u00f3 este fideicomiso, lo cual ser\u00eda parte de un proceso. Sin embargo, la oportunidad con que exhibe el tema corrupci\u00f3n en esta coyuntura de crisis humanitaria en Acapulco muestra la perversidad gubernamental y la recurrente actitud presidencial de victimizaci\u00f3n, &#8211; argumentando siempre un complot en su contra-, escabullendo as\u00ed la responsabilidad impl\u00edcita en las decisiones tomadas a la ligera, con fines ideol\u00f3gicos y politiquer\u00eda.<\/span><\/p>\n<p><span style=\"font-size: 14pt;\">El descontrol de la improvisaci\u00f3n frente a una crisis se manifiesta en el maltrato al ciudadano. Circulan en redes sociales testimonios de abusos en un ret\u00e9n del Ej\u00e9rcito y Guardia Nacional, ubicado despu\u00e9s de la recta de Chilpancingo. Entre estos circula uno grabado por un m\u00e9dico que llevaba tres camionetas de ayuda humanitaria a Pichilingue para los empleados del condominio donde viven \u00e9l y su familia. Este fue despojado no s\u00f3lo de los v\u00edveres, sino tambi\u00e9n de sus pertenencias personales y las de sus hijos, adem\u00e1s de un trato humillante infringido por los militares.<\/span><\/p>\n<p><span style=\"font-size: 14pt;\">La desaparici\u00f3n del FONDEN equivale a la destrucci\u00f3n de todo el sistema de salud creado por los anteriores gobiernos, -previos a la llegada de la 4T-, para dar paso al INSABI, que result\u00f3 un fracaso frente a la pandemia del COVID. Hoy se calculan los da\u00f1os de este padecimiento en 700 mil fallecimientos, que quiz\u00e1 hubieran sido un n\u00famero mucho menor de haberse mantenido el sistema de salud anterior, con directivos m\u00e1s experimentados que los del equipo actual.<\/span><\/p>\n<p><span style=\"font-size: 14pt;\">El presidente L\u00f3pez Obrador acus\u00f3 a la instituci\u00f3n anterior de ser un nido de corrupci\u00f3n y la desapareci\u00f3, con graves problemas de abastecimiento que dejaron sin medicinas a los ni\u00f1os enfermos de c\u00e1ncer y otros grupos vulnerables, imposibilitados econ\u00f3micamente de atenderse en el sector privado.<\/span><\/p>\n<p><span style=\"font-size: 14pt;\">A final de cuentas despu\u00e9s desapareci\u00f3 el INSABI y sus actividades recientemente las absorbi\u00f3 el IMSS.<\/span><\/p>\n<p><span style=\"font-size: 14pt;\">El \u201censayo y error\u201d ha sido la vocaci\u00f3n de la 4T, arrastrando con sus improvisaciones cientos de miles de muertes, sin contar con los casi 130 mil asesinados hasta hoy, durante el gobierno del presidente L\u00f3pez Obrador y su reticencia a cambiar su estrategia de \u201cabrazos y no balazos\u201d, que hoy constituye una afrenta para las v\u00edctimas de la violencia.<\/span><\/p>\n<p><span style=\"font-size: 14pt;\">\u00bfQui\u00e9n responder\u00e1 por los muertos y desaparecidos de la 4T?<\/span><\/p>\n<p><span style=\"font-size: 14pt;\">\u00bfA usted qu\u00e9 le parece?<\/span><\/p>\n<p><img loading=\"lazy\" decoding=\"async\" class=\"alignnone wp-image-19765 size-full\" src=\"http:\/\/noticiasveracruz.com\/wp-content\/uploads\/2023\/10\/FIRMA-EDITORIAL-PD-3.jpg\" alt=\"\" width=\"1024\" height=\"125\" srcset=\"https:\/\/noticiasveracruz.com\/wp-content\/uploads\/2023\/10\/FIRMA-EDITORIAL-PD-3.jpg 1024w, https:\/\/noticiasveracruz.com\/wp-content\/uploads\/2023\/10\/FIRMA-EDITORIAL-PD-3-300x37.jpg 300w, https:\/\/noticiasveracruz.com\/wp-content\/uploads\/2023\/10\/FIRMA-EDITORIAL-PD-3-768x94.jpg 768w\" sizes=\"auto, (max-width: 1024px) 100vw, 1024px\" \/><\/p>\n","protected":false},"excerpt":{"rendered":"<p>Por Ricardo Homs Mentir sin consecuencias es una forma de vida en M\u00e9xico. Abelina L\u00f3pez Rodr\u00edguez, alcaldesa morenista de Acapulco<\/p>\n","protected":false},"author":4,"featured_media":3190,"comment_status":"closed","ping_status":"closed","sticky":false,"template":"","format":"standard","meta":{"colormag_page_container_layout":"default_layout","colormag_page_sidebar_layout":"default_layout","_jetpack_memberships_contains_paid_content":false,"footnotes":"","jetpack_publicize_message":"","jetpack_publicize_feature_enabled":true,"jetpack_social_post_already_shared":true,"jetpack_social_options":{"image_generator_settings":{"template":"highway","default_image_id":0,"font":"","enabled":false},"version":2}},"categories":[6],"tags":[],"class_list":["post-19775","post","type-post","status-publish","format-standard","has-post-thumbnail","hentry","category-columnistas"],"jetpack_publicize_connections":[],"jetpack_featured_media_url":"https:\/\/noticiasveracruz.com\/wp-content\/uploads\/2022\/04\/NV-RICARDO-HOMS.png","jetpack_sharing_enabled":true,"publishpress_future_action":{"enabled":false,"date":"2026-05-06 16:27:19","action":"change-status","newStatus":"draft","terms":[],"taxonomy":"category","extraData":[]},"publishpress_future_workflow_manual_trigger":{"enabledWorkflows":[]},"_links":{"self":[{"href":"https:\/\/noticiasveracruz.com\/index.php\/wp-json\/wp\/v2\/posts\/19775","targetHints":{"allow":["GET"]}}],"collection":[{"href":"https:\/\/noticiasveracruz.com\/index.php\/wp-json\/wp\/v2\/posts"}],"about":[{"href":"https:\/\/noticiasveracruz.com\/index.php\/wp-json\/wp\/v2\/types\/post"}],"author":[{"embeddable":true,"href":"https:\/\/noticiasveracruz.com\/index.php\/wp-json\/wp\/v2\/users\/4"}],"replies":[{"embeddable":true,"href":"https:\/\/noticiasveracruz.com\/index.php\/wp-json\/wp\/v2\/comments?post=19775"}],"version-history":[{"count":0,"href":"https:\/\/noticiasveracruz.com\/index.php\/wp-json\/wp\/v2\/posts\/19775\/revisions"}],"wp:featuredmedia":[{"embeddable":true,"href":"https:\/\/noticiasveracruz.com\/index.php\/wp-json\/wp\/v2\/media\/3190"}],"wp:attachment":[{"href":"https:\/\/noticiasveracruz.com\/index.php\/wp-json\/wp\/v2\/media?parent=19775"}],"wp:term":[{"taxonomy":"category","embeddable":true,"href":"https:\/\/noticiasveracruz.com\/index.php\/wp-json\/wp\/v2\/categories?post=19775"},{"taxonomy":"post_tag","embeddable":true,"href":"https:\/\/noticiasveracruz.com\/index.php\/wp-json\/wp\/v2\/tags?post=19775"}],"curies":[{"name":"wp","href":"https:\/\/api.w.org\/{rel}","templated":true}]}}