{"id":19773,"date":"2023-10-30T01:36:57","date_gmt":"2023-10-30T07:36:57","guid":{"rendered":"https:\/\/noticiasveracruz.com\/?p=19773"},"modified":"2023-10-30T01:36:57","modified_gmt":"2023-10-30T07:36:57","slug":"gutierrez-barrios-y-la-inseguridad","status":"publish","type":"post","link":"https:\/\/noticiasveracruz.com\/index.php\/2023\/10\/30\/gutierrez-barrios-y-la-inseguridad\/","title":{"rendered":"Guti\u00e9rrez Barrios y la inseguridad"},"content":{"rendered":"<p><span style=\"font-size: 14pt;\"><strong>Por Pepe Valencia<\/strong><\/span><\/p>\n<p><span style=\"font-size: 14pt;\">Un d\u00eda como hoy, hace 23 a\u00f1os, las principales televisoras del\u00a0 pa\u00eds interrumpieron su programaci\u00f3n ordinaria para dar a conocer el sorpresivo deceso del senador Fernando Guti\u00e9rrez Barrios, exsecretario de Gobernaci\u00f3n y exgobernador de Veracruz.<\/span><\/p>\n<p><span style=\"font-size: 14pt;\">Se tejieron mil y un rumores fantasiosos en torno a su defunci\u00f3n. Desde que habr\u00eda sido asesinado porque sab\u00eda muchos secretos de estado hasta que acaso simul\u00f3 su muerte para irse a refugiar en Cuba, protegido por su amigo Fidel Castro.<\/span><\/p>\n<p><span style=\"font-size: 14pt;\">Vicente Fox, postulado por el PAN, hab\u00eda derrotado al PRI meses atr\u00e1s y se preparaba para asumir la presidencia de la rep\u00fablica.<\/span><\/p>\n<p><span style=\"font-size: 14pt;\">Una semana antes del lunes 30 de octubre de aquel a\u00f1o 2000, visit\u00e9 a don Fernando en su oficina, en M\u00e9xico. Me confirm\u00f3 que Roberto Madrazo ser\u00eda el siguiente presidente del CEN del PRI.<\/span><\/p>\n<p><span style=\"font-size: 14pt;\">&#8211;Deber\u00eda ser usted &#8211;le dije.<\/span><\/p>\n<p><span style=\"font-size: 14pt;\">&#8211;No, Pepe, aunque me veo bien de salud, ya no es lo mismo. Roberto ser\u00e1 un buen l\u00edder &#8211;respondi\u00f3.<\/span><\/p>\n<p><span style=\"font-size: 14pt;\">El viernes volvimos a hablar v\u00eda telef\u00f3nica y me pidi\u00f3 que le llamara el siguiente lunes a las 12 del d\u00eda.\u00a0<\/span><\/p>\n<p><span style=\"font-size: 14pt;\">Minutos despu\u00e9s de las diez de la ma\u00f1ana del lunes me enter\u00e9 de la infausta noticia. El Hombre Leyenda, como lo bautizara Carlos Salinas de Gortari, hab\u00eda fallecido. No aguant\u00f3 una cirug\u00eda del coraz\u00f3n.<\/span><\/p>\n<p><span style=\"font-size: 14pt;\">Hoy mucha gente se pregunta si un pol\u00edtico de la talla de Guti\u00e9rrez Barrios, habr\u00eda sido capaz de coadyuvar con \u00e9xito para mantener la seguridad p\u00fablica tan anhelada en estos tiempos.<\/span><\/p>\n<p><img loading=\"lazy\" decoding=\"async\" class=\"alignnone wp-image-19765 size-full\" src=\"http:\/\/noticiasveracruz.com\/wp-content\/uploads\/2023\/10\/FIRMA-EDITORIAL-PD-3.jpg\" alt=\"\" width=\"1024\" height=\"125\" srcset=\"https:\/\/noticiasveracruz.com\/wp-content\/uploads\/2023\/10\/FIRMA-EDITORIAL-PD-3.jpg 1024w, https:\/\/noticiasveracruz.com\/wp-content\/uploads\/2023\/10\/FIRMA-EDITORIAL-PD-3-300x37.jpg 300w, https:\/\/noticiasveracruz.com\/wp-content\/uploads\/2023\/10\/FIRMA-EDITORIAL-PD-3-768x94.jpg 768w\" sizes=\"auto, (max-width: 1024px) 100vw, 1024px\" \/><\/p>\n","protected":false},"excerpt":{"rendered":"<p>Por Pepe Valencia Un d\u00eda como hoy, hace 23 a\u00f1os, las principales televisoras del\u00a0 pa\u00eds interrumpieron su programaci\u00f3n ordinaria para<\/p>\n","protected":false},"author":4,"featured_media":3786,"comment_status":"closed","ping_status":"closed","sticky":false,"template":"","format":"standard","meta":{"colormag_page_container_layout":"default_layout","colormag_page_sidebar_layout":"default_layout","_jetpack_memberships_contains_paid_content":false,"footnotes":"","jetpack_publicize_message":"","jetpack_publicize_feature_enabled":true,"jetpack_social_post_already_shared":true,"jetpack_social_options":{"image_generator_settings":{"template":"highway","default_image_id":0,"font":"","enabled":false},"version":2}},"categories":[6],"tags":[],"class_list":["post-19773","post","type-post","status-publish","format-standard","has-post-thumbnail","hentry","category-columnistas"],"jetpack_publicize_connections":[],"jetpack_featured_media_url":"https:\/\/noticiasveracruz.com\/wp-content\/uploads\/2022\/05\/PEPE-VALENCIA.png","jetpack_sharing_enabled":true,"publishpress_future_action":{"enabled":false,"date":"2026-05-06 15:44:43","action":"change-status","newStatus":"draft","terms":[],"taxonomy":"category","extraData":[]},"publishpress_future_workflow_manual_trigger":{"enabledWorkflows":[]},"_links":{"self":[{"href":"https:\/\/noticiasveracruz.com\/index.php\/wp-json\/wp\/v2\/posts\/19773","targetHints":{"allow":["GET"]}}],"collection":[{"href":"https:\/\/noticiasveracruz.com\/index.php\/wp-json\/wp\/v2\/posts"}],"about":[{"href":"https:\/\/noticiasveracruz.com\/index.php\/wp-json\/wp\/v2\/types\/post"}],"author":[{"embeddable":true,"href":"https:\/\/noticiasveracruz.com\/index.php\/wp-json\/wp\/v2\/users\/4"}],"replies":[{"embeddable":true,"href":"https:\/\/noticiasveracruz.com\/index.php\/wp-json\/wp\/v2\/comments?post=19773"}],"version-history":[{"count":0,"href":"https:\/\/noticiasveracruz.com\/index.php\/wp-json\/wp\/v2\/posts\/19773\/revisions"}],"wp:featuredmedia":[{"embeddable":true,"href":"https:\/\/noticiasveracruz.com\/index.php\/wp-json\/wp\/v2\/media\/3786"}],"wp:attachment":[{"href":"https:\/\/noticiasveracruz.com\/index.php\/wp-json\/wp\/v2\/media?parent=19773"}],"wp:term":[{"taxonomy":"category","embeddable":true,"href":"https:\/\/noticiasveracruz.com\/index.php\/wp-json\/wp\/v2\/categories?post=19773"},{"taxonomy":"post_tag","embeddable":true,"href":"https:\/\/noticiasveracruz.com\/index.php\/wp-json\/wp\/v2\/tags?post=19773"}],"curies":[{"name":"wp","href":"https:\/\/api.w.org\/{rel}","templated":true}]}}