{"id":19771,"date":"2023-10-30T01:34:21","date_gmt":"2023-10-30T07:34:21","guid":{"rendered":"https:\/\/noticiasveracruz.com\/?p=19771"},"modified":"2023-10-30T01:34:21","modified_gmt":"2023-10-30T07:34:21","slug":"carrona-politiquera","status":"publish","type":"post","link":"https:\/\/noticiasveracruz.com\/index.php\/2023\/10\/30\/carrona-politiquera\/","title":{"rendered":"Carro\u00f1a politiquera"},"content":{"rendered":"<p><span style=\"font-size: 14pt;\"><strong>Por Aurelio Contreras Moreno<\/strong><\/span><\/p>\n<p><span style=\"font-size: 14pt;\">El desastre dejado por el hurac\u00e1n \u201cOtis\u201d a su paso por Guerrero ha sacado a la superficie mucha de la antol\u00f3gica miseria que ya se le conoce a la clase pol\u00edtica de este pa\u00eds, pero que resulta especialmente repugnante cuando de lucrar con una tragedia se trata.<\/span><\/p>\n<p><span style=\"font-size: 14pt;\">Tanto del lado oficialista como del opositor, se han antepuesto \u2013con sus raras excepciones- los intereses pol\u00edticos por encima de los de miles de personas que lo perdieron todo y que se encuentran desesperadas, en una situaci\u00f3n que se torna ca\u00f3tica y que podr\u00eda escalar a\u00fan m\u00e1s si no se ofrecen salidas a lo que claramente constituye una emergencia humanitaria.<\/span><\/p>\n<p><span style=\"font-size: 14pt;\">Aunque se ha visto obligado a dejar que fluya con menos restricciones, la intenci\u00f3n del gobierno de Andr\u00e9s Manuel L\u00f3pez Obrador de que los militares acaparasen la entrega de todos los apoyos enviados para los damnificados fue manifiesta desde el inicio de la emergencia.<\/span><\/p>\n<p><span style=\"font-size: 14pt;\">\u201cQ<em>ueremos que la distribuci\u00f3n de las despensas las haga la Secretar\u00eda de la Defensa y la Secretar\u00eda de Marina, no las autoridades civiles ni del gobierno federal, ni del gobierno estatal, ni del gobierno municipal. Mucho menos organizaciones sociales llamadas no gubernamentales o de la sociedad civil\u201d, dijo el presidente en un audio que se difundi\u00f3 al menos los primeros d\u00edas de la emergencia por perifoneo en las calles de un devastado Acapulco. <\/em><\/span><\/p>\n<p><span style=\"font-size: 14pt;\"><em>Esto, seg\u00fan \u00e9l, \u201cpara que nadie se aproveche de la necesidad de la gente\u201d. Sin embargo, exactamente eso es lo que ha ocurrido. El r\u00e9gimen ha politizado por completo la entrega de apoyos, empaquet\u00e1ndolos con logos del gobierno de la Rep\u00fablica y d\u00e1ndoles la oportunidad a aspirantes a candidaturas de Morena para ser convocantes de las donaciones, mientras los servidores de la naci\u00f3n las entregan y as\u00ed sacan raja pol\u00edtica de la desgracia.<\/em><\/span><\/p>\n<p><span style=\"font-size: 14pt;\">Incluso, en Veracruz la asociaci\u00f3n pro-morenista \u201cUnidos Todos\u201d instal\u00f3 centros de acopio de despensas y contrat\u00f3 camiones para transportarlas, mismos que portaban lonas con la leyenda \u201cUnidos Todos con Guerrero\u201d, jugando perversamente con las palabras, pues el dirigente de esa organizaci\u00f3n \u2013integrada por puros bur\u00f3cratas y financiada con recursos p\u00fablicos- no es otro que Eleazar Guerrero, subsecretario de Finanzas, primo hermano del gobernador de Veracruz Cuitl\u00e1huac Garc\u00eda Jim\u00e9nez y aspirante a alguna candidatura el a\u00f1o que entra. La tragedia ya hasta le sirvi\u00f3 de eslogan de campa\u00f1a.<\/span><\/p>\n<p><span style=\"font-size: 14pt;\">La oposici\u00f3n tampoco ha estado a la altura. Timorata, sin ideas, reactiva en lugar de proactiva, ha ca\u00eddo una y otra vez en las tretas propagand\u00edsticas del obradorato, replicando informaci\u00f3n falsa o que corresponde a otro momento en su af\u00e1n por atacar a un gobierno que es muy abusivo, pero tambi\u00e9n muy astuto cuando de propalar desinformaci\u00f3n se trata. Las dirigencias de los partidos est\u00e1n de pena.<\/span><\/p>\n<p><span style=\"font-size: 14pt;\">El papel m\u00e1s pat\u00e9tico, empero, lo ha desempe\u00f1ado quien m\u00e1s deber\u00eda de pensar en comportarse como estadista. L\u00f3pez Obrador se ha dedicado a atacar a los medios por difundir la verdadera magnitud de la emergencia, actuando de manera cada vez m\u00e1s err\u00e1tica, como qued\u00f3 de manifiesto con su fallido viaje a la zona de desastre la semana pasada o con sus mensajes de s\u00e1bado y domingo, en los que luce cansado, rebasado por un fen\u00f3meno al que minimiz\u00f3 de inicio y cuyos efectos intenta controlar como sea para evitar que vayan a afectarle electoralmente a Morena el a\u00f1o entrante.<\/span><\/p>\n<p><span style=\"font-size: 14pt;\">En medio de todo, las v\u00edctimas del desastre se radicalizan ante la desesperaci\u00f3n y la rapi\u00f1a se generaliza, mientras las autoridades locales brillan, pero por sus omisiones y manifiesta incapacidad.<\/span><\/p>\n<p><span style=\"font-size: 14pt;\">Son tiempos de carro\u00f1a politiquera en un pa\u00eds herido y dividido por unos vulgares ambiciosos. \u00bfLo entenderemos los ciudadanos antes que sea demasiado tarde?.<\/span><\/p>\n<p><img loading=\"lazy\" decoding=\"async\" class=\"alignnone wp-image-19765 size-full\" src=\"http:\/\/noticiasveracruz.com\/wp-content\/uploads\/2023\/10\/FIRMA-EDITORIAL-PD-3.jpg\" alt=\"\" width=\"1024\" height=\"125\" srcset=\"https:\/\/noticiasveracruz.com\/wp-content\/uploads\/2023\/10\/FIRMA-EDITORIAL-PD-3.jpg 1024w, https:\/\/noticiasveracruz.com\/wp-content\/uploads\/2023\/10\/FIRMA-EDITORIAL-PD-3-300x37.jpg 300w, https:\/\/noticiasveracruz.com\/wp-content\/uploads\/2023\/10\/FIRMA-EDITORIAL-PD-3-768x94.jpg 768w\" sizes=\"auto, (max-width: 1024px) 100vw, 1024px\" \/><\/p>\n","protected":false},"excerpt":{"rendered":"<p>Por Aurelio Contreras Moreno El desastre dejado por el hurac\u00e1n \u201cOtis\u201d a su paso por Guerrero ha sacado a la<\/p>\n","protected":false},"author":4,"featured_media":3578,"comment_status":"closed","ping_status":"closed","sticky":false,"template":"","format":"standard","meta":{"colormag_page_container_layout":"default_layout","colormag_page_sidebar_layout":"default_layout","_jetpack_memberships_contains_paid_content":false,"footnotes":"","jetpack_publicize_message":"","jetpack_publicize_feature_enabled":true,"jetpack_social_post_already_shared":true,"jetpack_social_options":{"image_generator_settings":{"template":"highway","default_image_id":0,"font":"","enabled":false},"version":2}},"categories":[6],"tags":[],"class_list":["post-19771","post","type-post","status-publish","format-standard","has-post-thumbnail","hentry","category-columnistas"],"jetpack_publicize_connections":[],"jetpack_featured_media_url":"https:\/\/noticiasveracruz.com\/wp-content\/uploads\/2022\/04\/P-AURELIO-CONTRERAS.png","jetpack_sharing_enabled":true,"publishpress_future_action":{"enabled":false,"date":"2026-05-06 16:27:21","action":"change-status","newStatus":"draft","terms":[],"taxonomy":"category","extraData":[]},"publishpress_future_workflow_manual_trigger":{"enabledWorkflows":[]},"_links":{"self":[{"href":"https:\/\/noticiasveracruz.com\/index.php\/wp-json\/wp\/v2\/posts\/19771","targetHints":{"allow":["GET"]}}],"collection":[{"href":"https:\/\/noticiasveracruz.com\/index.php\/wp-json\/wp\/v2\/posts"}],"about":[{"href":"https:\/\/noticiasveracruz.com\/index.php\/wp-json\/wp\/v2\/types\/post"}],"author":[{"embeddable":true,"href":"https:\/\/noticiasveracruz.com\/index.php\/wp-json\/wp\/v2\/users\/4"}],"replies":[{"embeddable":true,"href":"https:\/\/noticiasveracruz.com\/index.php\/wp-json\/wp\/v2\/comments?post=19771"}],"version-history":[{"count":0,"href":"https:\/\/noticiasveracruz.com\/index.php\/wp-json\/wp\/v2\/posts\/19771\/revisions"}],"wp:featuredmedia":[{"embeddable":true,"href":"https:\/\/noticiasveracruz.com\/index.php\/wp-json\/wp\/v2\/media\/3578"}],"wp:attachment":[{"href":"https:\/\/noticiasveracruz.com\/index.php\/wp-json\/wp\/v2\/media?parent=19771"}],"wp:term":[{"taxonomy":"category","embeddable":true,"href":"https:\/\/noticiasveracruz.com\/index.php\/wp-json\/wp\/v2\/categories?post=19771"},{"taxonomy":"post_tag","embeddable":true,"href":"https:\/\/noticiasveracruz.com\/index.php\/wp-json\/wp\/v2\/tags?post=19771"}],"curies":[{"name":"wp","href":"https:\/\/api.w.org\/{rel}","templated":true}]}}