{"id":19769,"date":"2023-10-30T01:31:59","date_gmt":"2023-10-30T07:31:59","guid":{"rendered":"https:\/\/noticiasveracruz.com\/?p=19769"},"modified":"2023-10-30T01:31:59","modified_gmt":"2023-10-30T07:31:59","slug":"giro-sorpresivo","status":"publish","type":"post","link":"https:\/\/noticiasveracruz.com\/index.php\/2023\/10\/30\/giro-sorpresivo\/","title":{"rendered":"Giro sorpresivo"},"content":{"rendered":"<p><span style=\"font-size: 14pt;\">Las elecciones presidenciales en cualquier naci\u00f3n, suelen poner en manifiesto los problemas reales de los pa\u00edses, porque los candidatos suelen hacer uso de estos temas como estandartes de campa\u00f1a, y llenando de promesas al electorado, se pintan a ellos mismos como los salvadores ante las problem\u00e1ticas actuales. Y cuando la problem\u00e1tica es muy grande, pocas son las esperanzas de los partidos gobernantes, porque muchos ven a los candidatos como una continuaci\u00f3n de las presidencias fallidas, por eso es que ha sorprendido que en Argentina se diera un giro sorpresivo que pone al frente de las encuestas al candidato del partido que actualmente se encuentra en el poder, sobre todo cuando el candidato es el actual Ministro de Econom\u00eda, Sergio Massa. Y \u00bfpor qu\u00e9 sorprende? Porque la naci\u00f3n sudamericana se encuentra en medio de una grave crisis econ\u00f3mica con una devaluaci\u00f3n del peso del 1000% en menos de 4 a\u00f1os. Adem\u00e1s de la inflaci\u00f3n del 130%, y con el 40% de la poblaci\u00f3n sumergida en la pobreza, y el hecho de que precisamente Massa sea el ministro de Econom\u00eda, es lo que hace que muchos se cuestionen el c\u00f3mo es que el candidato del partido peronista le haya dado la vuelta a los n\u00fameros dejando atr\u00e1s a quien hasta hoy parec\u00eda ser el favorito, el ultraliberal Javier Milei, quien poco a poco fue ganando popularidad, con todo y que constantemente suele estar metido en pol\u00e9micas por sus declaraciones poco convencionales, pero que hoy por hoy parece ir a la baja, y aunque si bien despu\u00e9s de las \u00faltimas votaciones, pas\u00f3 junto con Massa a la Segunda vuelta, no lo hizo de la forma avasalladora que muchos pensaban.<\/span><\/p>\n<p><span style=\"font-size: 14pt;\">Es que es una realidad que en pol\u00edtica nada est\u00e1 escrito, y los electores parece tienen sus propias razones e ideas, que muchas veces nada tienen que ver con los an\u00e1lisis ni con los pron\u00f3sticos, por lo que habr\u00e1 que ver si el 19 de noviembre los n\u00fameros cambian o se mantienen, porque es muy temprano para declarar un vencedor, pero lo que es un hecho es que ambos candidatos se est\u00e1n enfocando en atraer a los votantes que se mantienen desinteresados en las elecciones, como si en sus manos no estuviera el poder necesario para hacer un cambio, porque como bien dijo George Jean Nathan; \u201cLos malos gobernantes son elegidos por buenos ciudadanos que no votan\u00bb.<\/span><\/p>\n<p><img loading=\"lazy\" decoding=\"async\" class=\"alignnone wp-image-19765 size-full\" src=\"http:\/\/noticiasveracruz.com\/wp-content\/uploads\/2023\/10\/FIRMA-EDITORIAL-PD-3.jpg\" alt=\"\" width=\"1024\" height=\"125\" srcset=\"https:\/\/noticiasveracruz.com\/wp-content\/uploads\/2023\/10\/FIRMA-EDITORIAL-PD-3.jpg 1024w, https:\/\/noticiasveracruz.com\/wp-content\/uploads\/2023\/10\/FIRMA-EDITORIAL-PD-3-300x37.jpg 300w, https:\/\/noticiasveracruz.com\/wp-content\/uploads\/2023\/10\/FIRMA-EDITORIAL-PD-3-768x94.jpg 768w\" sizes=\"auto, (max-width: 1024px) 100vw, 1024px\" \/><\/p>\n","protected":false},"excerpt":{"rendered":"<p>Las elecciones presidenciales en cualquier naci\u00f3n, suelen poner en manifiesto los problemas reales de los pa\u00edses, porque los candidatos suelen<\/p>\n","protected":false},"author":4,"featured_media":10716,"comment_status":"closed","ping_status":"closed","sticky":false,"template":"","format":"standard","meta":{"colormag_page_container_layout":"default_layout","colormag_page_sidebar_layout":"default_layout","_jetpack_memberships_contains_paid_content":false,"footnotes":"","jetpack_publicize_message":"","jetpack_publicize_feature_enabled":true,"jetpack_social_post_already_shared":true,"jetpack_social_options":{"image_generator_settings":{"template":"highway","default_image_id":0,"font":"","enabled":false},"version":2}},"categories":[6],"tags":[],"class_list":["post-19769","post","type-post","status-publish","format-standard","has-post-thumbnail","hentry","category-columnistas"],"jetpack_publicize_connections":[],"jetpack_featured_media_url":"https:\/\/noticiasveracruz.com\/wp-content\/uploads\/2022\/12\/P-JESSICA-WOOLRICH-NV.png","jetpack_sharing_enabled":true,"publishpress_future_action":{"enabled":false,"date":"2026-05-06 17:10:05","action":"change-status","newStatus":"draft","terms":[],"taxonomy":"category","extraData":[]},"publishpress_future_workflow_manual_trigger":{"enabledWorkflows":[]},"_links":{"self":[{"href":"https:\/\/noticiasveracruz.com\/index.php\/wp-json\/wp\/v2\/posts\/19769","targetHints":{"allow":["GET"]}}],"collection":[{"href":"https:\/\/noticiasveracruz.com\/index.php\/wp-json\/wp\/v2\/posts"}],"about":[{"href":"https:\/\/noticiasveracruz.com\/index.php\/wp-json\/wp\/v2\/types\/post"}],"author":[{"embeddable":true,"href":"https:\/\/noticiasveracruz.com\/index.php\/wp-json\/wp\/v2\/users\/4"}],"replies":[{"embeddable":true,"href":"https:\/\/noticiasveracruz.com\/index.php\/wp-json\/wp\/v2\/comments?post=19769"}],"version-history":[{"count":0,"href":"https:\/\/noticiasveracruz.com\/index.php\/wp-json\/wp\/v2\/posts\/19769\/revisions"}],"wp:featuredmedia":[{"embeddable":true,"href":"https:\/\/noticiasveracruz.com\/index.php\/wp-json\/wp\/v2\/media\/10716"}],"wp:attachment":[{"href":"https:\/\/noticiasveracruz.com\/index.php\/wp-json\/wp\/v2\/media?parent=19769"}],"wp:term":[{"taxonomy":"category","embeddable":true,"href":"https:\/\/noticiasveracruz.com\/index.php\/wp-json\/wp\/v2\/categories?post=19769"},{"taxonomy":"post_tag","embeddable":true,"href":"https:\/\/noticiasveracruz.com\/index.php\/wp-json\/wp\/v2\/tags?post=19769"}],"curies":[{"name":"wp","href":"https:\/\/api.w.org\/{rel}","templated":true}]}}