{"id":19747,"date":"2023-10-20T09:38:55","date_gmt":"2023-10-20T14:38:55","guid":{"rendered":"https:\/\/noticiasveracruz.com\/?p=19747"},"modified":"2023-10-20T09:38:55","modified_gmt":"2023-10-20T14:38:55","slug":"garantizado-fondo-para-cubrir-tratamientos-medicos-de-empleados-del-pef-mier","status":"publish","type":"post","link":"https:\/\/noticiasveracruz.com\/index.php\/2023\/10\/20\/garantizado-fondo-para-cubrir-tratamientos-medicos-de-empleados-del-pef-mier\/","title":{"rendered":"Garantizado, fondo para cubrir tratamientos m\u00e9dicos de empleados del PEF: Mier"},"content":{"rendered":"<p><span style=\"font-size: 14pt;\">CDMX.- Ignacio Mier, coordinador de los diputados de Morena, se comprometi\u00f3 a incluir en el Presupuesto de Egresos de la Federaci\u00f3n 2024, una partida en el cap\u00edtulo 1000, que garantice tratamientos m\u00e9dicos especiales a los trabajadores del Poder Judicial de la Federaci\u00f3n (PJF), por 260 millones de pesos.<\/span><\/p>\n<p class=\"western\"><span style=\"font-size: 14pt;\">\u201cQue sea un fondo de atenci\u00f3n con instrumentos de inversi\u00f3n transparentes\u201d, a partir de un ajuste a la partida de alimentos de los ministros, que es de \u201c386 millones de pesos. Que se sometan a una dieta como la que tiene el pueblo de M\u00e9xico y ese recurso se destine para los tratamientos especiales costosos que tienen los trabajadores, y que el ISSSTE no les puede garantizar\u201d.<\/span><\/p>\n<p><img loading=\"lazy\" decoding=\"async\" class=\"alignnone size-medium wp-image-19749\" src=\"http:\/\/noticiasveracruz.com\/wp-content\/uploads\/2023\/10\/ignaciomier_0-300x150.jpg\" alt=\"\" width=\"300\" height=\"150\" srcset=\"https:\/\/noticiasveracruz.com\/wp-content\/uploads\/2023\/10\/ignaciomier_0-300x150.jpg 300w, https:\/\/noticiasveracruz.com\/wp-content\/uploads\/2023\/10\/ignaciomier_0-1024x512.jpg 1024w, https:\/\/noticiasveracruz.com\/wp-content\/uploads\/2023\/10\/ignaciomier_0-768x384.jpg 768w, https:\/\/noticiasveracruz.com\/wp-content\/uploads\/2023\/10\/ignaciomier_0.jpg 1200w\" sizes=\"auto, (max-width: 300px) 100vw, 300px\" \/><\/p>\n<p class=\"western\"><span style=\"font-size: 14pt;\">A eso me estoy comprometiendo, sostuvo, y revel\u00f3 que hoy se reuni\u00f3 con trabajadores del PJF, \u201cy me dijeron que s\u00ed\u201d.<\/span><\/p>\n<p class=\"western\"><span style=\"font-size: 14pt;\">Tambi\u00e9n, a\u00f1adi\u00f3, \u201chicieron una acusaci\u00f3n muy grave: funcionarios de alto rango los est\u00e1n presionando para que salgan a manifestarse a las calles, condicionando su permanencia en el empleo. Los est\u00e1n obligando a que vayan con su familia, so pena de que no ser\u00e1 renovado su contrato si no acuden\u201d.<\/span><\/p>\n","protected":false},"excerpt":{"rendered":"<p>CDMX.- Ignacio Mier, coordinador de los diputados de Morena, se comprometi\u00f3 a incluir en el Presupuesto de Egresos de la<\/p>\n","protected":false},"author":4,"featured_media":19748,"comment_status":"closed","ping_status":"closed","sticky":false,"template":"","format":"standard","meta":{"colormag_page_container_layout":"default_layout","colormag_page_sidebar_layout":"default_layout","_jetpack_memberships_contains_paid_content":false,"footnotes":"","jetpack_publicize_message":"","jetpack_publicize_feature_enabled":true,"jetpack_social_post_already_shared":true,"jetpack_social_options":{"image_generator_settings":{"template":"highway","default_image_id":0,"font":"","enabled":false},"version":2}},"categories":[4],"tags":[],"class_list":["post-19747","post","type-post","status-publish","format-standard","has-post-thumbnail","hentry","category-nacional"],"jetpack_publicize_connections":[],"jetpack_featured_media_url":"https:\/\/noticiasveracruz.com\/wp-content\/uploads\/2023\/10\/Ignacio_Mier.png","jetpack_sharing_enabled":true,"publishpress_future_action":{"enabled":false,"date":"2026-05-06 21:51:38","action":"change-status","newStatus":"draft","terms":[],"taxonomy":"category","extraData":[]},"publishpress_future_workflow_manual_trigger":{"enabledWorkflows":[]},"_links":{"self":[{"href":"https:\/\/noticiasveracruz.com\/index.php\/wp-json\/wp\/v2\/posts\/19747","targetHints":{"allow":["GET"]}}],"collection":[{"href":"https:\/\/noticiasveracruz.com\/index.php\/wp-json\/wp\/v2\/posts"}],"about":[{"href":"https:\/\/noticiasveracruz.com\/index.php\/wp-json\/wp\/v2\/types\/post"}],"author":[{"embeddable":true,"href":"https:\/\/noticiasveracruz.com\/index.php\/wp-json\/wp\/v2\/users\/4"}],"replies":[{"embeddable":true,"href":"https:\/\/noticiasveracruz.com\/index.php\/wp-json\/wp\/v2\/comments?post=19747"}],"version-history":[{"count":0,"href":"https:\/\/noticiasveracruz.com\/index.php\/wp-json\/wp\/v2\/posts\/19747\/revisions"}],"wp:featuredmedia":[{"embeddable":true,"href":"https:\/\/noticiasveracruz.com\/index.php\/wp-json\/wp\/v2\/media\/19748"}],"wp:attachment":[{"href":"https:\/\/noticiasveracruz.com\/index.php\/wp-json\/wp\/v2\/media?parent=19747"}],"wp:term":[{"taxonomy":"category","embeddable":true,"href":"https:\/\/noticiasveracruz.com\/index.php\/wp-json\/wp\/v2\/categories?post=19747"},{"taxonomy":"post_tag","embeddable":true,"href":"https:\/\/noticiasveracruz.com\/index.php\/wp-json\/wp\/v2\/tags?post=19747"}],"curies":[{"name":"wp","href":"https:\/\/api.w.org\/{rel}","templated":true}]}}