{"id":19730,"date":"2023-10-20T03:08:49","date_gmt":"2023-10-20T08:08:49","guid":{"rendered":"https:\/\/noticiasveracruz.com\/?p=19730"},"modified":"2023-10-20T03:19:33","modified_gmt":"2023-10-20T08:19:33","slug":"edel-intenta-manchar-plumajes","status":"publish","type":"post","link":"https:\/\/noticiasveracruz.com\/index.php\/2023\/10\/20\/edel-intenta-manchar-plumajes\/","title":{"rendered":"Edel intenta manchar plumajes"},"content":{"rendered":"<p><span style=\"font-size: 18pt; color: #cc99ff;\"><strong>ALMA GRANDE<\/strong><\/span><\/p>\n<p><span style=\"font-size: 18pt; color: #cc99ff;\"><strong>Por \u00c1ngel \u00c1lvaro Pe\u00f1a<\/strong><\/span><\/p>\n<p><span style=\"font-size: 14pt;\">Las elecciones pr\u00f3ximas provocan pasiones inusuales y reviven viejos pleitos donde las desproporciones son su com\u00fan denominador. Se dice que las \u00e1guilas no cazan moscas y esta es una de las razones que explican que en este a\u00f1ejo pleito haya enfrentamientos unilaterales, de una sola persona. Porque para que haya pleito se necesitan dos.<\/span><\/p>\n<p><span style=\"font-size: 14pt;\">Muchas veces los enanos mentales consideran que al pelear con un gigante los hace crecer. La historia lo niega con hechos.<\/span><\/p>\n<p><span style=\"font-size: 14pt;\">Esta es la situaci\u00f3n de algunos de los sucesos que intentan convertirse en noticia en los \u00faltimos d\u00edas en la entidad, sin lograr m\u00e1s que exponer la pobreza intelectual de quien ataca.<\/span><\/p>\n<p><span style=\"font-size: 18pt;\">A ra\u00edz de una fotograf\u00eda publicada d\u00edas antes de que los precandidatos a la gubernatura de Veracruz se dieran a conocer, donde se encuentra parte de la familia que encabeza el periodista Jos\u00e9 Robles con el Presidente de la Rep\u00fablica en Palacio Nacional, se soltaron las especulaciones que caracterizan a buena parte del periodismo del estado.<\/span><\/p>\n<p><span style=\"font-size: 14pt;\">Algunos de esos rumores, unos m\u00e1s alejados que otros, rayaban en la agresi\u00f3n, la descalificaci\u00f3n y la mentira, proferidos por un oscuro personaje que toda su vida intent\u00f3 ser periodista pero no lleg\u00f3 ni a escribano. Se trata de un aut\u00e9ntico delincuente que gracias a su servilismo pudo llegar a algunos puestos p\u00fablicos, que utiliz\u00f3 para servirse de ellos.<\/span><\/p>\n<p><span style=\"font-size: 18pt;\">Se trata del cacique \u00c1lvarez Pe\u00f1a, quien intenta golpear a la familia Robles para ver si alcanza algo de su altura, cuando, en realidad, lo hunde en el fango en el que est\u00e1 a punto de ahogarse.<\/span><br \/>\n<span style=\"font-size: 18pt;\">A finales de agosto de 2019, en la actual administraci\u00f3n, su suerte empez\u00f3 a deshacerse a grado tal de ser destituido de un cargo que le quedaba muy grande, cuando era presidente del Tribunal Superior de Justicia y del Consejo de la Judicatura de Veracruz, fue denunciado ante la Fiscal\u00eda General del Estado, por comisionar indebidamente a nueve jueces de primera instancia como \u201cmagistrados temporales\u201d, cuyas sentencias que emitieron han empezado a quedar sin efecto por amparos otorgados por jueces federales.<\/span><\/p>\n<p><span style=\"font-size: 14pt;\">Determinaci\u00f3n que violenta la Constituci\u00f3n Pol\u00edtica del Estado de Veracruz y la Ley Org\u00e1nica del STJE, ya que son atribuciones exclusivas del Gobernador Constitucional y los miembros del Congreso del Estado. Dentro de esta anomal\u00eda fueron juzgados cientos de veracruzanos que se sometieron a condiciones ilegales y fallos il\u00edcitos. Esta situaci\u00f3n manten\u00eda sus propios candados porque si las v\u00edctimas de estas decisiones buscaran el Amparo de la Justicia Federal, dichas sentencias eran consideradas nulas.<\/span><\/p>\n<p><span style=\"font-size: 14pt;\">Cuando lleg\u00f3 a este cargo, Edel \u00c1lvarez contaba con una serie de delitos en su haber desde adquisici\u00f3n de medios en el sur de la entidad, de manera poco clara, hasta la adjudicaci\u00f3n de predios cuando estuvo al frente del Registro P\u00fablico de la Propiedad. Pasando por una serie de chantajes y extorsiones a trav\u00e9s de sus medios de informaci\u00f3n que eran el instrumento ideal para exigir dinero a funcionarios p\u00fablicos y empresarios que ca\u00edan en sus trampas.<\/span><\/p>\n<p><span style=\"font-size: 18pt;\">Edel tambi\u00e9n ha sido acusado de nepotismo en los diferentes cargos que ha tenido en la administraci\u00f3n p\u00fablica de la entidad, donde contrat\u00f3 a su hermano Lorrimer \u00c1lvarez Pe\u00f1a a la jefatura de la Oficina de Hacienda del Estado en Coatzacoalcos, un sujeto igual que \u00e9l sin experiencia en ning\u00fan cargo.<\/span><\/p>\n<p><span style=\"font-size: 14pt;\">Por otra parte, es se\u00f1alado como fabricante de periodistas de un d\u00eda para otro, fue muy sonado el caso de su hermano menor a quien coloc\u00f3 como director del Diario de Acayucan, sin siquiera tener estudios profesionales.<\/span><\/p>\n<p><span style=\"font-size: 14pt;\">Con esa carga de delitos a cuestas. Ahora, frente a la posibilidad de que la exdiputada M\u00f3nica Robles pudiera competir de cerca con la senadora Roc\u00edo Nahle por la gubernatura del estado, Edel volvi\u00f3 a soltar sus perros y a desatar su lengua contra la familia Robles, descalificando a quien fuera dos veces diputada local y presidenta del DIF municipal de Coatzacoalcos, rest\u00e1ndole m\u00e9ritos y posibilidades.<\/span><\/p>\n<p><span style=\"font-size: 18pt;\">El pleito no es nuevo entre la familia Robles Barajas y Edel \u00c1lvarez, quien siempre intent\u00f3 competir con sus medios frente al consorcio Imagen del Golfo, hecho a golpe de conocimiento y esfuerzo. Condiciones de las que est\u00e1 muy lejos de poseer.<\/span><\/p>\n<p><span style=\"font-size: 14pt;\">Edel quiere que su medio luzca pero su incapacidad se lo impide. En el pasado pudo manipular pol\u00edticos poco avezados en la administraci\u00f3n y con una larga cola que le pisen; ahora, luego de una verdadera limpia de medios informativos, acostumbrados a vivir del presupuesto, su desesperaci\u00f3n lo lleva a mantener el pleito con la familia Robles, aunque sea con fantas\u00edas, que s\u00f3lo dan cuenta de la desproporci\u00f3n de su lucha.<\/span><\/p>\n<p><span style=\"font-size: 14pt;\">En el pa\u00eds es conocido el prestigio de Jos\u00e9 Robles Mart\u00ednez, quien ha mantenido una carrera profesional congruente y una vida privada vertical, licenciado en Periodismo por la Universidad Veracruzana, Posgrado en comunicaci\u00f3n por la Columbia University, Nueva York; Becario de M\u00e9xico en CIESPAL Centro de Estudios Superiores de Periodismo para Am\u00e9rica Latina, en Ecuador; maestro y secretario acad\u00e9mico de la Facultad de Periodismo en la Universidad Veracruzana; catedr\u00e1tico por m\u00e1s de 14 a\u00f1os de la Facultad de Ciencias Pol\u00edticas de la UNAM, Presidente de la Asociaci\u00f3n Nacional de Periodistas, entre otros muchos m\u00e9ritos que lo llevaron a ejercer el periodismo no s\u00f3lo en la ciudad de M\u00e9xico si no en el extranjero, como es el caso del diario Imagen de Los \u00c1ngeles, California; y trabaj\u00f3 en diarios a nivel nacional como El Heraldo de M\u00e9xico y El Sol de M\u00e9xico.<\/span><\/p>\n<p><span style=\"font-size: 18pt;\">Jos\u00e9 Robles obtuvo tres veces el Premio Nacional de Periodismo y es el primer mexicano que obtiene el Premio Mundial de Excelencia Period\u00edstica que otorga la Asociaci\u00f3n Internacional de Escritores en espa\u00f1ol en Estados Unidos.<\/span><\/p>\n<p><span style=\"font-size: 18pt;\">Condiciones que ni por aproximaci\u00f3n conoce el analfabeta Edel \u00c1lvarez, sirviente de gobernadores y funcionarios p\u00fablicos desde los a\u00f1os 70, se escuda en una carrera medi\u00e1tica oscura con c\u00f3mplices igual de grises.<\/span><\/p>\n<p><span style=\"font-size: 14pt;\">La lucha empez\u00f3 en Coatzacoalcos, Veracruz, lugar de donde no ha podido salir Edel; sin embargo, en el caso de Jos\u00e9 Robles, luego de conocer el periodismo de las grandes ciudades regresa a estas tierras no s\u00f3lo para regresarle a su lugar de origen lo que del terru\u00f1o ha recibido sino por el profundo amor a ese lugar.<\/span><\/p>\n<p><span style=\"font-size: 14pt;\">Este empuje y apego a la verdad y la decencia profesional lo ha llevado a mantener un emporio period\u00edstico creciente, que cuenta con una serie de plataformas con cobertura nacional donde se comprueba el talento period\u00edstico y empresarial de don Jos\u00e9 Robles.<\/span><\/p>\n<p><span style=\"font-size: 14pt;\">La desproporci\u00f3n de la lucha de Edel contra don Jos\u00e9 Robles es de pena ajena, sobre todo porque moralmente no puede competir una persona deshonesta, con vocaci\u00f3n delictiva, con un personaje que sigue dando lecciones de periodismo con su andar cotidiano y su trabajo permanente y que forma parte de la historia del periodismo nacional.<\/span><\/p>\n<p><span style=\"font-size: 14pt;\">Mientras que el origen de Edel dentro el periodismo est\u00e1 manchado; todav\u00eda se le recuerda por haber adquirido, de manera extra\u00f1a, un peri\u00f3dico que pertenec\u00eda a \u201cEl Trampas\u201d, un sindicalista petrolero, de cuyo medio se adue\u00f1\u00f3 por la mala, diciendo que lo hab\u00eda heredado.<\/span><\/p>\n<p><span style=\"font-size: 18pt;\">Actualmente Edel \u00c1lvarez tiene dos denuncias en su contra, una de ORFIS y la otra de la Fiscal\u00eda General de la Rep\u00fablica, por delitos que no deber\u00e1n quedar impunes.<\/span><\/p>\n<p><span style=\"font-size: 14pt;\">A la hora de intentar desgastar a la clase pol\u00edtica del pa\u00eds, sobre todo de Veracruz, Edel, intenta tergiversar la realidad sobre la vida de sus enemigos, principalmente los integrantes de la familia Robles y de todo aquel que no coincida con sus intereses.<\/span><\/p>\n<p><span style=\"font-size: 14pt;\">Edel \u00c1lvarez deber\u00eda estar agradecido con la vida de no estar preso, porque la suma de sus delitos lo convierten en un presidiario en libertad, injustamente.<\/span><\/p>\n<p><span style=\"font-size: 14pt;\">PEGA Y CORRE.- Lamentable el fallecimiento del exl\u00edder petrolero Carlos Romero Deschamps, quien fue una figura pol\u00e9mica en la pol\u00edtica mexicana\u2026 Esta columna se publica los lunes, mi\u00e9rcoles y viernes.<\/span><\/p>\n","protected":false},"excerpt":{"rendered":"<p>ALMA GRANDE Por \u00c1ngel \u00c1lvaro Pe\u00f1a Las elecciones pr\u00f3ximas provocan pasiones inusuales y reviven viejos pleitos donde las desproporciones son<\/p>\n","protected":false},"author":4,"featured_media":18628,"comment_status":"closed","ping_status":"closed","sticky":false,"template":"","format":"standard","meta":{"colormag_page_container_layout":"default_layout","colormag_page_sidebar_layout":"default_layout","_jetpack_memberships_contains_paid_content":false,"footnotes":"","jetpack_publicize_message":"","jetpack_publicize_feature_enabled":true,"jetpack_social_post_already_shared":true,"jetpack_social_options":{"image_generator_settings":{"template":"highway","default_image_id":0,"font":"","enabled":false},"version":2}},"categories":[6],"tags":[],"class_list":["post-19730","post","type-post","status-publish","format-standard","has-post-thumbnail","hentry","category-columnistas"],"jetpack_publicize_connections":[],"jetpack_featured_media_url":"https:\/\/noticiasveracruz.com\/wp-content\/uploads\/2023\/09\/ANGEL-ALVARO-PENA-800x445-1.png","jetpack_sharing_enabled":true,"publishpress_future_action":{"enabled":false,"date":"2026-05-07 00:46:11","action":"change-status","newStatus":"draft","terms":[],"taxonomy":"category","extraData":[]},"publishpress_future_workflow_manual_trigger":{"enabledWorkflows":[]},"_links":{"self":[{"href":"https:\/\/noticiasveracruz.com\/index.php\/wp-json\/wp\/v2\/posts\/19730","targetHints":{"allow":["GET"]}}],"collection":[{"href":"https:\/\/noticiasveracruz.com\/index.php\/wp-json\/wp\/v2\/posts"}],"about":[{"href":"https:\/\/noticiasveracruz.com\/index.php\/wp-json\/wp\/v2\/types\/post"}],"author":[{"embeddable":true,"href":"https:\/\/noticiasveracruz.com\/index.php\/wp-json\/wp\/v2\/users\/4"}],"replies":[{"embeddable":true,"href":"https:\/\/noticiasveracruz.com\/index.php\/wp-json\/wp\/v2\/comments?post=19730"}],"version-history":[{"count":0,"href":"https:\/\/noticiasveracruz.com\/index.php\/wp-json\/wp\/v2\/posts\/19730\/revisions"}],"wp:featuredmedia":[{"embeddable":true,"href":"https:\/\/noticiasveracruz.com\/index.php\/wp-json\/wp\/v2\/media\/18628"}],"wp:attachment":[{"href":"https:\/\/noticiasveracruz.com\/index.php\/wp-json\/wp\/v2\/media?parent=19730"}],"wp:term":[{"taxonomy":"category","embeddable":true,"href":"https:\/\/noticiasveracruz.com\/index.php\/wp-json\/wp\/v2\/categories?post=19730"},{"taxonomy":"post_tag","embeddable":true,"href":"https:\/\/noticiasveracruz.com\/index.php\/wp-json\/wp\/v2\/tags?post=19730"}],"curies":[{"name":"wp","href":"https:\/\/api.w.org\/{rel}","templated":true}]}}