{"id":19724,"date":"2023-10-19T20:39:52","date_gmt":"2023-10-20T01:39:52","guid":{"rendered":"https:\/\/noticiasveracruz.com\/?p=19724"},"modified":"2023-10-19T20:40:48","modified_gmt":"2023-10-20T01:40:48","slug":"mas-personas-beneficiadas-con-la-jornada-de-salud-visual-de-la-sindicatura-unica-del-gobierno-de-tuxpan","status":"publish","type":"post","link":"https:\/\/noticiasveracruz.com\/index.php\/2023\/10\/19\/mas-personas-beneficiadas-con-la-jornada-de-salud-visual-de-la-sindicatura-unica-del-gobierno-de-tuxpan\/","title":{"rendered":"M\u00e1s personas beneficiadas con la Jornada de Salud Visual de la Sindicatura \u00danica del Gobierno de Tuxpan"},"content":{"rendered":"<p><strong><span style=\"font-size: 14pt;\">\u2022 Ma\u00f1ana se atender\u00e1 a Chiconcoa y comunidades circunvecinas<\/span><\/strong><\/p>\n<p><span style=\"font-size: 14pt;\">Tuxpan, Ver.- Con gran \u00e9xito se realiz\u00f3 la Jornada de Salud Visual, en la cual se hizo entrega de m\u00e1s de 40 pares de lentes que mejorar\u00e1n la calidad de vida de las personas beneficiarias.<\/span><\/p>\n<p><img loading=\"lazy\" decoding=\"async\" class=\"alignnone size-medium wp-image-19727\" src=\"http:\/\/noticiasveracruz.com\/wp-content\/uploads\/2023\/10\/WhatsApp-Image-2023-10-19-at-19.10.37-3-300x225.jpeg\" alt=\"\" width=\"300\" height=\"225\" srcset=\"https:\/\/noticiasveracruz.com\/wp-content\/uploads\/2023\/10\/WhatsApp-Image-2023-10-19-at-19.10.37-3-300x225.jpeg 300w, https:\/\/noticiasveracruz.com\/wp-content\/uploads\/2023\/10\/WhatsApp-Image-2023-10-19-at-19.10.37-3-1024x768.jpeg 1024w, https:\/\/noticiasveracruz.com\/wp-content\/uploads\/2023\/10\/WhatsApp-Image-2023-10-19-at-19.10.37-3-768x576.jpeg 768w, https:\/\/noticiasveracruz.com\/wp-content\/uploads\/2023\/10\/WhatsApp-Image-2023-10-19-at-19.10.37-3-1536x1152.jpeg 1536w, https:\/\/noticiasveracruz.com\/wp-content\/uploads\/2023\/10\/WhatsApp-Image-2023-10-19-at-19.10.37-3.jpeg 1600w\" sizes=\"auto, (max-width: 300px) 100vw, 300px\" \/><\/p>\n<p><span style=\"font-size: 14pt;\">Durante esta jornada, la Sindicatura \u00danica del Ayuntamiento de Tuxpan y el Grupo \u00d3ptico del Totonacapan donaron anteojos a personas vulnerables.<\/span><\/p>\n<p><img loading=\"lazy\" decoding=\"async\" class=\"alignnone size-medium wp-image-19728\" src=\"http:\/\/noticiasveracruz.com\/wp-content\/uploads\/2023\/10\/WhatsApp-Image-2023-10-19-at-19.10.37-300x225.jpeg\" alt=\"\" width=\"300\" height=\"225\" srcset=\"https:\/\/noticiasveracruz.com\/wp-content\/uploads\/2023\/10\/WhatsApp-Image-2023-10-19-at-19.10.37-300x225.jpeg 300w, https:\/\/noticiasveracruz.com\/wp-content\/uploads\/2023\/10\/WhatsApp-Image-2023-10-19-at-19.10.37-1024x768.jpeg 1024w, https:\/\/noticiasveracruz.com\/wp-content\/uploads\/2023\/10\/WhatsApp-Image-2023-10-19-at-19.10.37-768x576.jpeg 768w, https:\/\/noticiasveracruz.com\/wp-content\/uploads\/2023\/10\/WhatsApp-Image-2023-10-19-at-19.10.37-1536x1152.jpeg 1536w, https:\/\/noticiasveracruz.com\/wp-content\/uploads\/2023\/10\/WhatsApp-Image-2023-10-19-at-19.10.37.jpeg 1600w\" sizes=\"auto, (max-width: 300px) 100vw, 300px\" \/><\/p>\n<p><span style=\"font-size: 14pt;\">Ma\u00f1ana viernes 20 de octubre, la Jornada de Salud Visual se llevar\u00e1 a cabo en la comunidad de Chiconcoa, en donde adem\u00e1s de los ex\u00e1menes de la vista gratuitos, tambi\u00e9n se realizar\u00e1n cortes de cabello, sin costo.<\/span><\/p>\n<p><img loading=\"lazy\" decoding=\"async\" class=\"alignnone size-medium wp-image-19725\" src=\"http:\/\/noticiasveracruz.com\/wp-content\/uploads\/2023\/10\/WhatsApp-Image-2023-10-19-at-19.10.37-1-300x225.jpeg\" alt=\"\" width=\"300\" height=\"225\" srcset=\"https:\/\/noticiasveracruz.com\/wp-content\/uploads\/2023\/10\/WhatsApp-Image-2023-10-19-at-19.10.37-1-300x225.jpeg 300w, https:\/\/noticiasveracruz.com\/wp-content\/uploads\/2023\/10\/WhatsApp-Image-2023-10-19-at-19.10.37-1-1024x768.jpeg 1024w, https:\/\/noticiasveracruz.com\/wp-content\/uploads\/2023\/10\/WhatsApp-Image-2023-10-19-at-19.10.37-1-768x576.jpeg 768w, https:\/\/noticiasveracruz.com\/wp-content\/uploads\/2023\/10\/WhatsApp-Image-2023-10-19-at-19.10.37-1-1536x1152.jpeg 1536w, https:\/\/noticiasveracruz.com\/wp-content\/uploads\/2023\/10\/WhatsApp-Image-2023-10-19-at-19.10.37-1.jpeg 1600w\" sizes=\"auto, (max-width: 300px) 100vw, 300px\" \/><\/p>\n<p><span style=\"font-size: 14pt;\">La s\u00edndica Mtra. Beatriz Pi\u00f1a Vergara invit\u00f3 a la ciudadan\u00eda a que acudan a estas jornadas, en donde se les realiza un examen de la vista gratis, a fin de detectar alg\u00fan padecimiento visual y que reciban la atenci\u00f3n requerida.<\/span><\/p>\n<p><span style=\"font-size: 14pt;\">El objetivo de estas jornadas es beneficiar a toda la poblaci\u00f3n, dando prioridad a quienes m\u00e1s lo necesitan.<\/span><\/p>\n","protected":false},"excerpt":{"rendered":"<p>\u2022 Ma\u00f1ana se atender\u00e1 a Chiconcoa y comunidades circunvecinas Tuxpan, Ver.- Con gran \u00e9xito se realiz\u00f3 la Jornada de Salud<\/p>\n","protected":false},"author":4,"featured_media":19726,"comment_status":"closed","ping_status":"closed","sticky":false,"template":"","format":"standard","meta":{"colormag_page_container_layout":"default_layout","colormag_page_sidebar_layout":"default_layout","_jetpack_memberships_contains_paid_content":false,"footnotes":"","jetpack_publicize_message":"","jetpack_publicize_feature_enabled":true,"jetpack_social_post_already_shared":true,"jetpack_social_options":{"image_generator_settings":{"template":"highway","default_image_id":0,"font":"","enabled":false},"version":2}},"categories":[356],"tags":[],"class_list":["post-19724","post","type-post","status-publish","format-standard","has-post-thumbnail","hentry","category-veracruz"],"jetpack_publicize_connections":[],"jetpack_featured_media_url":"https:\/\/noticiasveracruz.com\/wp-content\/uploads\/2023\/10\/WhatsApp-Image-2023-10-19-at-19.10.37-2.jpeg","jetpack_sharing_enabled":true,"publishpress_future_action":{"enabled":false,"date":"2026-05-07 01:36:54","action":"change-status","newStatus":"draft","terms":[],"taxonomy":"category","extraData":[]},"publishpress_future_workflow_manual_trigger":{"enabledWorkflows":[]},"_links":{"self":[{"href":"https:\/\/noticiasveracruz.com\/index.php\/wp-json\/wp\/v2\/posts\/19724","targetHints":{"allow":["GET"]}}],"collection":[{"href":"https:\/\/noticiasveracruz.com\/index.php\/wp-json\/wp\/v2\/posts"}],"about":[{"href":"https:\/\/noticiasveracruz.com\/index.php\/wp-json\/wp\/v2\/types\/post"}],"author":[{"embeddable":true,"href":"https:\/\/noticiasveracruz.com\/index.php\/wp-json\/wp\/v2\/users\/4"}],"replies":[{"embeddable":true,"href":"https:\/\/noticiasveracruz.com\/index.php\/wp-json\/wp\/v2\/comments?post=19724"}],"version-history":[{"count":0,"href":"https:\/\/noticiasveracruz.com\/index.php\/wp-json\/wp\/v2\/posts\/19724\/revisions"}],"wp:featuredmedia":[{"embeddable":true,"href":"https:\/\/noticiasveracruz.com\/index.php\/wp-json\/wp\/v2\/media\/19726"}],"wp:attachment":[{"href":"https:\/\/noticiasveracruz.com\/index.php\/wp-json\/wp\/v2\/media?parent=19724"}],"wp:term":[{"taxonomy":"category","embeddable":true,"href":"https:\/\/noticiasveracruz.com\/index.php\/wp-json\/wp\/v2\/categories?post=19724"},{"taxonomy":"post_tag","embeddable":true,"href":"https:\/\/noticiasveracruz.com\/index.php\/wp-json\/wp\/v2\/tags?post=19724"}],"curies":[{"name":"wp","href":"https:\/\/api.w.org\/{rel}","templated":true}]}}