{"id":19719,"date":"2023-10-19T19:34:20","date_gmt":"2023-10-20T00:34:20","guid":{"rendered":"https:\/\/noticiasveracruz.com\/?p=19719"},"modified":"2023-10-19T19:34:20","modified_gmt":"2023-10-20T00:34:20","slug":"sheinbaum-firma-en-zacatecas-acuerdo-de-unidad-para-la-transformacion","status":"publish","type":"post","link":"https:\/\/noticiasveracruz.com\/index.php\/2023\/10\/19\/sheinbaum-firma-en-zacatecas-acuerdo-de-unidad-para-la-transformacion\/","title":{"rendered":"Sheinbaum firma en Zacatecas Acuerdo de Unidad para la Transformaci\u00f3n"},"content":{"rendered":"<p><span style=\"font-size: 14pt;\">Zacatecas, Zac.La Coordinadora Nacional por la Defensa de la Cuarta Transformaci\u00f3n, Claudia Sheinbaum Pardo, firm\u00f3 este jueves en la ciudad de Jerez, el Acuerdo de Unidad para la Transformaci\u00f3n de M\u00e9xico y Zacatecas.<\/span><\/p>\n<p><span style=\"font-size: 14pt;\">Acompa\u00f1ada por Mario Delgado Carrillo y Alberto Anaya, dirigentes nacionales de Morena y el PT, as\u00ed como por los hermanos Ricardo y David Monreal \u00c1vila, senador de la rep\u00fablica y gobernador de Zacatecas, respectivamente, as\u00ed como un numeroso grupo de ciudadanos, empresarios y acad\u00e9micos de la Universidad Aut\u00f3noma de Zacatecas, la asamblea morenista se realiz\u00f3 en el auditorio \u201cGenaro Borrego Estrada\u201d, en un evento se aclar\u00f3, \u201cdirigido exclusivamente a militantes de Morena\u201d.<\/span><\/p>\n<p><img loading=\"lazy\" decoding=\"async\" class=\"alignnone size-medium wp-image-19721\" src=\"http:\/\/noticiasveracruz.com\/wp-content\/uploads\/2023\/10\/OIF-6-200x300.jpg\" alt=\"\" width=\"200\" height=\"300\" srcset=\"https:\/\/noticiasveracruz.com\/wp-content\/uploads\/2023\/10\/OIF-6-200x300.jpg 200w, https:\/\/noticiasveracruz.com\/wp-content\/uploads\/2023\/10\/OIF-6.jpg 474w\" sizes=\"auto, (max-width: 200px) 100vw, 200px\" \/><\/p>\n<p><span style=\"font-size: 14pt;\">Sobre este punto, en su discurso la ex jefa de gobierno de la CDMX lament\u00f3 que ya no podr\u00e1 hacer eventos en plazas p\u00fablicas abiertas, \u201cporque el INE nos acaba de poner otras medidas precautorias, les dice, \u2018medidas precautorias\u2019, que significan, que tenemos que decir en cada evento, que es exclusivo para militantes de Morena, y ahora nos dice que tenemos que hacer eventos en lugares cerrados\u201d.<\/span><\/p>\n<p><span style=\"font-size: 14pt;\">S\u00f3lo hubo tres oradores en el evento. El primero fue el senador Ricardo Monreal \u00c1vila, ex aspirante a \u201cCoordinador\u201d, quien ahora fue presentado como responsable de \u201cEnlace Territorial\u201d del movimiento, quien hizo \u00e9nfasis en su compromiso por respaldar a Claudia Sheinbaum Pardo:<\/span><\/p>\n<p><span style=\"font-size: 14pt;\">\u201cMe alegra mucho estar aqu\u00ed contigo, acompa\u00f1\u00e1ndote, honrando mi compromiso, reafirmando que reconozco en mi tierra, que Claudia gan\u00f3 todas las encuestas, lo reconozco y honro mi compromiso y mi palabra, porque los zacatecanos tenemos palabra\u201d.<\/span><\/p>\n<p><span style=\"font-size: 14pt;\">Enseguida, Mario Delgado Carrillo, quien record\u00f3 que, en Morena, la designaci\u00f3n como Coordinadora nacional para la defensa y continuidad de la Cuarta Transformaci\u00f3n, \u201cfue electa de manera democr\u00e1tica, libre y transparente a trav\u00e9s de las encuestas\u201d.<\/span><\/p>\n<p><span style=\"font-size: 14pt;\">Sheinbaum, record\u00f3, es una cient\u00edfica comprometida, que ha ocupado diversos cargos p\u00fablicos, y ahora \u201cha recibido el bast\u00f3n de mando para liderar a nuestro movimiento\u201d. Y enseguida, Delgado Carrillo provoc\u00f3 entre los asistentes una arenga, al un\u00edsono, cuando pregunt\u00f3 a los 3 mil asistentes reunidos en el lugar:<\/span><\/p>\n<p><span style=\"font-size: 14pt;\">\u00bfC\u00f3mo le dice Zacatecas a Claudia? \u00bfC\u00f3mo le dicen?&#8230; y los asistentes corearon a gritos, al menos en siete veces seguidas: \u201cPresidenta, presidenta, presidenta\u2026\u201d. El dirigente nacional de Morena, advirti\u00f3: \u201cque conste que es el pueblo quien lo est\u00e1 diciendo, nosotros no, el pueblo es quien se est\u00e1 manifestando de manera libre, pero tambi\u00e9n muy contundente\u201d.<\/span><\/p>\n<p><span style=\"font-size: 14pt;\">Finalmente, Claudia Sheinbaum reconoci\u00f3 p\u00fablicamente \u201cla lealtad\u201d del senador Ricardo Monreal \u00c1vila, y adem\u00e1s, agradeci\u00f3 al gobernador David Monreal \u00c1vila (que en un d\u00eda y hora h\u00e1bil), le acompa\u00f1\u00f3 en \u00e9sta visita. De hecho el mandatario zacatecano acudi\u00f3 a recibirla al aeropuerto internacional de Zacatecas. Pero el gobernador del estado, no pudo estar en el templete del lugar, y la Coordinadora de la 4T explic\u00f3:<\/span><\/p>\n<p><span style=\"font-size: 14pt;\">\u201cSe preguntar\u00e1n por qu\u00e9 David no est\u00e1 aqu\u00ed en el templete (pero s\u00ed en primera fila, entre los asistentes), porque merecer\u00eda obviamente estar aqu\u00ed en el templete, pero ya saben c\u00f3mo es el INE, que pone reglas absurdas, que dice que, si es servidor p\u00fablico, no puede estar en un evento de Morena. Pues \u00a1s\u00ed es por supuesto militante de Morena, viene en su calidad de militante de Morena! As\u00ed que de todas maneras est\u00e1 aqu\u00ed con nosotros, como si estuviera en el templete, David, Muchas Gracias\u201d.<\/span><\/p>\n<p><span style=\"font-size: 14pt;\">Y justo estaba Sheinbaum Pardo llenando de elogios a David Monreal \u00c1vila, cuando por un aparente error del equipo de sonido del lugar, comenz\u00f3 a escucharse por los altavoces -a todo volumen interrumpiendo a la Coordinadora-, el fragmento de un audio, con la rasposa voz de hombre anciano: \u201cDE QUE LOS G\u00dcEVONES NO CABEN EN EL GOBIERNO Y TAMPOCO EN EL PA\u00cdS, YA SE ACAB\u00d3 QUE EST\u00c9N RECIBIENDO PROGRAMAS SOCIALES, A TRABAJAR G\u00dcEVONES\u201d.<\/span><\/p>\n<p><span style=\"font-size: 14pt;\">Estupefacta, Claudia Sheinbaum reaccion\u00f3 con el micr\u00f3fono en mano y volteando al staff de sonido, grit\u00f3 \u201cCi\u00e9rrenla\u201d, y continu\u00f3 su mensaje. Luego agradeci\u00f3 nuevamente al senador Ricardo Monreal su respaldo, ya que con \u00e9l, dijo, \u201cpodemos no estar de acuerdo en alg\u00fan detalle, en alg\u00fan asunto, pero estamos de acuerdo en lo principal, que debe seguir la transformaci\u00f3n y que el pueblo de M\u00e9xico debe seguir luchando por una vida digna, que no pueden regresar los gobiernos de antes, los gobiernos de la corrupci\u00f3n y los privilegios\u201d.<\/span><\/p>\n","protected":false},"excerpt":{"rendered":"<p>Zacatecas, Zac.La Coordinadora Nacional por la Defensa de la Cuarta Transformaci\u00f3n, Claudia Sheinbaum Pardo, firm\u00f3 este jueves en la ciudad<\/p>\n","protected":false},"author":4,"featured_media":19720,"comment_status":"closed","ping_status":"closed","sticky":false,"template":"","format":"standard","meta":{"colormag_page_container_layout":"default_layout","colormag_page_sidebar_layout":"default_layout","_jetpack_memberships_contains_paid_content":false,"footnotes":"","jetpack_publicize_message":"","jetpack_publicize_feature_enabled":true,"jetpack_social_post_already_shared":true,"jetpack_social_options":{"image_generator_settings":{"template":"highway","default_image_id":0,"font":"","enabled":false},"version":2}},"categories":[145],"tags":[],"class_list":["post-19719","post","type-post","status-publish","format-standard","has-post-thumbnail","hentry","category-estados"],"jetpack_publicize_connections":[],"jetpack_featured_media_url":"https:\/\/noticiasveracruz.com\/wp-content\/uploads\/2023\/10\/descarga-1.jpg","jetpack_sharing_enabled":true,"publishpress_future_action":{"enabled":false,"date":"2026-05-07 02:22:24","action":"change-status","newStatus":"draft","terms":[],"taxonomy":"category","extraData":[]},"publishpress_future_workflow_manual_trigger":{"enabledWorkflows":[]},"_links":{"self":[{"href":"https:\/\/noticiasveracruz.com\/index.php\/wp-json\/wp\/v2\/posts\/19719","targetHints":{"allow":["GET"]}}],"collection":[{"href":"https:\/\/noticiasveracruz.com\/index.php\/wp-json\/wp\/v2\/posts"}],"about":[{"href":"https:\/\/noticiasveracruz.com\/index.php\/wp-json\/wp\/v2\/types\/post"}],"author":[{"embeddable":true,"href":"https:\/\/noticiasveracruz.com\/index.php\/wp-json\/wp\/v2\/users\/4"}],"replies":[{"embeddable":true,"href":"https:\/\/noticiasveracruz.com\/index.php\/wp-json\/wp\/v2\/comments?post=19719"}],"version-history":[{"count":0,"href":"https:\/\/noticiasveracruz.com\/index.php\/wp-json\/wp\/v2\/posts\/19719\/revisions"}],"wp:featuredmedia":[{"embeddable":true,"href":"https:\/\/noticiasveracruz.com\/index.php\/wp-json\/wp\/v2\/media\/19720"}],"wp:attachment":[{"href":"https:\/\/noticiasveracruz.com\/index.php\/wp-json\/wp\/v2\/media?parent=19719"}],"wp:term":[{"taxonomy":"category","embeddable":true,"href":"https:\/\/noticiasveracruz.com\/index.php\/wp-json\/wp\/v2\/categories?post=19719"},{"taxonomy":"post_tag","embeddable":true,"href":"https:\/\/noticiasveracruz.com\/index.php\/wp-json\/wp\/v2\/tags?post=19719"}],"curies":[{"name":"wp","href":"https:\/\/api.w.org\/{rel}","templated":true}]}}