{"id":19599,"date":"2023-10-17T15:04:23","date_gmt":"2023-10-17T20:04:23","guid":{"rendered":"https:\/\/noticiasveracruz.com\/?p=19599"},"modified":"2023-10-17T15:04:23","modified_gmt":"2023-10-17T20:04:23","slug":"con-la-entrega-de-semilla-de-frijol-de-alta-calidad-se-cultivaran-560-hectareas-en-beneficio-de-cientos-de-familias-del-campo","status":"publish","type":"post","link":"https:\/\/noticiasveracruz.com\/index.php\/2023\/10\/17\/con-la-entrega-de-semilla-de-frijol-de-alta-calidad-se-cultivaran-560-hectareas-en-beneficio-de-cientos-de-familias-del-campo\/","title":{"rendered":"Con la entrega de semilla de frijol de alta calidad, se cultivar\u00e1n 560 hect\u00e1reas, en beneficio de cientos de familias del campo"},"content":{"rendered":"<p><span style=\"font-size: 14pt;\">Tuxpan, Ver.- Con la finalidad de apoyar al sector agropecuario, el H. Ayuntamiento de Tuxpan hizo entrega de semilla de frijol Michigan a 560 productores de 34 comunidades del municipio.<\/span><\/p>\n<p><img loading=\"lazy\" decoding=\"async\" class=\"alignnone size-medium wp-image-19602\" src=\"http:\/\/noticiasveracruz.com\/wp-content\/uploads\/2023\/10\/WhatsApp-Image-2023-10-17-at-13.38.34-300x199.jpeg\" alt=\"\" width=\"300\" height=\"199\" srcset=\"https:\/\/noticiasveracruz.com\/wp-content\/uploads\/2023\/10\/WhatsApp-Image-2023-10-17-at-13.38.34-300x199.jpeg 300w, https:\/\/noticiasveracruz.com\/wp-content\/uploads\/2023\/10\/WhatsApp-Image-2023-10-17-at-13.38.34-1024x681.jpeg 1024w, https:\/\/noticiasveracruz.com\/wp-content\/uploads\/2023\/10\/WhatsApp-Image-2023-10-17-at-13.38.34-768x511.jpeg 768w, https:\/\/noticiasveracruz.com\/wp-content\/uploads\/2023\/10\/WhatsApp-Image-2023-10-17-at-13.38.34.jpeg 1280w\" sizes=\"auto, (max-width: 300px) 100vw, 300px\" \/><\/p>\n<p><span style=\"font-size: 14pt;\">La entrega estuvo encabezada por el alcalde Jos\u00e9 Manuel Pozos Castro; la regidora Mar\u00eda del Pilar Mart\u00ednez Matesanz, comisionada en Desarrollo Agropecuario; el Ing. Manuel S\u00e1nchez Jacinto, jefe de distrito 2 de Desarrollo Rural de la Secretar\u00eda de Agricultura y Desarrollo Rural (SADER); Edmundo Crist\u00f3bal Cruz, director de Desarrollo Agropecuario, Forestal y Pesca y el subagente municipal de la localidad Otatal, Ramiro Garc\u00eda Anastasio.<\/span><\/p>\n<p><img loading=\"lazy\" decoding=\"async\" class=\"alignnone size-medium wp-image-19601\" src=\"http:\/\/noticiasveracruz.com\/wp-content\/uploads\/2023\/10\/WhatsApp-Image-2023-10-17-at-13.38.34-1-300x199.jpeg\" alt=\"\" width=\"300\" height=\"199\" srcset=\"https:\/\/noticiasveracruz.com\/wp-content\/uploads\/2023\/10\/WhatsApp-Image-2023-10-17-at-13.38.34-1-300x199.jpeg 300w, https:\/\/noticiasveracruz.com\/wp-content\/uploads\/2023\/10\/WhatsApp-Image-2023-10-17-at-13.38.34-1-1024x681.jpeg 1024w, https:\/\/noticiasveracruz.com\/wp-content\/uploads\/2023\/10\/WhatsApp-Image-2023-10-17-at-13.38.34-1-768x511.jpeg 768w, https:\/\/noticiasveracruz.com\/wp-content\/uploads\/2023\/10\/WhatsApp-Image-2023-10-17-at-13.38.34-1.jpeg 1280w\" sizes=\"auto, (max-width: 300px) 100vw, 300px\" \/><\/p>\n<p><span style=\"font-size: 14pt;\">\u201cQueremos que el frijol no falte en las mesas de las familias y que adem\u00e1s represente un ingreso para los campesinos, por eso estamos impulsando la siembra de esta leguminosa\u201d, mencion\u00f3 el alcalde en su mensaje.<\/span><\/p>\n<p><span style=\"font-size: 14pt;\">Destac\u00f3 que este importante proyecto productivo permitir\u00e1 la siembra de 560 hect\u00e1reas, durante el ciclo oto\u00f1o-invierno, y que adem\u00e1s generar\u00e1 m\u00e1s de 2500 empleos en el campo.<\/span><\/p>\n<p><img loading=\"lazy\" decoding=\"async\" class=\"alignnone size-medium wp-image-19600\" src=\"http:\/\/noticiasveracruz.com\/wp-content\/uploads\/2023\/10\/WhatsApp-Image-2023-10-17-at-13.38.33-300x199.jpeg\" alt=\"\" width=\"300\" height=\"199\" srcset=\"https:\/\/noticiasveracruz.com\/wp-content\/uploads\/2023\/10\/WhatsApp-Image-2023-10-17-at-13.38.33-300x199.jpeg 300w, https:\/\/noticiasveracruz.com\/wp-content\/uploads\/2023\/10\/WhatsApp-Image-2023-10-17-at-13.38.33-1024x681.jpeg 1024w, https:\/\/noticiasveracruz.com\/wp-content\/uploads\/2023\/10\/WhatsApp-Image-2023-10-17-at-13.38.33-768x511.jpeg 768w, https:\/\/noticiasveracruz.com\/wp-content\/uploads\/2023\/10\/WhatsApp-Image-2023-10-17-at-13.38.33.jpeg 1280w\" sizes=\"auto, (max-width: 300px) 100vw, 300px\" \/><\/p>\n<p><span style=\"font-size: 14pt;\">Jos\u00e9 Manuel Pozos Castro reconoci\u00f3 el trabajo de las mujeres y hombres del campo: \u201cgracias a su gran esfuerzo y a esa dedicaci\u00f3n hacen posible que los alimentos no falten en nuestras mesas. Cuentan con todo el respaldo de nuestro gobierno para reactivar la producci\u00f3n de frijol, que es un cultivo estrat\u00e9gico y b\u00e1sico para alcanzar la soberan\u00eda alimentaria\u201d.<\/span><\/p>\n<p><span style=\"font-size: 14pt;\">De la misma manera, agradeci\u00f3 a los agentes municipales por su preocupaci\u00f3n y por el dialogo permanente que existe en la actualidad con el gobierno, y los invit\u00f3 a continuar trabajando de manera coordinada para seguir reactivando la econom\u00eda del campo y llevando a cabo acciones en su beneficio.<\/span><\/p>\n<p><span style=\"font-size: 14pt;\">\u201cLa agricultura es una forma de vida que da identidad y nos llena de orgullo a todos los mexicanos. Ya es tiempo de que al campo de M\u00e9xico, de Veracruz y de Tuxpan les vaya bien\u201d, concluy\u00f3.<\/span><\/p>\n<p><span style=\"font-size: 14pt;\">Ramiro Garc\u00eda Anastasio, agente municipal de Otatal y beneficiario de esta entrega agradeci\u00f3 al gobierno de Tuxpan:<\/span><\/p>\n<p><span style=\"font-size: 14pt;\">\u201cHoy es un d\u00eda hist\u00f3rico ya que vamos a sembrar las semillas que nos han entregado. Le damos las gracias a las autoridades, y a usted alcalde, por este esfuerzo que ha hecho para apoyarnos con esta semilla que es un gran impacto para la econom\u00eda de todos nosotros luego de que nos azot\u00f3 muy fuertemente el estiaje\u201d.<\/span><\/p>\n<p><span style=\"font-size: 14pt;\">Las comunidades beneficiadas en esta ocasi\u00f3n fueron Chijolar, Zapote Domingo, Otatal, El Coyol, Pe\u00f1a Alta, H\u00e9roes de Chapultepec, El Lindero, Monte Morelos, Macuilt\u00e9petl, Banco de Calichar, Boca del Monte, Pr\u00e1xedis Guerrero, La Joya, El Muro, Salto de la Reforma, Tebanco, Las Pasas, Francisco I. Madero.<\/span><\/p>\n<p><span style=\"font-size: 14pt;\">Asimismo, Miramar, Higueral, Pe\u00f1a de Afuera, Laja del Tubo, Pa\u00edses Bajos, Frijolillo, El Jobo, Chiconcoa, Buenos Aires, Ceiba Rica, Linda Vista, Tierra Blanca, Tampiquillo, Higo de la Esperanza, Juana Moza y Altamira.<\/span><\/p>\n","protected":false},"excerpt":{"rendered":"<p>Tuxpan, Ver.- Con la finalidad de apoyar al sector agropecuario, el H. Ayuntamiento de Tuxpan hizo entrega de semilla de<\/p>\n","protected":false},"author":4,"featured_media":19604,"comment_status":"closed","ping_status":"closed","sticky":false,"template":"","format":"standard","meta":{"colormag_page_container_layout":"default_layout","colormag_page_sidebar_layout":"default_layout","_jetpack_memberships_contains_paid_content":false,"footnotes":"","jetpack_publicize_message":"","jetpack_publicize_feature_enabled":true,"jetpack_social_post_already_shared":true,"jetpack_social_options":{"image_generator_settings":{"template":"highway","default_image_id":0,"font":"","enabled":false},"version":2}},"categories":[145],"tags":[],"class_list":["post-19599","post","type-post","status-publish","format-standard","has-post-thumbnail","hentry","category-estados"],"jetpack_publicize_connections":[],"jetpack_featured_media_url":"https:\/\/noticiasveracruz.com\/wp-content\/uploads\/2023\/10\/WhatsApp-Image-2023-10-17-at-13.38.35.jpeg","jetpack_sharing_enabled":true,"publishpress_future_action":{"enabled":false,"date":"2026-05-09 06:52:31","action":"change-status","newStatus":"draft","terms":[],"taxonomy":"category","extraData":[]},"publishpress_future_workflow_manual_trigger":{"enabledWorkflows":[]},"_links":{"self":[{"href":"https:\/\/noticiasveracruz.com\/index.php\/wp-json\/wp\/v2\/posts\/19599","targetHints":{"allow":["GET"]}}],"collection":[{"href":"https:\/\/noticiasveracruz.com\/index.php\/wp-json\/wp\/v2\/posts"}],"about":[{"href":"https:\/\/noticiasveracruz.com\/index.php\/wp-json\/wp\/v2\/types\/post"}],"author":[{"embeddable":true,"href":"https:\/\/noticiasveracruz.com\/index.php\/wp-json\/wp\/v2\/users\/4"}],"replies":[{"embeddable":true,"href":"https:\/\/noticiasveracruz.com\/index.php\/wp-json\/wp\/v2\/comments?post=19599"}],"version-history":[{"count":0,"href":"https:\/\/noticiasveracruz.com\/index.php\/wp-json\/wp\/v2\/posts\/19599\/revisions"}],"wp:featuredmedia":[{"embeddable":true,"href":"https:\/\/noticiasveracruz.com\/index.php\/wp-json\/wp\/v2\/media\/19604"}],"wp:attachment":[{"href":"https:\/\/noticiasveracruz.com\/index.php\/wp-json\/wp\/v2\/media?parent=19599"}],"wp:term":[{"taxonomy":"category","embeddable":true,"href":"https:\/\/noticiasveracruz.com\/index.php\/wp-json\/wp\/v2\/categories?post=19599"},{"taxonomy":"post_tag","embeddable":true,"href":"https:\/\/noticiasveracruz.com\/index.php\/wp-json\/wp\/v2\/tags?post=19599"}],"curies":[{"name":"wp","href":"https:\/\/api.w.org\/{rel}","templated":true}]}}