{"id":19588,"date":"2023-10-17T12:16:31","date_gmt":"2023-10-17T17:16:31","guid":{"rendered":"https:\/\/noticiasveracruz.com\/?p=19588"},"modified":"2023-10-17T12:16:31","modified_gmt":"2023-10-17T17:16:31","slug":"peso-abre-con-depreciacion-opera-en-18-07-por-dolar","status":"publish","type":"post","link":"https:\/\/noticiasveracruz.com\/index.php\/2023\/10\/17\/peso-abre-con-depreciacion-opera-en-18-07-por-dolar\/","title":{"rendered":"Peso abre con depreciaci\u00f3n; opera en 18.07 por d\u00f3lar"},"content":{"rendered":"<p><span style=\"font-size: 14pt;\">El peso inici\u00f3 la sesi\u00f3n de este martes cotizando en alrededor de 18.07 pesos por d\u00f3lar, mostrando una depreciaci\u00f3n de 1.05 por ciento o 18 centavos, con el tipo de cambio tocando un m\u00e1ximo de 18.0797 y un m\u00ednimo de 17.8723 pesos por d\u00f3lar.<\/span><\/p>\n<p><span style=\"font-size: 14pt;\">Las presiones al alza, explic\u00f3 Banco Base, se deben a la publicaci\u00f3n de las ventas minoristas y la producci\u00f3n industrial de Estados Unidos, que superaron las expectativas del mercado y hacen pensar que podr\u00edan continuar las presiones inflacionarias en ese pa\u00eds.<\/span><\/p>\n<p><span style=\"font-size: 14pt;\">En septiembre, las ventas minoristas de Estados Unidos mostraron un crecimiento de 0.7 por ciento mensual, ubic\u00e1ndose por encima de lo esperado por el mercado de 0.3 por ciento.<\/span><\/p>\n<p><span style=\"font-size: 14pt;\">Con lo anterior, el comercio al por menor en Estados Unidos acumula 6 meses consecutivos de crecimiento mensual, seg\u00fan cifras nominales.<\/span><\/p>\n<p><img loading=\"lazy\" decoding=\"async\" class=\"alignnone size-medium wp-image-19589\" src=\"http:\/\/noticiasveracruz.com\/wp-content\/uploads\/2023\/10\/7TYLQ2XWJZCRJFRARNWSKIHVUQ-300x169.jpg\" alt=\"\" width=\"300\" height=\"169\" srcset=\"https:\/\/noticiasveracruz.com\/wp-content\/uploads\/2023\/10\/7TYLQ2XWJZCRJFRARNWSKIHVUQ-300x169.jpg 300w, https:\/\/noticiasveracruz.com\/wp-content\/uploads\/2023\/10\/7TYLQ2XWJZCRJFRARNWSKIHVUQ-1024x576.jpg 1024w, https:\/\/noticiasveracruz.com\/wp-content\/uploads\/2023\/10\/7TYLQ2XWJZCRJFRARNWSKIHVUQ-768x432.jpg 768w, https:\/\/noticiasveracruz.com\/wp-content\/uploads\/2023\/10\/7TYLQ2XWJZCRJFRARNWSKIHVUQ.jpg 1440w\" sizes=\"auto, (max-width: 300px) 100vw, 300px\" \/><\/p>\n<p><span style=\"font-size: 14pt;\">En el mercado financiero, sigue la incertidumbre ante los acontecimientos en el Medio Oriente.<\/span><\/p>\n<p><span style=\"font-size: 14pt;\">En este contexto, el presidente de Estados Unidos, Joe Biden, tiene previsto viajar a Israel el mi\u00e9rcoles. Biden tambi\u00e9n visitar\u00e1 Jordania para conversar con el rey Abdullah II y se reunir\u00e1 con el presidente egipcio, Abdel Fattah El-Sisi, y el presidente de la Autoridad Palestina, Mahmoud Abbas. El Canciller de Alemania, Olaf Scholz tambi\u00e9n se encontrar\u00e1 en Israel.<\/span><\/p>\n<p><span style=\"font-size: 14pt;\">Seg\u00fan analistas, el mercado teme que la ofensiva terrestre por parte de Israel desencadene un conflicto m\u00e1s grande, que pueda poner en riesgo las cadenas de suministro, la producci\u00f3n de petr\u00f3leo, el crecimiento econ\u00f3mico y la estabilidad financiera.<\/span><\/p>\n<p><span style=\"font-size: 14pt;\">Bajo este contexto, el d\u00f3lar estadounidense se fortalece 0.24%, provocando que la mayor\u00eda de las divisas pierdan terreno.<\/span><\/p>\n<p><span style=\"font-size: 14pt;\">En tanto, se observan p\u00e9rdidas en el mercado de capitales durante la sesi\u00f3n europea, con el Dax de Alemania perdiendo 0.73 por ciento y el CCA 40 de Francia 0.63 por ciento. En Estados Unidos, el Dow Jones cae 0.39 por ciento, mientras que el S&amp;P 500 pierde 0.62 por ciento. Mientras que en M\u00e9xico la Bolsa Mexicana de Valores arranc\u00f3 la sesi\u00f3n con una p\u00e9rdida de 0.52 por ciento.<\/span><\/p>\n","protected":false},"excerpt":{"rendered":"<p>El peso inici\u00f3 la sesi\u00f3n de este martes cotizando en alrededor de 18.07 pesos por d\u00f3lar, mostrando una depreciaci\u00f3n de<\/p>\n","protected":false},"author":4,"featured_media":19590,"comment_status":"closed","ping_status":"closed","sticky":false,"template":"","format":"standard","meta":{"colormag_page_container_layout":"default_layout","colormag_page_sidebar_layout":"default_layout","_jetpack_memberships_contains_paid_content":false,"footnotes":"","jetpack_publicize_message":"","jetpack_publicize_feature_enabled":true,"jetpack_social_post_already_shared":true,"jetpack_social_options":{"image_generator_settings":{"template":"highway","default_image_id":0,"font":"","enabled":false},"version":2}},"categories":[1947],"tags":[],"class_list":["post-19588","post","type-post","status-publish","format-standard","has-post-thumbnail","hentry","category-economia"],"jetpack_publicize_connections":[],"jetpack_featured_media_url":"https:\/\/noticiasveracruz.com\/wp-content\/uploads\/2023\/10\/Peso_dolar.png","jetpack_sharing_enabled":true,"publishpress_future_action":{"enabled":false,"date":"2026-05-07 04:56:33","action":"change-status","newStatus":"draft","terms":[],"taxonomy":"category","extraData":[]},"publishpress_future_workflow_manual_trigger":{"enabledWorkflows":[]},"_links":{"self":[{"href":"https:\/\/noticiasveracruz.com\/index.php\/wp-json\/wp\/v2\/posts\/19588","targetHints":{"allow":["GET"]}}],"collection":[{"href":"https:\/\/noticiasveracruz.com\/index.php\/wp-json\/wp\/v2\/posts"}],"about":[{"href":"https:\/\/noticiasveracruz.com\/index.php\/wp-json\/wp\/v2\/types\/post"}],"author":[{"embeddable":true,"href":"https:\/\/noticiasveracruz.com\/index.php\/wp-json\/wp\/v2\/users\/4"}],"replies":[{"embeddable":true,"href":"https:\/\/noticiasveracruz.com\/index.php\/wp-json\/wp\/v2\/comments?post=19588"}],"version-history":[{"count":0,"href":"https:\/\/noticiasveracruz.com\/index.php\/wp-json\/wp\/v2\/posts\/19588\/revisions"}],"wp:featuredmedia":[{"embeddable":true,"href":"https:\/\/noticiasveracruz.com\/index.php\/wp-json\/wp\/v2\/media\/19590"}],"wp:attachment":[{"href":"https:\/\/noticiasveracruz.com\/index.php\/wp-json\/wp\/v2\/media?parent=19588"}],"wp:term":[{"taxonomy":"category","embeddable":true,"href":"https:\/\/noticiasveracruz.com\/index.php\/wp-json\/wp\/v2\/categories?post=19588"},{"taxonomy":"post_tag","embeddable":true,"href":"https:\/\/noticiasveracruz.com\/index.php\/wp-json\/wp\/v2\/tags?post=19588"}],"curies":[{"name":"wp","href":"https:\/\/api.w.org\/{rel}","templated":true}]}}