{"id":19576,"date":"2023-10-17T09:44:25","date_gmt":"2023-10-17T14:44:25","guid":{"rendered":"https:\/\/noticiasveracruz.com\/?p=19576"},"modified":"2023-10-17T09:44:25","modified_gmt":"2023-10-17T14:44:25","slug":"no-cumplen-requisitos-para-ser-titulares","status":"publish","type":"post","link":"https:\/\/noticiasveracruz.com\/index.php\/2023\/10\/17\/no-cumplen-requisitos-para-ser-titulares\/","title":{"rendered":"No cumplen requisitos  para ser titulares"},"content":{"rendered":"<ul>\n<li><span style=\"font-size: 14pt;\"><strong>Nuevos encargados de despacho en la Segob y SEV<\/strong><\/span><\/li>\n<\/ul>\n<p><span style=\"font-size: 14pt;\">Xalapa.- El gobernador design\u00f3 a V\u00edctor Vargas Barrientos, como encargado de despacho de la Secretar\u00eda de Educaci\u00f3n de Veracruz y al tabasque\u00f1o Carlos Ju\u00e1rez Gil como encargado de despacho de la secretar\u00eda de Gobierno.<\/span><\/p>\n<p><span style=\"font-size: 14pt;\">Lo anterior, mientras los dos titulares de las dependencias, Zenyazen Escobar Garc\u00eda y Eric Cisneros Burgos participan en el proceso interno para elegir al coordinador estatal de la Defensa de la Cuarta Transformaci\u00f3n en Veracruz, es decir, al potencial candidato a gobernador.<\/span><\/p>\n<p><span style=\"font-size: 14pt;\">No obstante, ninguno de los dos encargados de las secretar\u00edas de despacho podr\u00eda asumir la titularidad de las dependencias, lo anterior, porque no cumplen los requisitos que establece la constituci\u00f3n para nombrarlos en el cargo.<\/span><\/p>\n<p><img loading=\"lazy\" decoding=\"async\" class=\"alignnone size-medium wp-image-19578\" src=\"http:\/\/noticiasveracruz.com\/wp-content\/uploads\/2023\/10\/cuitlahuac-garcia-periodistas-fb-1-1068x659-1-300x185.jpg\" alt=\"\" width=\"300\" height=\"185\" srcset=\"https:\/\/noticiasveracruz.com\/wp-content\/uploads\/2023\/10\/cuitlahuac-garcia-periodistas-fb-1-1068x659-1-300x185.jpg 300w, https:\/\/noticiasveracruz.com\/wp-content\/uploads\/2023\/10\/cuitlahuac-garcia-periodistas-fb-1-1068x659-1-1024x632.jpg 1024w, https:\/\/noticiasveracruz.com\/wp-content\/uploads\/2023\/10\/cuitlahuac-garcia-periodistas-fb-1-1068x659-1-768x474.jpg 768w, https:\/\/noticiasveracruz.com\/wp-content\/uploads\/2023\/10\/cuitlahuac-garcia-periodistas-fb-1-1068x659-1.jpg 1068w\" sizes=\"auto, (max-width: 300px) 100vw, 300px\" \/><\/p>\n<p><span style=\"font-size: 14pt;\">Primero, V\u00edctor Vargas Barrientos, quien ya fue diputado local y aspirante a la candidatura de C\u00f3rdoba, y se ven\u00eda desempe\u00f1ando como Coordinador de Delegaciones de la SEV no podr\u00eda ser nombrado como titular.<\/span><\/p>\n<p><span style=\"font-size: 14pt;\">En su art\u00edculo 50 la Constituci\u00f3n local establece que: \u201cLos titulares de las dependencias y entidades de la administraci\u00f3n p\u00fablica deber\u00e1n ser veracruzanos y contar con t\u00edtulo profesional expedido por autoridad o instituci\u00f3n legalmente facultada para ello, y cumplir con los dem\u00e1s requisitos que establezca la ley\u201d.<\/span><\/p>\n<p><span style=\"font-size: 14pt;\">De acuerdo con el Registro Nacional de Profesionistas, Vargas Barrientos no cuenta con registro de c\u00e9dula profesional.<\/span><\/p>\n<p><span style=\"font-size: 14pt;\">En tanto, Carlos Ju\u00e1rez Gil tampoco cumple con los requisitos de ley para ser electo, pues es originario de Tabasco, y aunque reside en el Estado, tendr\u00eda que pedir dispensa de ley para ocupar la titularidad de la Segob.<\/span><\/p>\n<p><span style=\"font-size: 14pt;\">\u00c9l s\u00ed cuenta con una licenciatura y maestr\u00eda, sin embargo, su t\u00edtulo lo obtuvo en 2019, cuando ya estaba en la funci\u00f3n p\u00fablica, por lo que al momento de su nombramiento incumpl\u00eda con la ley.<\/span><\/p>\n<p><span style=\"font-size: 14pt;\">El gobernador anunci\u00f3 los relevos, sin embargo, les pidi\u00f3 no hacer cambios, pues dej\u00f3 abierta la posibilidad de que los dos secretarios se reincorporen a la funci\u00f3n p\u00fablica, una vez concluido el proceso interno de Morena.<\/span><\/p>\n","protected":false},"excerpt":{"rendered":"<p>Nuevos encargados de despacho en la Segob y SEV Xalapa.- El gobernador design\u00f3 a V\u00edctor Vargas Barrientos, como encargado de<\/p>\n","protected":false},"author":4,"featured_media":19577,"comment_status":"closed","ping_status":"closed","sticky":false,"template":"","format":"standard","meta":{"colormag_page_container_layout":"default_layout","colormag_page_sidebar_layout":"default_layout","_jetpack_memberships_contains_paid_content":false,"footnotes":"","jetpack_publicize_message":"","jetpack_publicize_feature_enabled":true,"jetpack_social_post_already_shared":true,"jetpack_social_options":{"image_generator_settings":{"template":"highway","default_image_id":0,"font":"","enabled":false},"version":2}},"categories":[356],"tags":[],"class_list":["post-19576","post","type-post","status-publish","format-standard","has-post-thumbnail","hentry","category-veracruz"],"jetpack_publicize_connections":[],"jetpack_featured_media_url":"https:\/\/noticiasveracruz.com\/wp-content\/uploads\/2023\/10\/10b-2.jpg","jetpack_sharing_enabled":true,"publishpress_future_action":{"enabled":false,"date":"2026-05-07 07:01:30","action":"change-status","newStatus":"draft","terms":[],"taxonomy":"category","extraData":[]},"publishpress_future_workflow_manual_trigger":{"enabledWorkflows":[]},"_links":{"self":[{"href":"https:\/\/noticiasveracruz.com\/index.php\/wp-json\/wp\/v2\/posts\/19576","targetHints":{"allow":["GET"]}}],"collection":[{"href":"https:\/\/noticiasveracruz.com\/index.php\/wp-json\/wp\/v2\/posts"}],"about":[{"href":"https:\/\/noticiasveracruz.com\/index.php\/wp-json\/wp\/v2\/types\/post"}],"author":[{"embeddable":true,"href":"https:\/\/noticiasveracruz.com\/index.php\/wp-json\/wp\/v2\/users\/4"}],"replies":[{"embeddable":true,"href":"https:\/\/noticiasveracruz.com\/index.php\/wp-json\/wp\/v2\/comments?post=19576"}],"version-history":[{"count":0,"href":"https:\/\/noticiasveracruz.com\/index.php\/wp-json\/wp\/v2\/posts\/19576\/revisions"}],"wp:featuredmedia":[{"embeddable":true,"href":"https:\/\/noticiasveracruz.com\/index.php\/wp-json\/wp\/v2\/media\/19577"}],"wp:attachment":[{"href":"https:\/\/noticiasveracruz.com\/index.php\/wp-json\/wp\/v2\/media?parent=19576"}],"wp:term":[{"taxonomy":"category","embeddable":true,"href":"https:\/\/noticiasveracruz.com\/index.php\/wp-json\/wp\/v2\/categories?post=19576"},{"taxonomy":"post_tag","embeddable":true,"href":"https:\/\/noticiasveracruz.com\/index.php\/wp-json\/wp\/v2\/tags?post=19576"}],"curies":[{"name":"wp","href":"https:\/\/api.w.org\/{rel}","templated":true}]}}