{"id":19568,"date":"2023-10-17T09:33:55","date_gmt":"2023-10-17T14:33:55","guid":{"rendered":"https:\/\/noticiasveracruz.com\/?p=19568"},"modified":"2023-10-17T09:33:55","modified_gmt":"2023-10-17T14:33:55","slug":"ordena-ine-a-sheinbaum-suspender-gira-la-esperanza-nos-une","status":"publish","type":"post","link":"https:\/\/noticiasveracruz.com\/index.php\/2023\/10\/17\/ordena-ine-a-sheinbaum-suspender-gira-la-esperanza-nos-une\/","title":{"rendered":"Ordena INE a Sheinbaum suspender gira \u00abLa Esperanza nos Une\u00bb"},"content":{"rendered":"<div id=\"article-content-tts\" class=\"nota-contenido mb-5\">\n<div id=\"content_nitf\">\n<p class=\"western\"><span style=\"font-size: 14pt;\">La Comisi\u00f3n de Quejas y Denuncias del Instituto Nacional Electoral (INE) orden\u00f3 a Morena y a la coordinadora nacional de la Defensa de la Transformaci\u00f3n, Claudia Sheinbaum, suspender la gira denominada \u201cLa Esperanza nos Une\u201d que realiza por todo el pa\u00eds, por considerar que en los eventos realizados se han registrado manifestaciones con contenido proselitista.<\/span><\/p>\n<p class=\"western\"><span style=\"font-size: 14pt;\">Para no afectar el derecho a la autoorganizaci\u00f3n que tiene esta fuerza pol\u00edtica, los integrantes de la comisi\u00f3n orientaron a la realizaci\u00f3n de giras y eventos dirigidos exclusivamente a la militancia, que se desarrollen en lugares cerrados y se informe a los asistentes sobre los l\u00edmites legales que existen.<\/span><\/p>\n<p><img loading=\"lazy\" decoding=\"async\" class=\"alignnone size-medium wp-image-19569\" src=\"http:\/\/noticiasveracruz.com\/wp-content\/uploads\/2023\/10\/f960x540-569876_643951_15-300x169.jpg\" alt=\"\" width=\"300\" height=\"169\" srcset=\"https:\/\/noticiasveracruz.com\/wp-content\/uploads\/2023\/10\/f960x540-569876_643951_15-300x169.jpg 300w, https:\/\/noticiasveracruz.com\/wp-content\/uploads\/2023\/10\/f960x540-569876_643951_15-768x432.jpg 768w, https:\/\/noticiasveracruz.com\/wp-content\/uploads\/2023\/10\/f960x540-569876_643951_15.jpg 960w\" sizes=\"auto, (max-width: 300px) 100vw, 300px\" \/><\/p>\n<p class=\"western\"><span style=\"font-size: 14pt;\">De esta manera, dicha instancia resolvi\u00f3 las denuncias presentadas por el PRD y el coordinador de los diputados federales de Movimiento Ciudadano, Jorge \u00c1lvarez Maynez, en contra de Sheinbaum, el dirigente de Morena, Mario Delgado y diversos funcionarios p\u00fablicos por la realizaci\u00f3n de actos anticipados de precampa\u00f1a y campa\u00f1a derivados de la realizaci\u00f3n y difusi\u00f3n de nueve eventos llevados a cabo como parte de la gira citada.<\/span><\/p>\n<p class=\"western\"><span style=\"font-size: 14pt;\">En el proyecto aprobado se consideraron procedentes las medidas cautelares solicitadas consistentes en la cancelaci\u00f3n del periplo en tanto no inicien de manera oficial la precampa\u00f1a electoral. Ello, para evitar da\u00f1os irreparables a la contienda electoral al estimarse que pudiera existir una violaci\u00f3n grave al principio de equidad.<\/span><\/p>\n<p class=\"western\"><span style=\"font-size: 14pt;\">Los consejeros determinaron que de manera reiterada, Morena y su aspirante presidencial han violado la prohibici\u00f3n de hacer actos anticipados de campa\u00f1a, por lo que advirtieron que si los pr\u00f3ximos eventos que hagan no se ajustan a los lineamientos se\u00f1alados, se dictar\u00e1n medidas para cancelarlos tambi\u00e9n.<\/span><\/p>\n<\/div>\n<\/div>\n","protected":false},"excerpt":{"rendered":"<p>La Comisi\u00f3n de Quejas y Denuncias del Instituto Nacional Electoral (INE) orden\u00f3 a Morena y a la coordinadora nacional de<\/p>\n","protected":false},"author":4,"featured_media":19570,"comment_status":"closed","ping_status":"closed","sticky":false,"template":"","format":"standard","meta":{"colormag_page_container_layout":"default_layout","colormag_page_sidebar_layout":"default_layout","_jetpack_memberships_contains_paid_content":false,"footnotes":"","jetpack_publicize_message":"","jetpack_publicize_feature_enabled":true,"jetpack_social_post_already_shared":true,"jetpack_social_options":{"image_generator_settings":{"template":"highway","default_image_id":0,"font":"","enabled":false},"version":2}},"categories":[4],"tags":[],"class_list":["post-19568","post","type-post","status-publish","format-standard","has-post-thumbnail","hentry","category-nacional"],"jetpack_publicize_connections":[],"jetpack_featured_media_url":"https:\/\/noticiasveracruz.com\/wp-content\/uploads\/2023\/10\/sheinbaum-ine-suspender-gira.jpg","jetpack_sharing_enabled":true,"publishpress_future_action":{"enabled":false,"date":"2026-05-09 06:02:21","action":"change-status","newStatus":"draft","terms":[],"taxonomy":"category","extraData":[]},"publishpress_future_workflow_manual_trigger":{"enabledWorkflows":[]},"_links":{"self":[{"href":"https:\/\/noticiasveracruz.com\/index.php\/wp-json\/wp\/v2\/posts\/19568","targetHints":{"allow":["GET"]}}],"collection":[{"href":"https:\/\/noticiasveracruz.com\/index.php\/wp-json\/wp\/v2\/posts"}],"about":[{"href":"https:\/\/noticiasveracruz.com\/index.php\/wp-json\/wp\/v2\/types\/post"}],"author":[{"embeddable":true,"href":"https:\/\/noticiasveracruz.com\/index.php\/wp-json\/wp\/v2\/users\/4"}],"replies":[{"embeddable":true,"href":"https:\/\/noticiasveracruz.com\/index.php\/wp-json\/wp\/v2\/comments?post=19568"}],"version-history":[{"count":0,"href":"https:\/\/noticiasveracruz.com\/index.php\/wp-json\/wp\/v2\/posts\/19568\/revisions"}],"wp:featuredmedia":[{"embeddable":true,"href":"https:\/\/noticiasveracruz.com\/index.php\/wp-json\/wp\/v2\/media\/19570"}],"wp:attachment":[{"href":"https:\/\/noticiasveracruz.com\/index.php\/wp-json\/wp\/v2\/media?parent=19568"}],"wp:term":[{"taxonomy":"category","embeddable":true,"href":"https:\/\/noticiasveracruz.com\/index.php\/wp-json\/wp\/v2\/categories?post=19568"},{"taxonomy":"post_tag","embeddable":true,"href":"https:\/\/noticiasveracruz.com\/index.php\/wp-json\/wp\/v2\/tags?post=19568"}],"curies":[{"name":"wp","href":"https:\/\/api.w.org\/{rel}","templated":true}]}}