{"id":19564,"date":"2023-10-16T21:53:14","date_gmt":"2023-10-17T02:53:14","guid":{"rendered":"https:\/\/noticiasveracruz.com\/?p=19564"},"modified":"2023-10-16T21:53:14","modified_gmt":"2023-10-17T02:53:14","slug":"designa-amlo-a-miguel-angel-maciel-torres-como-nuevo-titular-de-energia","status":"publish","type":"post","link":"https:\/\/noticiasveracruz.com\/index.php\/2023\/10\/16\/designa-amlo-a-miguel-angel-maciel-torres-como-nuevo-titular-de-energia\/","title":{"rendered":"Designa AMLO a Miguel \u00c1ngel Maciel Torres como nuevo titular de Energ\u00eda"},"content":{"rendered":"<p><span style=\"font-size: 14pt;\">El presidente Andr\u00e9s Manuel L\u00f3pez Obrador design\u00f3 a Miguel \u00c1ngel Maciel Torres como el sustituto de Roc\u00edo Nahle al frente de la Secretar\u00eda de Energ\u00eda (Sener).<\/span><\/p>\n<p><span style=\"font-size: 14pt;\">A trav\u00e9s de sus redes sociales, el mandatario dio a conocer el relevo luego que el viernes pasado su ahora ex funcionaria presentara su dimisi\u00f3n, pues busca ser la abanderada de Morena a la gubernatura de Veracruz.<\/span><\/p>\n<p><img loading=\"lazy\" decoding=\"async\" class=\"alignnone size-medium wp-image-19565\" src=\"http:\/\/noticiasveracruz.com\/wp-content\/uploads\/2023\/10\/64fc085763c7f377dd094682283f5290-300x165.jpg\" alt=\"\" width=\"300\" height=\"165\" srcset=\"https:\/\/noticiasveracruz.com\/wp-content\/uploads\/2023\/10\/64fc085763c7f377dd094682283f5290-300x165.jpg 300w, https:\/\/noticiasveracruz.com\/wp-content\/uploads\/2023\/10\/64fc085763c7f377dd094682283f5290-768x422.jpg 768w, https:\/\/noticiasveracruz.com\/wp-content\/uploads\/2023\/10\/64fc085763c7f377dd094682283f5290.jpg 818w\" sizes=\"auto, (max-width: 300px) 100vw, 300px\" \/><\/p>\n<p><span style=\"font-size: 14pt;\">El nuevo secretario se desempe\u00f1aba como subsecretario en la Sener. Es ingeniero petrolero por el Instituto Polit\u00e9cnico Nacional (IPN) y tiene una maestr\u00eda por la Universidad Nacional Aut\u00f3noma de M\u00e9xico (UNAM).<\/span><\/p>\n<p><span style=\"font-size: 14pt;\">\u201cDe conformidad con mis facultades, he nombrado secretario de Energ\u00eda a Miguel \u00c1ngel Maciel Torres, que se desempe\u00f1aba como subsecretario\u201d, escribi\u00f3 el mandatario en la red social X, junto a una fotograf\u00eda a lado del nuevo titular de la Sener en uno de los despachos de Palacio Nacional.<\/span><\/p>\n<p><span style=\"font-size: 14pt;\">Agreg\u00f3 que Maciel Torres \u201ccuenta con toda nuestra confianza por su honestidad y probadas convicciones en favor de la soberan\u00eda nacional\u201d.<\/span><\/p>\n<p>&nbsp;<\/p>\n","protected":false},"excerpt":{"rendered":"<p>El presidente Andr\u00e9s Manuel L\u00f3pez Obrador design\u00f3 a Miguel \u00c1ngel Maciel Torres como el sustituto de Roc\u00edo Nahle al frente<\/p>\n","protected":false},"author":4,"featured_media":19566,"comment_status":"closed","ping_status":"closed","sticky":false,"template":"","format":"standard","meta":{"colormag_page_container_layout":"default_layout","colormag_page_sidebar_layout":"default_layout","_jetpack_memberships_contains_paid_content":false,"footnotes":"","jetpack_publicize_message":"","jetpack_publicize_feature_enabled":true,"jetpack_social_post_already_shared":true,"jetpack_social_options":{"image_generator_settings":{"template":"highway","default_image_id":0,"font":"","enabled":false},"version":2}},"categories":[4],"tags":[],"class_list":["post-19564","post","type-post","status-publish","format-standard","has-post-thumbnail","hentry","category-nacional"],"jetpack_publicize_connections":[],"jetpack_featured_media_url":"https:\/\/noticiasveracruz.com\/wp-content\/uploads\/2023\/10\/nuevo-secretario-de-energia-184223-1024x576-1.jpg","jetpack_sharing_enabled":true,"publishpress_future_action":{"enabled":false,"date":"2026-05-09 06:52:47","action":"change-status","newStatus":"draft","terms":[],"taxonomy":"category","extraData":[]},"publishpress_future_workflow_manual_trigger":{"enabledWorkflows":[]},"_links":{"self":[{"href":"https:\/\/noticiasveracruz.com\/index.php\/wp-json\/wp\/v2\/posts\/19564","targetHints":{"allow":["GET"]}}],"collection":[{"href":"https:\/\/noticiasveracruz.com\/index.php\/wp-json\/wp\/v2\/posts"}],"about":[{"href":"https:\/\/noticiasveracruz.com\/index.php\/wp-json\/wp\/v2\/types\/post"}],"author":[{"embeddable":true,"href":"https:\/\/noticiasveracruz.com\/index.php\/wp-json\/wp\/v2\/users\/4"}],"replies":[{"embeddable":true,"href":"https:\/\/noticiasveracruz.com\/index.php\/wp-json\/wp\/v2\/comments?post=19564"}],"version-history":[{"count":0,"href":"https:\/\/noticiasveracruz.com\/index.php\/wp-json\/wp\/v2\/posts\/19564\/revisions"}],"wp:featuredmedia":[{"embeddable":true,"href":"https:\/\/noticiasveracruz.com\/index.php\/wp-json\/wp\/v2\/media\/19566"}],"wp:attachment":[{"href":"https:\/\/noticiasveracruz.com\/index.php\/wp-json\/wp\/v2\/media?parent=19564"}],"wp:term":[{"taxonomy":"category","embeddable":true,"href":"https:\/\/noticiasveracruz.com\/index.php\/wp-json\/wp\/v2\/categories?post=19564"},{"taxonomy":"post_tag","embeddable":true,"href":"https:\/\/noticiasveracruz.com\/index.php\/wp-json\/wp\/v2\/tags?post=19564"}],"curies":[{"name":"wp","href":"https:\/\/api.w.org\/{rel}","templated":true}]}}