{"id":19474,"date":"2023-10-14T14:14:14","date_gmt":"2023-10-14T19:14:14","guid":{"rendered":"https:\/\/noticiasveracruz.com\/?p=19474"},"modified":"2023-10-14T14:14:14","modified_gmt":"2023-10-14T19:14:14","slug":"esto-va-a-seguir-dice-netanyahu-a-tropas-israelies","status":"publish","type":"post","link":"https:\/\/noticiasveracruz.com\/index.php\/2023\/10\/14\/esto-va-a-seguir-dice-netanyahu-a-tropas-israelies\/","title":{"rendered":"\u00abEsto va a seguir\u00bb, dice Netanyahu a tropas israel\u00edes"},"content":{"rendered":"<p><span style=\"font-size: 14pt;\">Jerusal\u00e9n. \u00abEsto va a seguir\u00bb, avis\u00f3 este s\u00e1bado el primer ministro israel\u00ed, Benjamin Netanyahu, a soldados desplegados frente a la Franja de Gaza, bombardeada desde hace una semana en respuesta al letal ataque llevado a cabo contra Israel por el movimiento islamista palestino Hamas.<\/span><\/p>\n<p><img loading=\"lazy\" decoding=\"async\" class=\"alignnone size-medium wp-image-19475\" src=\"http:\/\/noticiasveracruz.com\/wp-content\/uploads\/2023\/10\/f685x385-184695_222388_4834-300x169.jpg\" alt=\"\" width=\"300\" height=\"169\" srcset=\"https:\/\/noticiasveracruz.com\/wp-content\/uploads\/2023\/10\/f685x385-184695_222388_4834-300x169.jpg 300w, https:\/\/noticiasveracruz.com\/wp-content\/uploads\/2023\/10\/f685x385-184695_222388_4834.jpg 685w\" sizes=\"auto, (max-width: 300px) 100vw, 300px\" \/><\/p>\n<p><span style=\"font-size: 14pt;\">\u00ab\u00bfEst\u00e1n listos para lo que viene? Esto va a seguir\u00bb, proclam\u00f3 el mandatario ultraconservador, vestido con un chaleco antibalas, en un video difundido por su gabinete.<\/span><\/p>\n","protected":false},"excerpt":{"rendered":"<p>Jerusal\u00e9n. \u00abEsto va a seguir\u00bb, avis\u00f3 este s\u00e1bado el primer ministro israel\u00ed, Benjamin Netanyahu, a soldados desplegados frente a la<\/p>\n","protected":false},"author":4,"featured_media":19476,"comment_status":"closed","ping_status":"closed","sticky":false,"template":"","format":"standard","meta":{"colormag_page_container_layout":"default_layout","colormag_page_sidebar_layout":"default_layout","_jetpack_memberships_contains_paid_content":false,"footnotes":"","jetpack_publicize_message":"","jetpack_publicize_feature_enabled":true,"jetpack_social_post_already_shared":true,"jetpack_social_options":{"image_generator_settings":{"template":"highway","default_image_id":0,"font":"","enabled":false},"version":2}},"categories":[355],"tags":[],"class_list":["post-19474","post","type-post","status-publish","format-standard","has-post-thumbnail","hentry","category-internacional"],"jetpack_publicize_connections":[],"jetpack_featured_media_url":"https:\/\/noticiasveracruz.com\/wp-content\/uploads\/2023\/10\/TSCRWCFPJRK3PMV74RC3D7FSTM-scaled.jpg","jetpack_sharing_enabled":true,"publishpress_future_action":{"enabled":false,"date":"2026-05-08 05:48:38","action":"change-status","newStatus":"draft","terms":[],"taxonomy":"category","extraData":[]},"publishpress_future_workflow_manual_trigger":{"enabledWorkflows":[]},"_links":{"self":[{"href":"https:\/\/noticiasveracruz.com\/index.php\/wp-json\/wp\/v2\/posts\/19474","targetHints":{"allow":["GET"]}}],"collection":[{"href":"https:\/\/noticiasveracruz.com\/index.php\/wp-json\/wp\/v2\/posts"}],"about":[{"href":"https:\/\/noticiasveracruz.com\/index.php\/wp-json\/wp\/v2\/types\/post"}],"author":[{"embeddable":true,"href":"https:\/\/noticiasveracruz.com\/index.php\/wp-json\/wp\/v2\/users\/4"}],"replies":[{"embeddable":true,"href":"https:\/\/noticiasveracruz.com\/index.php\/wp-json\/wp\/v2\/comments?post=19474"}],"version-history":[{"count":0,"href":"https:\/\/noticiasveracruz.com\/index.php\/wp-json\/wp\/v2\/posts\/19474\/revisions"}],"wp:featuredmedia":[{"embeddable":true,"href":"https:\/\/noticiasveracruz.com\/index.php\/wp-json\/wp\/v2\/media\/19476"}],"wp:attachment":[{"href":"https:\/\/noticiasveracruz.com\/index.php\/wp-json\/wp\/v2\/media?parent=19474"}],"wp:term":[{"taxonomy":"category","embeddable":true,"href":"https:\/\/noticiasveracruz.com\/index.php\/wp-json\/wp\/v2\/categories?post=19474"},{"taxonomy":"post_tag","embeddable":true,"href":"https:\/\/noticiasveracruz.com\/index.php\/wp-json\/wp\/v2\/tags?post=19474"}],"curies":[{"name":"wp","href":"https:\/\/api.w.org\/{rel}","templated":true}]}}