{"id":19469,"date":"2023-10-14T13:48:13","date_gmt":"2023-10-14T18:48:13","guid":{"rendered":"https:\/\/noticiasveracruz.com\/?p=19469"},"modified":"2023-10-14T13:48:13","modified_gmt":"2023-10-14T18:48:13","slug":"amlo-operador-de-nahle-en-veracruz","status":"publish","type":"post","link":"https:\/\/noticiasveracruz.com\/index.php\/2023\/10\/14\/amlo-operador-de-nahle-en-veracruz\/","title":{"rendered":"AMLO operador de Nahle en Veracruz"},"content":{"rendered":"<p><span style=\"font-size: 14pt;\"><strong>Por: Luis Ram\u00edrez Baqueiro<\/strong><\/span><\/p>\n<p><span style=\"font-size: 14pt;\"><em>\u201cEl que, estando enfadado, impone un castigo, no corrige, sino que se venga.\u201d \u2013 Michel de Montaigne.<\/em><\/span><\/p>\n<p>&nbsp;<\/p>\n<p><span style=\"font-size: 14pt;\">\u00a1A qu\u00e9 viernes nos reventamos los veracruzanos!<\/span><\/p>\n<p><span style=\"font-size: 14pt;\">No pod\u00eda ser de otra manera, la pol\u00edtica veracruzana es sin lugar a duda, el escenario perfecto de la sorpresa y el asombro.<\/span><\/p>\n<p><span style=\"font-size: 14pt;\">Este d\u00eda tras muchos rumores y especulaciones, se dieron a conocer los nombres de las y los aspirantes a Coordinadores Regionales de la Defensa de la Cuarta Transformaci\u00f3n.<\/span><\/p>\n<p><span style=\"font-size: 14pt;\">El nerviosismo de algunos se hizo evidente desde 48 horas antes, en las que circularon cientos de datos, notas, e informaciones emanadas de algunos equipos de campa\u00f1a de algunos de los suspirantes, que en su nerviosismo exhibieron la angustia por saber qu\u00e9 pasar\u00e1 con sus futuros pol\u00edticos.<\/span><\/p>\n<p><span style=\"font-size: 14pt;\">Mario Delgado Carrillo, l\u00edder nacional de Morena, dio cumplimiento a la estrategia que desde Palacio Nacional se traz\u00f3 para generar las condiciones de un proceso de sucesi\u00f3n terso y sin sobresaltos.<\/span><\/p>\n<p><span style=\"font-size: 14pt;\">Al menos en Veracruz, sus planes parecieran haber sido operados con magistral pulso, pues del listado de personajes que se habr\u00edan inscrito &#8211; de al menos 48 militantes, en el que habr\u00e1n de medir a 27 hombres, 20 mujeres y un caso No Binario- solo seis quedaron en la lista final divulgada en redes sociales de Morena.<\/span><\/p>\n<p><span style=\"font-size: 14pt;\">Los nombres sin dar a conocer los resultados de la encuesta de reconocimiento fueron: Roc\u00edo Nahle Garc\u00eda, Claudia Tello, Eric Patrocinio Cisneros Burgos, Manuel Huerta Ladr\u00f3n de Guevara, Sergio Guti\u00e9rrez Luna y Zenyazen Escobar Garc\u00eda.<\/span><\/p>\n<p><span style=\"font-size: 14pt;\">De la mano a este anuncio, desde muy temprano la rumorolog\u00eda comenz\u00f3 a operar Veracruz, y los trascendidos y las voces en los corrillos de Palacio de Gobierno, generaron una serie de informaciones que han tenido a los veracruzanos como en cap\u00edtulo de novela en viernes.<\/span><\/p>\n<p><span style=\"font-size: 14pt;\">Resulta que desde el pasado mi\u00e9rcoles en la visita que hiciera el presidente Andr\u00e9s Manuel L\u00f3pez Obrador a Perote, por el Bicentenario del Heroico Colegio Militar, se dio luz verde para el arranque de la operaci\u00f3n a la Caza del Octubre Prieto, con la que se plane\u00f3 la ca\u00edda del enemigo n\u00famero uno de Morena y del proyecto continuador del presidente L\u00f3pez Obrador en Veracruz.<\/span><\/p>\n<p><span style=\"font-size: 14pt;\">Y es que el mismo presidente L\u00f3pez Obrador hizo evidente su malestar el cual qued\u00f3 grabado en v\u00eddeo, cuando uno de esos paleros que el mismo Eric Patrocinio Cisneros Burgos mando a gritar loas y v\u00edtores a su favor fuera silenciado por el gesto del Ejecutivo haciendo una especie de se\u00f1al f\u00e1lica para denostar el grito desesperado de aprobaci\u00f3n. <a href=\"https:\/\/www.facebook.com\/cevejara.ver\/videos\/1049382799575503\/?ref=embed_video&amp;t=0\">https:\/\/www.facebook.com\/cevejara.ver\/videos\/1049382799575503\/?ref=embed_video&amp;t=0<\/a><\/span><\/p>\n<p><span style=\"font-size: 14pt;\">As\u00ed fue como se afirma que, desde la noche del jueves, el gobernador de Veracruz, Cuitl\u00e1huac Garc\u00eda Jim\u00e9nez habr\u00eda despedido al defensor de la negritud de feas maneras, cansado y harto de sus amenazas y retos, al punto, que ni un que te vaya bien, corriera de por medio.<\/span><\/p>\n<p><span style=\"font-size: 14pt;\">El relev\u00f3 estaba m\u00e1s que cantado, y por eso el mandatario no pronunci\u00f3 palabra alguna durante todo este viernes, al punto de que la confirmaci\u00f3n de la salida la hicieron oficial mediante un comunicado de prensa en el que apuntaban \u201cCambios en la Secretar\u00eda de Gobierno\u201d. <a href=\"https:\/\/ventanaver.mx\/principal\/cambios-en-la-secretaria-de-gobierno\/\">https:\/\/ventanaver.mx\/principal\/cambios-en-la-secretaria-de-gobierno\/<\/a><\/span><\/p>\n<p><span style=\"font-size: 14pt;\">La informaci\u00f3n oficial se\u00f1alaba \u201cCarlos Ju\u00e1rez Gil y Yair Ademar Dom\u00ednguez V\u00e1zquez, son los nuevos titulares que despachar\u00e1n desde la Secretar\u00eda de Gobierno de Veracruz, en donde ser\u00e1n encargados de la pol\u00edtica interna, gobernabilidad y la paz social del estado.\u201d<\/span><\/p>\n<p><span style=\"font-size: 14pt;\">Mientras tanto, el mandatario veracruzano, acompa\u00f1aba al presidente L\u00f3pez Obrador a Coatzacoalcos en donde en presencia de los responsables de la operaci\u00f3n de PEMEX y CFE, as\u00ed como de empresarios que colaboran en la construcci\u00f3n de los proyectos de desarrollo en la regi\u00f3n le agradeci\u00f3 y reconoci\u00f3 el trabajo de la hasta este viernes secretar\u00eda de Energ\u00eda, Roc\u00edo Nahle Garc\u00eda, a quien le vino a desear suerte y \u00e9xito en su aspiraci\u00f3n por asirse de la nominaci\u00f3n de su partido por la Gubernatura de Veracruz. <a href=\"https:\/\/ventanaver.mx\/principal\/viene-amlo-a-coatzacoalcos-y-desde-ahi-despide-con-aplausos-a-rocio-nahle\/\">https:\/\/ventanaver.mx\/principal\/viene-amlo-a-coatzacoalcos-y-desde-ahi-despide-con-aplausos-a-rocio-nahle\/<\/a><\/span><\/p>\n<p><span style=\"font-size: 14pt;\">Ante ello, el hoy aspirante otatitleco debi\u00f3 oficializar su salida de la Secretar\u00eda de Gobierno, mediante un mensaje en redes sociales, cu\u00e1l integrante del Programa \u201cGuerra de Chistes\u201d saco de una t\u00f3mbola el confeti y festino su salida avent\u00e1ndose el solo el mismo, aludiendo que se va agradecido \u2013cargado de millones de pesos mal habidos- s\u00f3lo se limit\u00f3 a decir que es \u201cpara atender asuntos que reclaman\u201d su entera atenci\u00f3n.<\/span><\/p>\n<p><span style=\"font-size: 14pt;\">\u00a1\u00c1ndale pues manito, dir\u00eda el jarocho! Te la vamos a comprar aj\u00e1.<\/span><\/p>\n<p><span style=\"font-size: 14pt;\">En cascada al anunci\u00f3 de Morena, otros integrantes de la lista anunciaron sus separaciones a sus encargos, como lo hiciera el secretario de Educaci\u00f3n, Zenyazen Escobar Garc\u00eda, dejando en el encargo a un incondicional en la presencia del profesor y ex diputado local, V\u00edctor Vargas Barrientos, quien estar\u00e1 al frente de la Secretar\u00eda de Educaci\u00f3n desde la noche de este viernes.<\/span><\/p>\n<p><span style=\"font-size: 14pt;\">Previamente, Manuel Huerta Ladr\u00f3n de Guevara hizo lo propio, faltar\u00e1n que los legisladores federales Claudia Tello y Sergio Guti\u00e9rrez Luna se separen definitivamente de sus cargos o soliciten licencias temporales, a la espera de que el 31 de octubre se conozca al triunfador de las encuestas de Morena.<\/span><\/p>\n<p><span style=\"font-size: 14pt;\">Pero aqu\u00ed viene lo interesante, la operaci\u00f3n a la Caza de Octubre Prieto, no termin\u00f3 con la salida del literato redentor de la obra de Yanga, apenas comienza, pues se sabe que, de aqu\u00ed a la conclusi\u00f3n de las encuestas de Morena, comenzar\u00e1n las dimisiones a favor de la ingenier\u00eda en petroqu\u00edmica, Roc\u00edo Nahle, para al final dejar\u00e1 seguramente a un par o a lo mucho tres suspirantes a coordinar la defensa de la 4T en la entidad.<\/span><\/p>\n<p><span style=\"font-size: 14pt;\">La intenci\u00f3n ser\u00e1 generar cohesi\u00f3n y unidad al interior de Morena, evidenciando la alta traici\u00f3n de cierto personaje hoy sin fuero, que acumul\u00f3 much\u00edsimas facturas por pagar ante el pueblo de Veracruz.<\/span><\/p>\n<p><span style=\"font-size: 14pt;\">Dicen que la tronadura de dedos ha comenzado ya a escucharse por la zona sur de Xalapa, pues al menos en dos dependencias aut\u00f3nomas, sus titulares se quedaron sin quien pudiera defenderlas de las mil y un tropel\u00edas que ocasionar\u00e1 el hoy reconocido enemigo n\u00famero uno de Morena en el estado por parte del mismo presidente AMLO.<\/span><\/p>\n<p><span style=\"font-size: 14pt;\">La pregunta ser\u00e1 \u00bfseguir\u00e1n amenazando a los presidentes municipales como lo ven\u00edan haciendo?<\/span><\/p>\n<p><span style=\"font-size: 14pt;\">Se sabe que fue el pasado mi\u00e9rcoles cuando el presidente se enter\u00f3 que un grupo nutrido de alcaldes lo esperaban a pie de la escalinata del Helic\u00f3ptero Puma que lo traslad\u00f3 de la Ciudad de M\u00e9xico a Perote para expresarle su inconformidad con el mencionado ex funcionario, a quien acusaron de abiertamente extorsionarlos con la finalidad de obtener beneficios personales en la pretensi\u00f3n por suceder a Cuitl\u00e1huac Garc\u00eda.<\/span><\/p>\n<p><span style=\"font-size: 14pt;\">Cansado de tan miserable acci\u00f3n, el presidente L\u00f3pez Obrador aval\u00f3 y autoriz\u00f3 el operativo que anunci\u00f3 su disfrazada salida, de la mano llegar\u00e1n importantes cambios en los organismos aut\u00f3nomos veracruzanos.<\/span><\/p>\n<p><span style=\"font-size: 14pt;\">\u00a0Al tiempo.<\/span><\/p>\n","protected":false},"excerpt":{"rendered":"<p>Por: Luis Ram\u00edrez Baqueiro \u201cEl que, estando enfadado, impone un castigo, no corrige, sino que se venga.\u201d \u2013 Michel de<\/p>\n","protected":false},"author":4,"featured_media":3572,"comment_status":"closed","ping_status":"closed","sticky":false,"template":"","format":"standard","meta":{"colormag_page_container_layout":"default_layout","colormag_page_sidebar_layout":"default_layout","_jetpack_memberships_contains_paid_content":false,"footnotes":"","jetpack_publicize_message":"","jetpack_publicize_feature_enabled":true,"jetpack_social_post_already_shared":true,"jetpack_social_options":{"image_generator_settings":{"template":"highway","default_image_id":0,"font":"","enabled":false},"version":2}},"categories":[6],"tags":[],"class_list":["post-19469","post","type-post","status-publish","format-standard","has-post-thumbnail","hentry","category-columnistas"],"jetpack_publicize_connections":[],"jetpack_featured_media_url":"https:\/\/noticiasveracruz.com\/wp-content\/uploads\/2022\/04\/LUIS-RAMI\u0301REZ-BAQUEIRO.png","jetpack_sharing_enabled":true,"publishpress_future_action":{"enabled":false,"date":"2026-05-08 04:17:54","action":"change-status","newStatus":"draft","terms":[],"taxonomy":"category","extraData":[]},"publishpress_future_workflow_manual_trigger":{"enabledWorkflows":[]},"_links":{"self":[{"href":"https:\/\/noticiasveracruz.com\/index.php\/wp-json\/wp\/v2\/posts\/19469","targetHints":{"allow":["GET"]}}],"collection":[{"href":"https:\/\/noticiasveracruz.com\/index.php\/wp-json\/wp\/v2\/posts"}],"about":[{"href":"https:\/\/noticiasveracruz.com\/index.php\/wp-json\/wp\/v2\/types\/post"}],"author":[{"embeddable":true,"href":"https:\/\/noticiasveracruz.com\/index.php\/wp-json\/wp\/v2\/users\/4"}],"replies":[{"embeddable":true,"href":"https:\/\/noticiasveracruz.com\/index.php\/wp-json\/wp\/v2\/comments?post=19469"}],"version-history":[{"count":0,"href":"https:\/\/noticiasveracruz.com\/index.php\/wp-json\/wp\/v2\/posts\/19469\/revisions"}],"wp:featuredmedia":[{"embeddable":true,"href":"https:\/\/noticiasveracruz.com\/index.php\/wp-json\/wp\/v2\/media\/3572"}],"wp:attachment":[{"href":"https:\/\/noticiasveracruz.com\/index.php\/wp-json\/wp\/v2\/media?parent=19469"}],"wp:term":[{"taxonomy":"category","embeddable":true,"href":"https:\/\/noticiasveracruz.com\/index.php\/wp-json\/wp\/v2\/categories?post=19469"},{"taxonomy":"post_tag","embeddable":true,"href":"https:\/\/noticiasveracruz.com\/index.php\/wp-json\/wp\/v2\/tags?post=19469"}],"curies":[{"name":"wp","href":"https:\/\/api.w.org\/{rel}","templated":true}]}}