{"id":19434,"date":"2023-10-13T12:59:10","date_gmt":"2023-10-13T17:59:10","guid":{"rendered":"https:\/\/noticiasveracruz.com\/?p=19434"},"modified":"2023-10-13T12:59:10","modified_gmt":"2023-10-13T17:59:10","slug":"se-requiere-cooperacion-de-eu-frente-a-tema-migratorio-amlo","status":"publish","type":"post","link":"https:\/\/noticiasveracruz.com\/index.php\/2023\/10\/13\/se-requiere-cooperacion-de-eu-frente-a-tema-migratorio-amlo\/","title":{"rendered":"Se requiere cooperaci\u00f3n de EU frente a tema migratorio: AMLO"},"content":{"rendered":"<div id=\"article-content-tts\" class=\"nota-contenido mb-5\">\n<div id=\"content_nitf\">\n<p><span style=\"font-size: 14pt;\">Ante los cada vez m\u00e1s altos flujos migratorios, las naciones latinoamericanas que enfrentan este fen\u00f3meno \u201cnecesitamos ponernos de acuerdo\u201d y buscar la cooperaci\u00f3n de Estados Unidos, para que \u201cse apliquen m\u00e1s para atender las causas\u201d, se\u00f1al\u00f3 el presidente Andr\u00e9s Manuel L\u00f3pez Obrador.<\/span><\/p>\n<p><span style=\"font-size: 14pt;\">Confirm\u00f3 que a la reuni\u00f3n de mandatarios de la regi\u00f3n que se realizar\u00e1 el pr\u00f3ximo 22 de octubre en Palenque, Chiapas, a iniciativa de M\u00e9xico, asistir\u00e1 el presidente de Colombia, Gustavo Petro.<\/span><\/p>\n<p><span style=\"font-size: 14pt;\">\u201cNecesitamos ponernos de acuerdo, porque podemos hacer muchas cosas nosotros y tambi\u00e9n si estamos de acuerdo, buscar la cooperaci\u00f3n del gobierno de Estados Unidos, que ayuden, lo est\u00e1n haciendo, pero que se apliquen m\u00e1s, para atender las causas, no s\u00f3lo estar pensando en muros, en militarizar la frontera, sino atender las necesidades de la gente\u201d, expuso esta ma\u00f1ana en su conferencia en Palacio Nacional.<\/span><\/p>\n<p><span style=\"font-size: 14pt;\">Indic\u00f3 que se ha convocado a Palenque a los l\u00edderes de los pa\u00edses de la regi\u00f3n a los que ha impactado el fen\u00f3meno, ya sea por tr\u00e1nsito, por origen o por destino.<\/span><\/p>\n<p><span style=\"font-size: 14pt;\">\u201cAcabo de hablar con \u00e9l (con Petro) por tel\u00e9fono para invitarlo a que nos acompa\u00f1e, vamos a reunirnos vecinos, pueblos hermanos de Centroam\u00e9rica, de Am\u00e9rica Latina, del Caribe, el d\u00eda 22 de este mes, de este domingo en ocho, en Palenque, para tratar el tema migratorio.<\/span><\/p>\n<p><img loading=\"lazy\" decoding=\"async\" class=\"alignnone size-medium wp-image-19435\" src=\"http:\/\/noticiasveracruz.com\/wp-content\/uploads\/2023\/10\/caravana-migrante-1-640x360-1-300x169.jpg\" alt=\"\" width=\"300\" height=\"169\" srcset=\"https:\/\/noticiasveracruz.com\/wp-content\/uploads\/2023\/10\/caravana-migrante-1-640x360-1-300x169.jpg 300w, https:\/\/noticiasveracruz.com\/wp-content\/uploads\/2023\/10\/caravana-migrante-1-640x360-1.jpg 640w\" sizes=\"auto, (max-width: 300px) 100vw, 300px\" \/><\/p>\n<p><span style=\"font-size: 14pt;\">\u201cPorque nos preocupa bastante, est\u00e1 creciendo el flujo migratorio y tenemos que buscar opciones atendiendo las causas, buscando ayudarnos mutuamente para que la gente tenga opciones, tenga posibilidad de quedarse en sus pueblos y que no se vea en la necesidad de migrar\u201d.<\/span><\/p>\n<p><span style=\"font-size: 14pt;\">El objetivo, dijo el mandatario mexicano, es analizar entre las naciones c\u00f3mo elaborar un acuerdo com\u00fan o un plan para el bienestar, durante el encuentro que se llamar\u00e1: \u201cPor una vecindad fraterna y con bienestar\u201d.<\/span><\/p>\n<p><span style=\"font-size: 14pt;\">L\u00f3pez Obrador destac\u00f3: \u201cVa a ser muy bueno, porque tenemos que llegar a acuerdos, lo podemos lograr entre todos, para atender el fen\u00f3meno migratorio respetando los derechos humanos, dando opciones, protegiendo a los migrantes.<\/span><\/p>\n<p><span style=\"font-size: 14pt;\">Plante\u00f3 que no s\u00f3lo preocupa que cada vez m\u00e1s migrantes se lanzan a la traves\u00eda de la ruta migratoria, sino que \u201ccorren muchos riesgos, en el caso de nuestro pa\u00eds pues atraviesan todo M\u00e9xico y hay muchos riesgos y muchos riesgos en el transporte, hemos tenido accidentes en los \u00faltimos 15 d\u00edas dos accidentes lamentables: una volcadura de un cami\u00f3n de redilas en Chiapas, perdieron la vida diez mujeres hermanas cubanas; tambi\u00e9n en Oaxaca, hace como una semana un autob\u00fas con m\u00e1s de 40 migrantes en una curva pierde el control el conductor y hay una tragedia, 16 muertos, heridos, la mayor\u00eda venezolanos, tambi\u00e9n cubanos, haitianos\u201d.<\/span><\/p>\n<p><span style=\"font-size: 14pt;\">El presidente record\u00f3 que \u201cel migrante no se echa a andar por gusto, lo hace por necesidad. Entonces, por qu\u00e9 no atenderlos en sus comunidades, en sus pueblos, porque ya cuando salen es muy dif\u00edcil. Se les ofrece trabajo en M\u00e9xico, lo hacemos en Chiapas, en el istmo, pero no, ya traen un plan, un prop\u00f3sito: llegar a Estados Unidos\u201d.<\/span><\/p>\n<p><span style=\"font-size: 14pt;\">Aunado a ello, destac\u00f3 que los grupos de traficantes de personas se aprovechan de la desinformaci\u00f3n, y lucran con la necesidad de la gente.<\/span><\/p>\n<p><span style=\"font-size: 14pt;\">\u201cEntonces tenemos que ponernos de acuerdo. Hay muchas otras cosas (que se discutir\u00e1n en la reuni\u00f3n), lo que tiene que ver con la seguridad y la cooperaci\u00f3n econ\u00f3mica, pero la reuni\u00f3n es con ese prop\u00f3sito\u201d.<\/span><\/p>\n<\/div>\n<\/div>\n","protected":false},"excerpt":{"rendered":"<p>Ante los cada vez m\u00e1s altos flujos migratorios, las naciones latinoamericanas que enfrentan este fen\u00f3meno \u201cnecesitamos ponernos de acuerdo\u201d y<\/p>\n","protected":false},"author":4,"featured_media":19436,"comment_status":"closed","ping_status":"closed","sticky":false,"template":"","format":"standard","meta":{"colormag_page_container_layout":"default_layout","colormag_page_sidebar_layout":"default_layout","_jetpack_memberships_contains_paid_content":false,"footnotes":"","jetpack_publicize_message":"","jetpack_publicize_feature_enabled":true,"jetpack_social_post_already_shared":true,"jetpack_social_options":{"image_generator_settings":{"template":"highway","default_image_id":0,"font":"","enabled":false},"version":2}},"categories":[355],"tags":[],"class_list":["post-19434","post","type-post","status-publish","format-standard","has-post-thumbnail","hentry","category-internacional"],"jetpack_publicize_connections":[],"jetpack_featured_media_url":"https:\/\/noticiasveracruz.com\/wp-content\/uploads\/2023\/10\/migrantes-4-scaled-1.jpg","jetpack_sharing_enabled":true,"publishpress_future_action":{"enabled":false,"date":"2026-05-07 10:15:16","action":"change-status","newStatus":"draft","terms":[],"taxonomy":"category","extraData":[]},"publishpress_future_workflow_manual_trigger":{"enabledWorkflows":[]},"_links":{"self":[{"href":"https:\/\/noticiasveracruz.com\/index.php\/wp-json\/wp\/v2\/posts\/19434","targetHints":{"allow":["GET"]}}],"collection":[{"href":"https:\/\/noticiasveracruz.com\/index.php\/wp-json\/wp\/v2\/posts"}],"about":[{"href":"https:\/\/noticiasveracruz.com\/index.php\/wp-json\/wp\/v2\/types\/post"}],"author":[{"embeddable":true,"href":"https:\/\/noticiasveracruz.com\/index.php\/wp-json\/wp\/v2\/users\/4"}],"replies":[{"embeddable":true,"href":"https:\/\/noticiasveracruz.com\/index.php\/wp-json\/wp\/v2\/comments?post=19434"}],"version-history":[{"count":0,"href":"https:\/\/noticiasveracruz.com\/index.php\/wp-json\/wp\/v2\/posts\/19434\/revisions"}],"wp:featuredmedia":[{"embeddable":true,"href":"https:\/\/noticiasveracruz.com\/index.php\/wp-json\/wp\/v2\/media\/19436"}],"wp:attachment":[{"href":"https:\/\/noticiasveracruz.com\/index.php\/wp-json\/wp\/v2\/media?parent=19434"}],"wp:term":[{"taxonomy":"category","embeddable":true,"href":"https:\/\/noticiasveracruz.com\/index.php\/wp-json\/wp\/v2\/categories?post=19434"},{"taxonomy":"post_tag","embeddable":true,"href":"https:\/\/noticiasveracruz.com\/index.php\/wp-json\/wp\/v2\/tags?post=19434"}],"curies":[{"name":"wp","href":"https:\/\/api.w.org\/{rel}","templated":true}]}}