{"id":19430,"date":"2023-10-13T12:50:20","date_gmt":"2023-10-13T17:50:20","guid":{"rendered":"https:\/\/noticiasveracruz.com\/?p=19430"},"modified":"2023-10-13T12:50:20","modified_gmt":"2023-10-13T17:50:20","slug":"ya-en-ruta-dos-vuelos-de-fam-para-hacer-puente-aereo-tel-aviv-madrid","status":"publish","type":"post","link":"https:\/\/noticiasveracruz.com\/index.php\/2023\/10\/13\/ya-en-ruta-dos-vuelos-de-fam-para-hacer-puente-aereo-tel-aviv-madrid\/","title":{"rendered":"Ya en ruta dos vuelos de FAM para hacer puente a\u00e9reo Tel Aviv-Madrid"},"content":{"rendered":"<p><span style=\"font-size: 14pt;\">La Secretar\u00eda de Relaciones Exteriores (SRE) inform\u00f3 que los dos aviones de la Fuerza A\u00e9rea Mexicana (FAM), que establecer\u00e1n el puente a\u00e9reo Tel Aviv &#8211; Madrid para las y los connacionales que permanecen en la zona de Israel y Palestina, ya salieron del Aeropuerto Internacional Felipe \u00c1ngeles y est\u00e1n en ruta para iniciar operaciones en Europa.<\/span><\/p>\n<p><span style=\"font-size: 14pt;\">A trav\u00e9s de redes sociales, la canciller\u00eda dio a conocer lo anterior a las 10:14 de hoy. Indic\u00f3 que la SRE, encabezada por la secretaria Alicia B\u00e1rcena, ejecutar\u00e1 la nueva etapa del plan de repatriaci\u00f3n del Gobierno de M\u00e9xico junto con la Secretar\u00eda de la Defensa Nacional (Sedena), a trav\u00e9s de la Protecci\u00f3n Consular mexicana.<\/span><\/p>\n<p><img loading=\"lazy\" decoding=\"async\" class=\"alignnone size-medium wp-image-19432\" src=\"http:\/\/noticiasveracruz.com\/wp-content\/uploads\/2023\/10\/WhatsApp-Image-2023-10-13-at-10-300x199.jpg\" alt=\"\" width=\"300\" height=\"199\" srcset=\"https:\/\/noticiasveracruz.com\/wp-content\/uploads\/2023\/10\/WhatsApp-Image-2023-10-13-at-10-300x199.jpg 300w, https:\/\/noticiasveracruz.com\/wp-content\/uploads\/2023\/10\/WhatsApp-Image-2023-10-13-at-10.jpg 650w\" sizes=\"auto, (max-width: 300px) 100vw, 300px\" \/><\/p>\n<p><span style=\"font-size: 14pt;\">La ruta programada para el Boeing 737-800 de la FAM 3528 y FAM 3527 es: primera escala en Gander, Canad\u00e1; segunda escala en Shannon, Irlanda, y tercera escala en Anatolia, Turqu\u00eda.<\/span><\/p>\n<p><span style=\"font-size: 14pt;\">Ayer la SRE inform\u00f3 que desde Madrid cada persona podr\u00e1 buscar en condiciones de seguridad sus opciones de regreso a M\u00e9xico. Para ser consideradas en el puente a\u00e9reo, las personas que permanecen en Israel y Palestina deber\u00e1n registrarse en la liga: https:\/\/docs.google.com\/forms\/d\/e\/1FAIpQLSckoxYRn7S0uxiKhA6C-H9SoM0ztirBygFIvfBsA6ywPagT3g\/viewform\u2026<\/span><\/p>\n<p><span style=\"font-size: 14pt;\">En los dos primeros vuelos humanitarios de Tel Aviv a M\u00e9xico viajaron 287 personas que llegaron a M\u00e9xico el mi\u00e9rcoles pasado, y nuevamente ser\u00e1n dos aviones de la FAM los que realicen los traslados.<\/span><\/p>\n","protected":false},"excerpt":{"rendered":"<p>La Secretar\u00eda de Relaciones Exteriores (SRE) inform\u00f3 que los dos aviones de la Fuerza A\u00e9rea Mexicana (FAM), que establecer\u00e1n el<\/p>\n","protected":false},"author":4,"featured_media":19431,"comment_status":"closed","ping_status":"closed","sticky":false,"template":"","format":"standard","meta":{"colormag_page_container_layout":"default_layout","colormag_page_sidebar_layout":"default_layout","_jetpack_memberships_contains_paid_content":false,"footnotes":"","jetpack_publicize_message":"","jetpack_publicize_feature_enabled":true,"jetpack_social_post_already_shared":true,"jetpack_social_options":{"image_generator_settings":{"template":"highway","default_image_id":0,"font":"","enabled":false},"version":2}},"categories":[355],"tags":[],"class_list":["post-19430","post","type-post","status-publish","format-standard","has-post-thumbnail","hentry","category-internacional"],"jetpack_publicize_connections":[],"jetpack_featured_media_url":"https:\/\/noticiasveracruz.com\/wp-content\/uploads\/2023\/10\/RUT.jpg","jetpack_sharing_enabled":true,"publishpress_future_action":{"enabled":false,"date":"2026-05-07 09:37:22","action":"change-status","newStatus":"draft","terms":[],"taxonomy":"category","extraData":[]},"publishpress_future_workflow_manual_trigger":{"enabledWorkflows":[]},"_links":{"self":[{"href":"https:\/\/noticiasveracruz.com\/index.php\/wp-json\/wp\/v2\/posts\/19430","targetHints":{"allow":["GET"]}}],"collection":[{"href":"https:\/\/noticiasveracruz.com\/index.php\/wp-json\/wp\/v2\/posts"}],"about":[{"href":"https:\/\/noticiasveracruz.com\/index.php\/wp-json\/wp\/v2\/types\/post"}],"author":[{"embeddable":true,"href":"https:\/\/noticiasveracruz.com\/index.php\/wp-json\/wp\/v2\/users\/4"}],"replies":[{"embeddable":true,"href":"https:\/\/noticiasveracruz.com\/index.php\/wp-json\/wp\/v2\/comments?post=19430"}],"version-history":[{"count":0,"href":"https:\/\/noticiasveracruz.com\/index.php\/wp-json\/wp\/v2\/posts\/19430\/revisions"}],"wp:featuredmedia":[{"embeddable":true,"href":"https:\/\/noticiasveracruz.com\/index.php\/wp-json\/wp\/v2\/media\/19431"}],"wp:attachment":[{"href":"https:\/\/noticiasveracruz.com\/index.php\/wp-json\/wp\/v2\/media?parent=19430"}],"wp:term":[{"taxonomy":"category","embeddable":true,"href":"https:\/\/noticiasveracruz.com\/index.php\/wp-json\/wp\/v2\/categories?post=19430"},{"taxonomy":"post_tag","embeddable":true,"href":"https:\/\/noticiasveracruz.com\/index.php\/wp-json\/wp\/v2\/tags?post=19430"}],"curies":[{"name":"wp","href":"https:\/\/api.w.org\/{rel}","templated":true}]}}