{"id":19424,"date":"2023-10-13T02:13:43","date_gmt":"2023-10-13T07:13:43","guid":{"rendered":"https:\/\/noticiasveracruz.com\/?p=19424"},"modified":"2023-10-13T02:13:43","modified_gmt":"2023-10-13T07:13:43","slug":"nuevas-protestas-en-peru-contra-gobierno-de-dina-boluarte","status":"publish","type":"post","link":"https:\/\/noticiasveracruz.com\/index.php\/2023\/10\/13\/nuevas-protestas-en-peru-contra-gobierno-de-dina-boluarte\/","title":{"rendered":"Nuevas protestas en Per\u00fa contra gobierno de Dina Boluarte"},"content":{"rendered":"<p><span style=\"font-size: 14pt;\">Lima. Miles de manifestantes recorrieron hoy las calles de la capital y otras ciudades de Per\u00fa, en demanda del cese de la presidenta Dina Boluarte y nuevas elecciones adelantadas, en una jornada sin reportes de incidentes violentos.<\/span><\/p>\n<p><span style=\"font-size: 14pt;\">En el centro de Lima, los marchistas, convocados por la Asamblea Nacional de los Pueblos (ANP), bloque de organizaciones sociales, regionales y vecinales- desafiaron el estado de emergencia vigente en esa zona, medida que incluye la prohibici\u00f3n de concentraciones y marchas.<\/span><\/p>\n<p><span style=\"font-size: 14pt;\">Sin embargo, la polic\u00eda les impidi\u00f3 acercarse a los palacios de Gobierno y Legislativo y al ministerio de Econom\u00eda y otras sedes oficiales.<\/span><\/p>\n<p><span style=\"font-size: 14pt;\">El secretario general adjunto de la Confederaci\u00f3n General de Trabajadores (CGTP), Gustavo Minaya, dijo que, en el af\u00e1n de impedir el paso de los manifestantes, la Polic\u00eda afect\u00f3 el derecho de libre tr\u00e1nsito de peatones que nada ten\u00edan que ver con la marcha.<\/span><\/p>\n<p><span style=\"font-size: 14pt;\">Al destacar la participaci\u00f3n de las bases de la central sindical en la protesta, inform\u00f3 que la jornada convocada por la ANP se hizo sentir pac\u00edficamente tambi\u00e9n en diversas regiones como las sure\u00f1as de Arequipa y Puno y la norte\u00f1a de Lambayeque.<\/span><\/p>\n<p><img loading=\"lazy\" decoding=\"async\" class=\"size-medium wp-image-19425\" src=\"http:\/\/noticiasveracruz.com\/wp-content\/uploads\/2023\/10\/DQS6WNKUFFHQVMJMFWNG5LSTZE-300x204.jpg\" alt=\"\" width=\"300\" height=\"204\" srcset=\"https:\/\/noticiasveracruz.com\/wp-content\/uploads\/2023\/10\/DQS6WNKUFFHQVMJMFWNG5LSTZE-300x204.jpg 300w, https:\/\/noticiasveracruz.com\/wp-content\/uploads\/2023\/10\/DQS6WNKUFFHQVMJMFWNG5LSTZE-1024x695.jpg 1024w, https:\/\/noticiasveracruz.com\/wp-content\/uploads\/2023\/10\/DQS6WNKUFFHQVMJMFWNG5LSTZE-768x521.jpg 768w, https:\/\/noticiasveracruz.com\/wp-content\/uploads\/2023\/10\/DQS6WNKUFFHQVMJMFWNG5LSTZE-1536x1043.jpg 1536w, https:\/\/noticiasveracruz.com\/wp-content\/uploads\/2023\/10\/DQS6WNKUFFHQVMJMFWNG5LSTZE-2048x1390.jpg 2048w\" sizes=\"auto, (max-width: 300px) 100vw, 300px\" \/><\/p>\n<p><span style=\"font-size: 14pt;\">Se\u00f1al\u00f3 que la CGTP, como parte de la ANP, exige la renuncia de Boluarte por lo que llam\u00f3 el asesinato de participantes en las demostraciones de fines de 2022 y comienzos de 2023.<\/span><\/p>\n<p><span style=\"font-size: 14pt;\">La central se pronunci\u00f3 adem\u00e1s contra la persecuci\u00f3n judicial a luchadores sociales y la ineficiencia gubernamental evidenciada, seg\u00fan CGTP, en el alza del costo de vida, el creciente desempleo y el auge del crimen organizado y el sicariato.<\/span><\/p>\n<p><span style=\"font-size: 14pt;\">En un comunicado, la organizaci\u00f3n sindical respald\u00f3 la moci\u00f3n parlamentaria presentada hoy por bancadas de izquierda y emplaz\u00f3 al respecto a los congresistas a que \u201cact\u00faen coherentemente desprendi\u00e9ndose de ambiciones y apetitos personales\u201d.<\/span><\/p>\n","protected":false},"excerpt":{"rendered":"<p>Lima. Miles de manifestantes recorrieron hoy las calles de la capital y otras ciudades de Per\u00fa, en demanda del cese<\/p>\n","protected":false},"author":4,"featured_media":19426,"comment_status":"closed","ping_status":"closed","sticky":false,"template":"","format":"standard","meta":{"colormag_page_container_layout":"default_layout","colormag_page_sidebar_layout":"default_layout","_jetpack_memberships_contains_paid_content":false,"footnotes":"","jetpack_publicize_message":"","jetpack_publicize_feature_enabled":true,"jetpack_social_post_already_shared":true,"jetpack_social_options":{"image_generator_settings":{"template":"highway","default_image_id":0,"font":"","enabled":false},"version":2}},"categories":[355],"tags":[],"class_list":["post-19424","post","type-post","status-publish","format-standard","has-post-thumbnail","hentry","category-internacional"],"jetpack_publicize_connections":[],"jetpack_featured_media_url":"https:\/\/noticiasveracruz.com\/wp-content\/uploads\/2023\/10\/marchas_peru.jpg","jetpack_sharing_enabled":true,"publishpress_future_action":{"enabled":false,"date":"2026-05-07 07:47:26","action":"change-status","newStatus":"draft","terms":[],"taxonomy":"category","extraData":[]},"publishpress_future_workflow_manual_trigger":{"enabledWorkflows":[]},"_links":{"self":[{"href":"https:\/\/noticiasveracruz.com\/index.php\/wp-json\/wp\/v2\/posts\/19424","targetHints":{"allow":["GET"]}}],"collection":[{"href":"https:\/\/noticiasveracruz.com\/index.php\/wp-json\/wp\/v2\/posts"}],"about":[{"href":"https:\/\/noticiasveracruz.com\/index.php\/wp-json\/wp\/v2\/types\/post"}],"author":[{"embeddable":true,"href":"https:\/\/noticiasveracruz.com\/index.php\/wp-json\/wp\/v2\/users\/4"}],"replies":[{"embeddable":true,"href":"https:\/\/noticiasveracruz.com\/index.php\/wp-json\/wp\/v2\/comments?post=19424"}],"version-history":[{"count":0,"href":"https:\/\/noticiasveracruz.com\/index.php\/wp-json\/wp\/v2\/posts\/19424\/revisions"}],"wp:featuredmedia":[{"embeddable":true,"href":"https:\/\/noticiasveracruz.com\/index.php\/wp-json\/wp\/v2\/media\/19426"}],"wp:attachment":[{"href":"https:\/\/noticiasveracruz.com\/index.php\/wp-json\/wp\/v2\/media?parent=19424"}],"wp:term":[{"taxonomy":"category","embeddable":true,"href":"https:\/\/noticiasveracruz.com\/index.php\/wp-json\/wp\/v2\/categories?post=19424"},{"taxonomy":"post_tag","embeddable":true,"href":"https:\/\/noticiasveracruz.com\/index.php\/wp-json\/wp\/v2\/tags?post=19424"}],"curies":[{"name":"wp","href":"https:\/\/api.w.org\/{rel}","templated":true}]}}