{"id":19416,"date":"2023-10-13T01:49:24","date_gmt":"2023-10-13T06:49:24","guid":{"rendered":"https:\/\/noticiasveracruz.com\/?p=19416"},"modified":"2023-10-13T01:49:24","modified_gmt":"2023-10-13T06:49:24","slug":"miembros-del-banco-mundial-buscaran-un-mundo-libre-de-pobreza","status":"publish","type":"post","link":"https:\/\/noticiasveracruz.com\/index.php\/2023\/10\/13\/miembros-del-banco-mundial-buscaran-un-mundo-libre-de-pobreza\/","title":{"rendered":"Miembros del Banco Mundial buscar\u00e1n \u201cun mundo libre de pobreza\u201d"},"content":{"rendered":"<p><span style=\"font-size: 14pt;\">Los accionistas del Banco Mundial (BM) aprobaron el jueves nuevas reformas y una nueva declaraci\u00f3n de visi\u00f3n que compromete al banco a trabajar por \u201cun mundo libre de pobreza en un planeta habitable\u201d, declar\u00f3 la ministra de Desarrollo alemana, Svenja Schulze.<\/span><\/p>\n<p><img loading=\"lazy\" decoding=\"async\" class=\"alignnone size-medium wp-image-19418\" src=\"http:\/\/noticiasveracruz.com\/wp-content\/uploads\/2023\/10\/banco-mundial-300x225.jpg\" alt=\"\" width=\"300\" height=\"225\" srcset=\"https:\/\/noticiasveracruz.com\/wp-content\/uploads\/2023\/10\/banco-mundial-300x225.jpg 300w, https:\/\/noticiasveracruz.com\/wp-content\/uploads\/2023\/10\/banco-mundial-1024x768.jpg 1024w, https:\/\/noticiasveracruz.com\/wp-content\/uploads\/2023\/10\/banco-mundial-768x576.jpg 768w, https:\/\/noticiasveracruz.com\/wp-content\/uploads\/2023\/10\/banco-mundial-1536x1152.jpg 1536w, https:\/\/noticiasveracruz.com\/wp-content\/uploads\/2023\/10\/banco-mundial-2048x1536.jpg 2048w\" sizes=\"auto, (max-width: 300px) 100vw, 300px\" \/><\/p>\n<p><span style=\"font-size: 14pt;\">Schulze afirm\u00f3 en un comunicado que el Comit\u00e9 de Desarrollo del organismo hab\u00eda acordado lo que calific\u00f3 de \u201creformas ambiciosas\u201d que conducir\u00edan a m\u00e1s inversiones en acci\u00f3n por el clima, e iniciar\u00edan cl\u00e1usulas que permitir\u00edan a los pa\u00edses suspender temporalmente los pagos de la deuda en caso de cat\u00e1strofe natural.<\/span><\/p>\n","protected":false},"excerpt":{"rendered":"<p>Los accionistas del Banco Mundial (BM) aprobaron el jueves nuevas reformas y una nueva declaraci\u00f3n de visi\u00f3n que compromete al<\/p>\n","protected":false},"author":4,"featured_media":19417,"comment_status":"closed","ping_status":"closed","sticky":false,"template":"","format":"standard","meta":{"colormag_page_container_layout":"default_layout","colormag_page_sidebar_layout":"default_layout","_jetpack_memberships_contains_paid_content":false,"footnotes":"","jetpack_publicize_message":"","jetpack_publicize_feature_enabled":true,"jetpack_social_post_already_shared":true,"jetpack_social_options":{"image_generator_settings":{"template":"highway","default_image_id":0,"font":"","enabled":false},"version":2}},"categories":[355],"tags":[],"class_list":["post-19416","post","type-post","status-publish","format-standard","has-post-thumbnail","hentry","category-internacional"],"jetpack_publicize_connections":[],"jetpack_featured_media_url":"https:\/\/noticiasveracruz.com\/wp-content\/uploads\/2023\/10\/banco.jpeg","jetpack_sharing_enabled":true,"publishpress_future_action":{"enabled":false,"date":"2026-05-07 06:08:49","action":"change-status","newStatus":"draft","terms":[],"taxonomy":"category","extraData":[]},"publishpress_future_workflow_manual_trigger":{"enabledWorkflows":[]},"_links":{"self":[{"href":"https:\/\/noticiasveracruz.com\/index.php\/wp-json\/wp\/v2\/posts\/19416","targetHints":{"allow":["GET"]}}],"collection":[{"href":"https:\/\/noticiasveracruz.com\/index.php\/wp-json\/wp\/v2\/posts"}],"about":[{"href":"https:\/\/noticiasveracruz.com\/index.php\/wp-json\/wp\/v2\/types\/post"}],"author":[{"embeddable":true,"href":"https:\/\/noticiasveracruz.com\/index.php\/wp-json\/wp\/v2\/users\/4"}],"replies":[{"embeddable":true,"href":"https:\/\/noticiasveracruz.com\/index.php\/wp-json\/wp\/v2\/comments?post=19416"}],"version-history":[{"count":0,"href":"https:\/\/noticiasveracruz.com\/index.php\/wp-json\/wp\/v2\/posts\/19416\/revisions"}],"wp:featuredmedia":[{"embeddable":true,"href":"https:\/\/noticiasveracruz.com\/index.php\/wp-json\/wp\/v2\/media\/19417"}],"wp:attachment":[{"href":"https:\/\/noticiasveracruz.com\/index.php\/wp-json\/wp\/v2\/media?parent=19416"}],"wp:term":[{"taxonomy":"category","embeddable":true,"href":"https:\/\/noticiasveracruz.com\/index.php\/wp-json\/wp\/v2\/categories?post=19416"},{"taxonomy":"post_tag","embeddable":true,"href":"https:\/\/noticiasveracruz.com\/index.php\/wp-json\/wp\/v2\/tags?post=19416"}],"curies":[{"name":"wp","href":"https:\/\/api.w.org\/{rel}","templated":true}]}}