{"id":19412,"date":"2023-10-13T01:43:53","date_gmt":"2023-10-13T06:43:53","guid":{"rendered":"https:\/\/noticiasveracruz.com\/?p=19412"},"modified":"2023-10-13T01:43:53","modified_gmt":"2023-10-13T06:43:53","slug":"cnhj-de-morena-no-puede-ser-omisa-a-denuncia-ebrard","status":"publish","type":"post","link":"https:\/\/noticiasveracruz.com\/index.php\/2023\/10\/13\/cnhj-de-morena-no-puede-ser-omisa-a-denuncia-ebrard\/","title":{"rendered":"CNHJ de Morena \u00abno puede ser omisa\u00bb a denuncia: Ebrard"},"content":{"rendered":"<p class=\"western\"><span style=\"font-size: 14pt;\">Marcelo Ebrard, ex aspirante en el proceso interno para definir la Coordinaci\u00f3n nacional de defensa de la Cuarta Transformaci\u00f3n, reiter\u00f3 a la Comisi\u00f3n Nacional de Honestidad y Justicia de Morena (CNHJ) que \u201cnecesitamos defender el futuro de Morena\u201d, y dijo que ese es el punto central de la queja que present\u00f3 por presuntas irregularidades en dicha contienda.<\/span><\/p>\n<p class=\"western\"><span style=\"font-size: 14pt;\">Al apuntar que la comisi\u00f3n \u201cno puede ser omisa\u201d ante su denuncia, advirti\u00f3: \u201cSi ustedes admiten las viejas pr\u00e1cticas ahora, habremos aceptado su predominancia en el futuro de nuestro movimiento\u201d.<\/span><\/p>\n<p><img loading=\"lazy\" decoding=\"async\" class=\"alignnone size-medium wp-image-19413\" src=\"http:\/\/noticiasveracruz.com\/wp-content\/uploads\/2023\/10\/ebrardddd-308715426-300x176.jpg\" alt=\"\" width=\"300\" height=\"176\" srcset=\"https:\/\/noticiasveracruz.com\/wp-content\/uploads\/2023\/10\/ebrardddd-308715426-300x176.jpg 300w, https:\/\/noticiasveracruz.com\/wp-content\/uploads\/2023\/10\/ebrardddd-308715426-768x451.jpg 768w, https:\/\/noticiasveracruz.com\/wp-content\/uploads\/2023\/10\/ebrardddd-308715426.jpg 980w\" sizes=\"auto, (max-width: 300px) 100vw, 300px\" \/><\/p>\n<p class=\"western\"><span style=\"font-size: 14pt;\">Ebrard, quien particip\u00f3 en el proceso interno nacional con el que se nombr\u00f3 a Claudia Sheinbaum como Coordinadora nacional de la defensa de la transformaci\u00f3n, present\u00f3 ante la CNHJ un recurso en el que pidi\u00f3 anular y reponer las encuestas con las que se defini\u00f3 este cargo.<\/span><\/p>\n<p class=\"western\"><span style=\"font-size: 14pt;\">Tras ello, la dirigencia de Morena ha informado en diversas ocasiones que como parte del proceso ante este tipo de denuncias, la CNHJ debe abrir un periodo para presentar alegatos y pruebas, adem\u00e1s de convocar a audiencias al quejoso y a la parte acusada, en este caso el Consejo Nacional, el Comit\u00e9 Ejecutivo Nacional y la Comisi\u00f3n de Elecciones del partido guinda.<\/span><\/p>\n<p class=\"western\"><span style=\"font-size: 14pt;\">El lunes, dichas instancias presentaron un informe con sus argumentos ante las acusaciones de Ebrard, quien, a su vez, respondi\u00f3 este jueves a la CNHJ.<\/span><\/p>\n<p class=\"western\"><span style=\"font-size: 14pt;\">Las presuntas irregularidades \u201cno s\u00f3lo afectan los derechos de las personas que participamos y la imparcialidad del proceso, sino que tambi\u00e9n afectan los derechos de los ciudadanos, lesionan el inter\u00e9s p\u00fablico, son contrarias al esp\u00edritu democr\u00e1tico y, sobre todo, son ajenas a los principios del movimiento que anhelamos representar\u201d, expuso en el documento que entreg\u00f3 a la Comisi\u00f3n de justicia partidaria.<\/span><\/p>\n<p class=\"western\"><span style=\"font-size: 14pt;\">Tambi\u00e9n apunt\u00f3 que la cuarta transformaci\u00f3n \u201ctiene como uno de sus principios el respeto irrestricto de la ley\u201d, lo cual, agreg\u00f3, \u201cno s\u00f3lo marca una diferencia con los gobiernos del pasado, sino una nueva forma de gobierno y relaci\u00f3n con la ciudadan\u00eda\u201d, por lo que consider\u00f3 como deber de Morena el prevenir y sancionar cualquier irregularidad.<\/span><\/p>\n","protected":false},"excerpt":{"rendered":"<p>Marcelo Ebrard, ex aspirante en el proceso interno para definir la Coordinaci\u00f3n nacional de defensa de la Cuarta Transformaci\u00f3n, reiter\u00f3<\/p>\n","protected":false},"author":4,"featured_media":19414,"comment_status":"closed","ping_status":"closed","sticky":false,"template":"","format":"standard","meta":{"colormag_page_container_layout":"default_layout","colormag_page_sidebar_layout":"default_layout","_jetpack_memberships_contains_paid_content":false,"footnotes":"","jetpack_publicize_message":"","jetpack_publicize_feature_enabled":true,"jetpack_social_post_already_shared":true,"jetpack_social_options":{"image_generator_settings":{"template":"highway","default_image_id":0,"font":"","enabled":false},"version":2}},"categories":[4],"tags":[],"class_list":["post-19412","post","type-post","status-publish","format-standard","has-post-thumbnail","hentry","category-nacional"],"jetpack_publicize_connections":[],"jetpack_featured_media_url":"https:\/\/noticiasveracruz.com\/wp-content\/uploads\/2023\/10\/WhatsApp-Image-2023-09-11-at-9.53.17-AM.jpeg","jetpack_sharing_enabled":true,"publishpress_future_action":{"enabled":false,"date":"2026-05-07 05:15:34","action":"change-status","newStatus":"draft","terms":[],"taxonomy":"category","extraData":[]},"publishpress_future_workflow_manual_trigger":{"enabledWorkflows":[]},"_links":{"self":[{"href":"https:\/\/noticiasveracruz.com\/index.php\/wp-json\/wp\/v2\/posts\/19412","targetHints":{"allow":["GET"]}}],"collection":[{"href":"https:\/\/noticiasveracruz.com\/index.php\/wp-json\/wp\/v2\/posts"}],"about":[{"href":"https:\/\/noticiasveracruz.com\/index.php\/wp-json\/wp\/v2\/types\/post"}],"author":[{"embeddable":true,"href":"https:\/\/noticiasveracruz.com\/index.php\/wp-json\/wp\/v2\/users\/4"}],"replies":[{"embeddable":true,"href":"https:\/\/noticiasveracruz.com\/index.php\/wp-json\/wp\/v2\/comments?post=19412"}],"version-history":[{"count":0,"href":"https:\/\/noticiasveracruz.com\/index.php\/wp-json\/wp\/v2\/posts\/19412\/revisions"}],"wp:featuredmedia":[{"embeddable":true,"href":"https:\/\/noticiasveracruz.com\/index.php\/wp-json\/wp\/v2\/media\/19414"}],"wp:attachment":[{"href":"https:\/\/noticiasveracruz.com\/index.php\/wp-json\/wp\/v2\/media?parent=19412"}],"wp:term":[{"taxonomy":"category","embeddable":true,"href":"https:\/\/noticiasveracruz.com\/index.php\/wp-json\/wp\/v2\/categories?post=19412"},{"taxonomy":"post_tag","embeddable":true,"href":"https:\/\/noticiasveracruz.com\/index.php\/wp-json\/wp\/v2\/tags?post=19412"}],"curies":[{"name":"wp","href":"https:\/\/api.w.org\/{rel}","templated":true}]}}