{"id":19402,"date":"2023-10-13T01:19:56","date_gmt":"2023-10-13T06:19:56","guid":{"rendered":"https:\/\/noticiasveracruz.com\/?p=19402"},"modified":"2023-10-13T01:19:56","modified_gmt":"2023-10-13T06:19:56","slug":"da-israel-ultimatum-a-mas-de-1-millon-de-palestinos-en-norte-de-gaza","status":"publish","type":"post","link":"https:\/\/noticiasveracruz.com\/index.php\/2023\/10\/13\/da-israel-ultimatum-a-mas-de-1-millon-de-palestinos-en-norte-de-gaza\/","title":{"rendered":"Da Israel ultim\u00e1tum a m\u00e1s de 1 mill\u00f3n de palestinos en norte de Gaza"},"content":{"rendered":"<p><span style=\"font-size: 14pt;\">Israel exigi\u00f3 que m\u00e1s de un mill\u00f3n de personas salgan del norte de Gaza, incluido el personal de la Organizaci\u00f3n de Naciones Unidas, en las siguientes 24 horas, lo que gener\u00f3 temores de que una operaci\u00f3n terrestre israel\u00ed sea inminente, inform\u00f3 Al Jazeera.<\/span><\/p>\n<p><img loading=\"lazy\" decoding=\"async\" class=\"alignnone size-medium wp-image-19404\" src=\"http:\/\/noticiasveracruz.com\/wp-content\/uploads\/2023\/10\/guerra-entre-israel-y-hamas-4.r_d.3652-1623-2162-300x168.jpeg\" alt=\"\" width=\"300\" height=\"168\" srcset=\"https:\/\/noticiasveracruz.com\/wp-content\/uploads\/2023\/10\/guerra-entre-israel-y-hamas-4.r_d.3652-1623-2162-300x168.jpeg 300w, https:\/\/noticiasveracruz.com\/wp-content\/uploads\/2023\/10\/guerra-entre-israel-y-hamas-4.r_d.3652-1623-2162-768x431.jpeg 768w, https:\/\/noticiasveracruz.com\/wp-content\/uploads\/2023\/10\/guerra-entre-israel-y-hamas-4.r_d.3652-1623-2162-800x445.jpeg 800w, https:\/\/noticiasveracruz.com\/wp-content\/uploads\/2023\/10\/guerra-entre-israel-y-hamas-4.r_d.3652-1623-2162.jpeg 990w\" sizes=\"auto, (max-width: 300px) 100vw, 300px\" \/><\/p>\n<p><span style=\"font-size: 14pt;\">En lo que la televisora catar\u00ed describi\u00f3 como una ominosa advertencia del ej\u00e9rcito israel\u00ed, y en la que cit\u00f3 a la agencia de noticias Reuters, el mando militar de Israel dijo a la ONU que todos los palestinos al norte de Gaza, deben reubicarse al sur del enclave en las pr\u00f3ximas 24 horas.<\/span><\/p>\n<p><span style=\"font-size: 14pt;\">St\u00e9phane Dujarric, portavoz de la ONU, dijo que la demanda abarca a 1.1 millones de personas, aproximadamente la mitad de la poblaci\u00f3n de Gaza, y se\u00f1al\u00f3 que el organismo mundial hizo un en\u00e9rgico llamamiento para que se rescinda la orden.<\/span><\/p>\n<p><span style=\"font-size: 14pt;\">\u00abLas Naciones Unidas consideran imposible que tal movimiento tenga lugar sin consecuencias humanitarias devastadoras\u00bb, afirm\u00f3 Dujarric, quien alert\u00f3 que la orden podr\u00eda \u201ctransformar lo que ya es una tragedia en una situaci\u00f3n calamitosa\u201d.<\/span><\/p>\n","protected":false},"excerpt":{"rendered":"<p>Israel exigi\u00f3 que m\u00e1s de un mill\u00f3n de personas salgan del norte de Gaza, incluido el personal de la Organizaci\u00f3n<\/p>\n","protected":false},"author":4,"featured_media":19403,"comment_status":"closed","ping_status":"closed","sticky":false,"template":"","format":"standard","meta":{"colormag_page_container_layout":"default_layout","colormag_page_sidebar_layout":"default_layout","_jetpack_memberships_contains_paid_content":false,"footnotes":"","jetpack_publicize_message":"","jetpack_publicize_feature_enabled":true,"jetpack_social_post_already_shared":true,"jetpack_social_options":{"image_generator_settings":{"template":"highway","default_image_id":0,"font":"","enabled":false},"version":2}},"categories":[355],"tags":[],"class_list":["post-19402","post","type-post","status-publish","format-standard","has-post-thumbnail","hentry","category-internacional"],"jetpack_publicize_connections":[],"jetpack_featured_media_url":"https:\/\/noticiasveracruz.com\/wp-content\/uploads\/2023\/10\/65242632c2344_950_534.jpg","jetpack_sharing_enabled":true,"publishpress_future_action":{"enabled":false,"date":"2026-05-07 02:42:11","action":"change-status","newStatus":"draft","terms":[],"taxonomy":"category","extraData":[]},"publishpress_future_workflow_manual_trigger":{"enabledWorkflows":[]},"_links":{"self":[{"href":"https:\/\/noticiasveracruz.com\/index.php\/wp-json\/wp\/v2\/posts\/19402","targetHints":{"allow":["GET"]}}],"collection":[{"href":"https:\/\/noticiasveracruz.com\/index.php\/wp-json\/wp\/v2\/posts"}],"about":[{"href":"https:\/\/noticiasveracruz.com\/index.php\/wp-json\/wp\/v2\/types\/post"}],"author":[{"embeddable":true,"href":"https:\/\/noticiasveracruz.com\/index.php\/wp-json\/wp\/v2\/users\/4"}],"replies":[{"embeddable":true,"href":"https:\/\/noticiasveracruz.com\/index.php\/wp-json\/wp\/v2\/comments?post=19402"}],"version-history":[{"count":0,"href":"https:\/\/noticiasveracruz.com\/index.php\/wp-json\/wp\/v2\/posts\/19402\/revisions"}],"wp:featuredmedia":[{"embeddable":true,"href":"https:\/\/noticiasveracruz.com\/index.php\/wp-json\/wp\/v2\/media\/19403"}],"wp:attachment":[{"href":"https:\/\/noticiasveracruz.com\/index.php\/wp-json\/wp\/v2\/media?parent=19402"}],"wp:term":[{"taxonomy":"category","embeddable":true,"href":"https:\/\/noticiasveracruz.com\/index.php\/wp-json\/wp\/v2\/categories?post=19402"},{"taxonomy":"post_tag","embeddable":true,"href":"https:\/\/noticiasveracruz.com\/index.php\/wp-json\/wp\/v2\/tags?post=19402"}],"curies":[{"name":"wp","href":"https:\/\/api.w.org\/{rel}","templated":true}]}}