{"id":19381,"date":"2023-10-12T18:10:23","date_gmt":"2023-10-12T23:10:23","guid":{"rendered":"https:\/\/noticiasveracruz.com\/?p=19381"},"modified":"2023-10-12T18:10:23","modified_gmt":"2023-10-12T23:10:23","slug":"mas-familias-tuxpenas-beneficiadas-con-la-jornada-de-salud-visual","status":"publish","type":"post","link":"https:\/\/noticiasveracruz.com\/index.php\/2023\/10\/12\/mas-familias-tuxpenas-beneficiadas-con-la-jornada-de-salud-visual\/","title":{"rendered":"M\u00e1s familias tuxpe\u00f1as beneficiadas con la Jornada de Salud Visual"},"content":{"rendered":"<p><span style=\"font-size: 14pt;\">Tuxpan, Ver.- Con el fin de preservar la salud de las familias tuxpe\u00f1as, se realiz\u00f3 una nueva jornada de salud visual en la planta baja de Presidencia Municipal.<\/span><\/p>\n<p><span style=\"font-size: 14pt;\">La sindicatura \u00fanica del Ayuntamiento de Tuxpan y el Grupo \u00d3ptico del Totonacapan suman esfuerzos para llevar a cabo esta campa\u00f1a en beneficio de quienes m\u00e1s lo necesitan.<\/span><\/p>\n<p><img loading=\"lazy\" decoding=\"async\" class=\"alignnone size-medium wp-image-19385\" src=\"http:\/\/noticiasveracruz.com\/wp-content\/uploads\/2023\/10\/WhatsApp-Image-2023-10-12-at-16.12.53-300x199.jpeg\" alt=\"\" width=\"300\" height=\"199\" srcset=\"https:\/\/noticiasveracruz.com\/wp-content\/uploads\/2023\/10\/WhatsApp-Image-2023-10-12-at-16.12.53-300x199.jpeg 300w, https:\/\/noticiasveracruz.com\/wp-content\/uploads\/2023\/10\/WhatsApp-Image-2023-10-12-at-16.12.53-1024x681.jpeg 1024w, https:\/\/noticiasveracruz.com\/wp-content\/uploads\/2023\/10\/WhatsApp-Image-2023-10-12-at-16.12.53-768x511.jpeg 768w, https:\/\/noticiasveracruz.com\/wp-content\/uploads\/2023\/10\/WhatsApp-Image-2023-10-12-at-16.12.53.jpeg 1280w\" sizes=\"auto, (max-width: 300px) 100vw, 300px\" \/><\/p>\n<p><span style=\"font-size: 14pt;\">Especialistas en oftalmolog\u00eda practicaron gratuitamente valoraciones visuales para detectar problemas de visi\u00f3n y, en su caso, brindar ayudas funcionales para corregir oportunamente estas deficiencias; tal es el caso de la adquisici\u00f3n de lentes a bajo costo con una gran variedad de armazones.<\/span><\/p>\n<p><img loading=\"lazy\" decoding=\"async\" class=\"alignnone size-medium wp-image-19382\" src=\"http:\/\/noticiasveracruz.com\/wp-content\/uploads\/2023\/10\/WhatsApp-Image-2023-10-12-at-16.12.521-300x199.jpeg\" alt=\"\" width=\"300\" height=\"199\" srcset=\"https:\/\/noticiasveracruz.com\/wp-content\/uploads\/2023\/10\/WhatsApp-Image-2023-10-12-at-16.12.521-300x199.jpeg 300w, https:\/\/noticiasveracruz.com\/wp-content\/uploads\/2023\/10\/WhatsApp-Image-2023-10-12-at-16.12.521-1024x681.jpeg 1024w, https:\/\/noticiasveracruz.com\/wp-content\/uploads\/2023\/10\/WhatsApp-Image-2023-10-12-at-16.12.521-768x511.jpeg 768w, https:\/\/noticiasveracruz.com\/wp-content\/uploads\/2023\/10\/WhatsApp-Image-2023-10-12-at-16.12.521.jpeg 1280w\" sizes=\"auto, (max-width: 300px) 100vw, 300px\" \/><\/p>\n<p><span style=\"font-size: 14pt;\">La s\u00edndica, Mtra. Beatriz Pi\u00f1a Vergara se\u00f1al\u00f3 que a trav\u00e9s de esta jornada se busca fomentar una cultura de prevenci\u00f3n y autocuidado de la salud visual, ya que mientras m\u00e1s tiempo pase la persona sin atenderse el da\u00f1o puede incrementar, llegando incluso a ser irreversible.<\/span><\/p>\n<p><img loading=\"lazy\" decoding=\"async\" class=\"alignnone size-medium wp-image-19384\" src=\"http:\/\/noticiasveracruz.com\/wp-content\/uploads\/2023\/10\/WhatsApp-Image-2023-10-12-at-16.12.52-300x199.jpeg\" alt=\"\" width=\"300\" height=\"199\" srcset=\"https:\/\/noticiasveracruz.com\/wp-content\/uploads\/2023\/10\/WhatsApp-Image-2023-10-12-at-16.12.52-300x199.jpeg 300w, https:\/\/noticiasveracruz.com\/wp-content\/uploads\/2023\/10\/WhatsApp-Image-2023-10-12-at-16.12.52-1024x681.jpeg 1024w, https:\/\/noticiasveracruz.com\/wp-content\/uploads\/2023\/10\/WhatsApp-Image-2023-10-12-at-16.12.52-768x511.jpeg 768w, https:\/\/noticiasveracruz.com\/wp-content\/uploads\/2023\/10\/WhatsApp-Image-2023-10-12-at-16.12.52.jpeg 1280w\" sizes=\"auto, (max-width: 300px) 100vw, 300px\" \/><\/p>\n<p><span style=\"font-size: 14pt;\">Con estas acciones se cumple el compromiso de la Sindicatura \u00danica y del Gobierno Municipal de Tuxpan, que encabeza el Lic. Jos\u00e9 Manuel Pozos Castro, de atender las necesidades de la poblaci\u00f3n, impulsando una vida plena y saludable.<\/span><\/p>\n","protected":false},"excerpt":{"rendered":"<p>Tuxpan, Ver.- Con el fin de preservar la salud de las familias tuxpe\u00f1as, se realiz\u00f3 una nueva jornada de salud<\/p>\n","protected":false},"author":4,"featured_media":19383,"comment_status":"closed","ping_status":"closed","sticky":false,"template":"","format":"standard","meta":{"colormag_page_container_layout":"default_layout","colormag_page_sidebar_layout":"default_layout","_jetpack_memberships_contains_paid_content":false,"footnotes":"","jetpack_publicize_message":"","jetpack_publicize_feature_enabled":true,"jetpack_social_post_already_shared":true,"jetpack_social_options":{"image_generator_settings":{"template":"highway","default_image_id":0,"font":"","enabled":false},"version":2}},"categories":[145],"tags":[],"class_list":["post-19381","post","type-post","status-publish","format-standard","has-post-thumbnail","hentry","category-estados"],"jetpack_publicize_connections":[],"jetpack_featured_media_url":"https:\/\/noticiasveracruz.com\/wp-content\/uploads\/2023\/10\/WhatsApp-Image-2023-10-12-at-16.12.522.jpeg","jetpack_sharing_enabled":true,"publishpress_future_action":{"enabled":false,"date":"2026-05-07 03:33:12","action":"change-status","newStatus":"draft","terms":[],"taxonomy":"category","extraData":[]},"publishpress_future_workflow_manual_trigger":{"enabledWorkflows":[]},"_links":{"self":[{"href":"https:\/\/noticiasveracruz.com\/index.php\/wp-json\/wp\/v2\/posts\/19381","targetHints":{"allow":["GET"]}}],"collection":[{"href":"https:\/\/noticiasveracruz.com\/index.php\/wp-json\/wp\/v2\/posts"}],"about":[{"href":"https:\/\/noticiasveracruz.com\/index.php\/wp-json\/wp\/v2\/types\/post"}],"author":[{"embeddable":true,"href":"https:\/\/noticiasveracruz.com\/index.php\/wp-json\/wp\/v2\/users\/4"}],"replies":[{"embeddable":true,"href":"https:\/\/noticiasveracruz.com\/index.php\/wp-json\/wp\/v2\/comments?post=19381"}],"version-history":[{"count":0,"href":"https:\/\/noticiasveracruz.com\/index.php\/wp-json\/wp\/v2\/posts\/19381\/revisions"}],"wp:featuredmedia":[{"embeddable":true,"href":"https:\/\/noticiasveracruz.com\/index.php\/wp-json\/wp\/v2\/media\/19383"}],"wp:attachment":[{"href":"https:\/\/noticiasveracruz.com\/index.php\/wp-json\/wp\/v2\/media?parent=19381"}],"wp:term":[{"taxonomy":"category","embeddable":true,"href":"https:\/\/noticiasveracruz.com\/index.php\/wp-json\/wp\/v2\/categories?post=19381"},{"taxonomy":"post_tag","embeddable":true,"href":"https:\/\/noticiasveracruz.com\/index.php\/wp-json\/wp\/v2\/tags?post=19381"}],"curies":[{"name":"wp","href":"https:\/\/api.w.org\/{rel}","templated":true}]}}